{"id":1165,"date":"2021-03-16T21:13:29","date_gmt":"2021-03-16T20:13:29","guid":{"rendered":"https:\/\/www.incatrek-ecuador.com\/blog\/?p=1165"},"modified":"2024-04-01T21:25:10","modified_gmt":"2024-04-01T19:25:10","slug":"legendes-dequateur-2-les-mythes-et-contes-folkloriques-dequateur","status":"publish","type":"post","link":"https:\/\/www.incatrek-ecuador.com\/blog\/legendes-dequateur-2-les-mythes-et-contes-folkloriques-dequateur\/","title":{"rendered":"L\u00e9gendes d&#8217;\u00c9quateur #2 &#8211; Les mythes et contes folkloriques d&#8217;\u00c9quateur"},"content":{"rendered":"<h1>L&#8217;\u00c9quateur, un pays \u00e0 la culture riche et diverse, source de nombreuses l\u00e9gendes<\/h1>\n<p>L&#8217;\u00c9quateur est un pays qui regorge de cultures diff\u00e9rentes, et chacune de ses r\u00e9gions reste tr\u00e8s fortement attach\u00e9e \u00e0 ses origines et traditions.\u00a0Ce m\u00e9lange de cultures a donn\u00e9 naissance \u00e0 une quantit\u00e9 impressionnante d&#8217;histoires impr\u00e9gn\u00e9es de mythologie inca et coloniale, qui forment une mythologie des plus intrigantes, \u00e0 laquelle participe chaque village.<\/p>\n<p>Certains de\u00a0ces contes ont donn\u00e9 naissance \u00e0 des festivals (la Diablada de pillaro par exemple, ou la Mama Negra, \u00e0 d\u00e9couvrir dans <a href=\"https:\/\/www.incatrek-ecuador.com\/lequateur\/evenements-culturels-voyage-equateur\/\">notre calendrier des \u00e9v\u00e8nements culturels\u00a0<\/a>), et d&#8217;autres servent \u00e0 faire frissonner les plus jeunes afin de les\u00a0tranquilliser le soir venu!<\/p>\n<p>Nous vous proposons la <em><strong>premi\u00e8re partie d&#8217;une belle collection des des mythes et l\u00e9gendes<\/strong> <\/em>encore bien connus de tous les \u00e9quatoriens aujourd&#8217;hui!<\/p>\n<h2>Les mythes et l\u00e9gendes d&#8217;\u00c9quateur<\/h2>\n<h3><strong>Cantu\u00f1a et son pacte avec le diable<\/strong><\/h3>\n<p>Cantu\u00f1a \u00e9tait une figure indienne embl\u00e9matique ayant v\u00e9cu durant l&#8217;\u00e9poque coloniale, et qui fut charg\u00e9 de la construction de l&#8217;atrium de l&#8217;\u00c9glise San Francisco de Quito.<\/p>\n<figure id=\"attachment_1169\" aria-describedby=\"caption-attachment-1169\" style=\"width: 286px\" class=\"wp-caption alignright\"><img fetchpriority=\"high\" decoding=\"async\" class=\"size-medium wp-image-1169\" src=\"https:\/\/www.incatrek-ecuador.com\/blog\/wp-content\/uploads\/2021\/03\/cantuna_legende_equateur-286x300.png\" alt=\"Cantu\u00f1a. l\u00e9gende indienne d'\u00c9quateur\" width=\"286\" height=\"300\" srcset=\"https:\/\/www.incatrek-ecuador.com\/blog\/wp-content\/uploads\/2021\/03\/cantuna_legende_equateur-286x300.png 286w, https:\/\/www.incatrek-ecuador.com\/blog\/wp-content\/uploads\/2021\/03\/cantuna_legende_equateur-370x389.png 370w, https:\/\/www.incatrek-ecuador.com\/blog\/wp-content\/uploads\/2021\/03\/cantuna_legende_equateur-570x599.png 570w, https:\/\/www.incatrek-ecuador.com\/blog\/wp-content\/uploads\/2021\/03\/cantuna_legende_equateur-552x580.png 552w, https:\/\/www.incatrek-ecuador.com\/blog\/wp-content\/uploads\/2021\/03\/cantuna_legende_equateur.png 600w\" sizes=\"(max-width: 286px) 100vw, 286px\" \/><figcaption id=\"caption-attachment-1169\" class=\"wp-caption-text\">Cantu\u00f1a. l\u00e9gende indienne d&#8217;\u00c9quateur<\/figcaption><\/figure>\n<p>En \u00e9change de son engagement \u00e0 terminer rapidement cette oeuvre majeure, en moins de 6 mois, Cantu\u00f1a re\u00e7ut la promesse d&#8217;un excellent paiement. Affol\u00e9 par le manque\u00a0de progression de son oeuvre, l&#8217;on dit que Cantu\u00f1a prit alors la d\u00e9cision de vendre son \u00e2me au diable afin que toutes les pierres de l&#8217;atrium soient pos\u00e9es \u00e0 temps.<\/p>\n<p>Suite \u00e0 ce pacte scell\u00e9 avec Lucifer, de nombreux petits d\u00e9mons firent leur apparition pour travailler sur la construction la nuit tomb\u00e9e. Voyant que l&#8217;oeuvre allait effectivement se terminer dans les temps gr\u00e2ce \u00e0 cette aide d\u00e9moniaque, Cantu\u00f1a prit peur pour son \u00e2me. Il d\u00e9cida alors de tromper le Diable lui-m\u00eame, en cachant l&#8217;une des pierres de la construction.<\/p>\n<p>Lorsque Lucifer vint r\u00e9clamer son d\u00fb, Cantu\u00f1a pointa du doigt l&#8217;oeuvre incompl\u00e8te. Lucifer, furieux d&#8217;avoir \u00e9t\u00e9 roul\u00e9 dans la farine par un simple mortel, repartit en enfer les mains vides!<\/p>\n<h3>La\u00a0girouette de la\u00a0cath\u00e9drale de Quito<\/h3>\n<figure id=\"attachment_1171\" aria-describedby=\"caption-attachment-1171\" style=\"width: 300px\" class=\"wp-caption alignleft\"><img decoding=\"async\" class=\"wp-image-1171 size-medium\" src=\"https:\/\/www.incatrek-ecuador.com\/blog\/wp-content\/uploads\/2021\/03\/legendes-dequateur-la-girouette-cathedrale-300x225.jpeg\" alt=\"L\u00e9gendes d'\u00c9quateur - la girouette de la cath\u00e9drale de Quito\" width=\"300\" height=\"225\" srcset=\"https:\/\/www.incatrek-ecuador.com\/blog\/wp-content\/uploads\/2021\/03\/legendes-dequateur-la-girouette-cathedrale-300x225.jpeg 300w, https:\/\/www.incatrek-ecuador.com\/blog\/wp-content\/uploads\/2021\/03\/legendes-dequateur-la-girouette-cathedrale-370x278.jpeg 370w, https:\/\/www.incatrek-ecuador.com\/blog\/wp-content\/uploads\/2021\/03\/legendes-dequateur-la-girouette-cathedrale.jpeg 480w\" sizes=\"(max-width: 300px) 100vw, 300px\" \/><figcaption id=\"caption-attachment-1171\" class=\"wp-caption-text\">L\u00e9gendes d&#8217;\u00c9quateur &#8211; la girouette de la cath\u00e9drale de Quito<\/figcaption><\/figure>\n<p>Durant l&#8217;\u00e8re coloniale de Quito, un puissant et riche\u00a0homme habitait la ville, dont la fortune n&#8217;avait d&#8217;\u00e9gal que son orgueil et sa suffisance. Il n&#8217;h\u00e9sitait pas \u00e0 insulter et critiquer tous ceux qui croisaient son chemin, comme il se croyait l&#8217;homme le plus important du monde.<\/p>\n<p>Son arrogance et irrespect envers les gens \u00e9tait tel qu&#8217;un jour, rentrant ivre chez lui, il s&#8217;arr\u00eata face \u00e0\u00a0la majestueuse girouette en forme de coq de la cath\u00e9drale de Quito. Il l&#8217;observa quelques instants et des insultes sortirent de sa bouche &#8220;Ce coq est path\u00e9tique&#8221; &#8220;Quelle blague ce coq ridicule&#8221; &#8220;On dirait plus un\u00a0minuscule coq qu&#8217;autre chose&#8221;!<\/p>\n<p>A la stupeur de l&#8217;homme, le coq prit alors vie et\u00a0sortit de la girouette, l&#8217;attaquant f\u00e9rocement. Le malheureux fut bless\u00e9 de toute part avant que le coq ne\u00a0retourna \u00e0 sa position originelle.<\/p>\n<p>Le matin suivant, l&#8217;homme se r\u00e9veilla avec des blessures et du sang sur tout le corps. Il ne sut jamais dire s&#8217;il fut vraiment attaqu\u00e9 par le coq ou si tout fut le fruit de son imagination alcoolis\u00e9e, mais depuis ce jour, il ne passa plus jamais devant la cath\u00e9drale et n&#8217;ouvrit plus jamais son bec pour humilier autrui!<\/p>\n<h3>La\u00a0demoiselle de Pumapungo<\/h3>\n<p>Pumapungo, situ\u00e9 \u00e0 Cuenca, constituait l&#8217;un des temples et centres de d\u00e9tente favoris des empereurs Incas.\u00a0 La d\u00e9coration des lieux \u00e9tait \u00e9blouissante, et il est encore possible aujourd&#8217;hui d&#8217;en parcourir les ruines. Une source sacr\u00e9e courait sous les lieux, dont seuls les empereurs avaient le droit de profiter \u00e0 l&#8217;\u00e9poque.<\/p>\n<figure id=\"attachment_1170\" aria-describedby=\"caption-attachment-1170\" style=\"width: 300px\" class=\"wp-caption alignright\"><img decoding=\"async\" class=\"size-medium wp-image-1170\" src=\"https:\/\/www.incatrek-ecuador.com\/blog\/wp-content\/uploads\/2021\/03\/legendes_equateur_doncella_pumapungo-300x169.jpeg\" alt=\"L\u00e9gendes d'\u00c9quateur - La demoiselle de Pumapungo\" width=\"300\" height=\"169\" srcset=\"https:\/\/www.incatrek-ecuador.com\/blog\/wp-content\/uploads\/2021\/03\/legendes_equateur_doncella_pumapungo-300x169.jpeg 300w, https:\/\/www.incatrek-ecuador.com\/blog\/wp-content\/uploads\/2021\/03\/legendes_equateur_doncella_pumapungo-768x432.jpeg 768w, https:\/\/www.incatrek-ecuador.com\/blog\/wp-content\/uploads\/2021\/03\/legendes_equateur_doncella_pumapungo-1024x576.jpeg 1024w, https:\/\/www.incatrek-ecuador.com\/blog\/wp-content\/uploads\/2021\/03\/legendes_equateur_doncella_pumapungo-370x208.jpeg 370w, https:\/\/www.incatrek-ecuador.com\/blog\/wp-content\/uploads\/2021\/03\/legendes_equateur_doncella_pumapungo-570x321.jpeg 570w, https:\/\/www.incatrek-ecuador.com\/blog\/wp-content\/uploads\/2021\/03\/legendes_equateur_doncella_pumapungo-770x433.jpeg 770w, https:\/\/www.incatrek-ecuador.com\/blog\/wp-content\/uploads\/2021\/03\/legendes_equateur_doncella_pumapungo-1170x658.jpeg 1170w, https:\/\/www.incatrek-ecuador.com\/blog\/wp-content\/uploads\/2021\/03\/legendes_equateur_doncella_pumapungo-1031x580.jpeg 1031w, https:\/\/www.incatrek-ecuador.com\/blog\/wp-content\/uploads\/2021\/03\/legendes_equateur_doncella_pumapungo.jpeg 1280w\" sizes=\"(max-width: 300px) 100vw, 300px\" \/><figcaption id=\"caption-attachment-1170\" class=\"wp-caption-text\">L\u00e9gendes d&#8217;\u00c9quateur &#8211; La demoiselle de Pumapungo<\/figcaption><\/figure>\n<p>Sur place se trouvaient des jeunes filles\/demoiselles (&#8220;Doncellas&#8221;), connues comme les Vierges du Soleil, qui apprenaient depuis leur plus jeune \u00e2ge des habilit\u00e9s artistiques destin\u00e9es \u00e0 amuser les Empereurs.<\/p>\n<p>L&#8217;une de ces Vierges du Soleil de Pumapungo, Nina, tomba amoureuse de l&#8217;un des pr\u00eatres du temple, bien que cela \u00e9tait interdit. Le couple hors-la-loi se r\u00e9unissait durant les nuits de pleine lune dans les jardins. Lorsque l&#8217;Empereur apprit la nouvelle, il fit executer le pr\u00eatre, mais fit en sorte que Nina ne soit pas inform\u00e9e de la mort de son amant. La jeune fille, voyant que son amoureux ne se rendait plus \u00e0 leurs rendez-vous, mourut de peine.<\/p>\n<p>L&#8217;on dit que jusqu&#8217;\u00e0 aujourd&#8217;hui, durant les nuits de pleine lune, il est encore possible d&#8217;entendre les lamentations de Nina dans les ruines du temple.<\/p>\n<h3>Le\u00a0Guagua Auca<\/h3>\n<figure id=\"attachment_1172\" aria-describedby=\"caption-attachment-1172\" style=\"width: 300px\" class=\"wp-caption alignleft\"><img loading=\"lazy\" decoding=\"async\" class=\"size-medium wp-image-1172\" src=\"https:\/\/www.incatrek-ecuador.com\/blog\/wp-content\/uploads\/2021\/03\/guagua_auca_legende_equateur-300x225.jpeg\" alt=\"Le guagua auca, l\u00e9gende terrifiante d'\u00c9quateur\" width=\"300\" height=\"225\" srcset=\"https:\/\/www.incatrek-ecuador.com\/blog\/wp-content\/uploads\/2021\/03\/guagua_auca_legende_equateur-300x225.jpeg 300w, https:\/\/www.incatrek-ecuador.com\/blog\/wp-content\/uploads\/2021\/03\/guagua_auca_legende_equateur-370x278.jpeg 370w, https:\/\/www.incatrek-ecuador.com\/blog\/wp-content\/uploads\/2021\/03\/guagua_auca_legende_equateur.jpeg 480w\" sizes=\"(max-width: 300px) 100vw, 300px\" \/><figcaption id=\"caption-attachment-1172\" class=\"wp-caption-text\">Le guagua auca, l\u00e9gende terrifiante d&#8217;\u00c9quateur<\/figcaption><\/figure>\n<p>La l\u00e9gende dit que le Guagua (enfant en Kichwa) Auca est un d\u00e9mon cr\u00e9\u00e9 \u00e0 partir de l&#8217;\u00e2me d&#8217;un enfant qui est n\u00e9 et d\u00e9c\u00e9d\u00e9 sans avoir \u00e9t\u00e9 baptis\u00e9. Cet \u00eatre effrayant terrorise les passants sur les routes tard le soir. Il les interpelle au travers d&#8217;un cri aigu et persistant qui d\u00e9sesp\u00e8re quiconque l&#8217;entend.<\/p>\n<p>Ceux qui se mettent \u00e0 chercher l&#8217;origine du cri, finissent par trouver ce qui semble \u00eatre un enfant envelopp\u00e9 dans un drap. Quelques instants plus tard, les malheureux d\u00e9couvrent avec stupefaction que la physionomie de l&#8217;enfant se transforme en ce qui est en r\u00e9alit\u00e9 un d\u00e9mon blotti dans leurs bras.<\/p>\n<p>L&#8217;on raconte que de nombreuses malheureuses victimes ont \u00e9t\u00e9 retrouv\u00e9es au bord des routes les yeux \u00e9carquill\u00e9s et la bouche remplie de mousse.<\/p>\n<p>&nbsp;<\/p>\n<h3>L&#8217;origine des Ca\u00f1aris<\/h3>\n<p>Les ca\u00f1aris \u00e9taient une ethnie ancienne d&#8217;\u00c9quateur, pr\u00e9sente dans les actuelles provinces d&#8217;Azuay et de Ca\u00f1ar. Le mot ca\u00f1ari provient des descendants de la couleuvre et de la guacamaya (esp\u00e8ce de toucan), ce qui nous donne quelques indications sur la l\u00e9gende qui entourent ses origines.<\/p>\n<figure id=\"attachment_1173\" aria-describedby=\"caption-attachment-1173\" style=\"width: 277px\" class=\"wp-caption alignright\"><img loading=\"lazy\" decoding=\"async\" class=\"wp-image-1173 size-full\" src=\"https:\/\/www.incatrek-ecuador.com\/blog\/wp-content\/uploads\/2021\/03\/lorigine_canaris_equateur.jpeg\" alt=\"La l\u00e9gende de l'origine du peuple Ca\u00f1ari\" width=\"277\" height=\"182\" \/><figcaption id=\"caption-attachment-1173\" class=\"wp-caption-text\">La l\u00e9gende de l&#8217;origine du peuple Ca\u00f1ari<\/figcaption><\/figure>\n<p>Selon la l\u00e9gende, Pachamama (la Terre M\u00e8re) envoya sur ces provinces un d\u00e9luge incroyable qui recouvrit jusqu&#8217;\u00e0 la cime de la plus haute montagne. Toute la r\u00e9gion fut d\u00e9truite, et seuls deux fr\u00e8res surv\u00e9curent, contraints de vivre au sommet de la montagne jusqu&#8217;\u00e0 ce que le niveau de l&#8217;eau descende.<\/p>\n<p>Sur le point de mourir de faim, les deux fr\u00e8res d\u00e9couvrirent une cave o\u00f9 ils trouv\u00e8rent de la nourriture. Le jour suivant, ils y retourn\u00e8rent et y trouv\u00e8rent de nouveau, avec stupeur, de la nourriture pr\u00eate. Ils ne comprenaient pas d&#8217;o\u00f9 provenaient ces repas pr\u00eats pour eux, jusqu&#8217;\u00e0 ce qu&#8217;un jour, ils aper\u00e7urent deux femmes aux formes de Guacamaya, et se rendirent compte que ces derni\u00e8res pr\u00e9paraient leur alimentation chaque jour.<\/p>\n<p>Les deux fr\u00e8res et les guacamayas tomb\u00e8rent amoureux et eurent beaucoup d&#8217;enfants, qui furent les premi\u00e8res populations de la r\u00e9gion moderne de Ca\u00f1ar.<\/p>\n<h3>Umi\u00f1a, la D\u00e9esse de Manta<\/h3>\n<p>La divinit\u00e9 Umi\u00f1a est un personnage l\u00e9gendaire de la croyance populaire \u00e9quatorienne. Elle \u00e9tait per\u00e7ue comme la D\u00e9esse de la Sant\u00e9 et de la Culture de Manta, qui se d\u00e9veloppa sur la c\u00f4te \u00e9quatorienne entre 500 av. JC et l&#8217;an 1500.<\/p>\n<p>La l\u00e9gende raconte que l&#8217;un des chefs (Caciques) de la tribu des Mantas, appel\u00e9 Shygui, se maria avec une humble mais tr\u00e8s intelligente femme, avec qui il eut une fille aux yeux admirablement vers, qu&#8217;ils nomm\u00e8rent UMI\u00d1A. La m\u00e8re d&#8217;Umi\u00f1a \u00e9tait une gu\u00e9risseuse et pr\u00eatresse de JOCAY, et Umi\u00f1a suivit ses pas en exer\u00e7ant plus tard le m\u00eame labeur.<\/p>\n<p>Lorsqu&#8217;Urmi\u00f1a f\u00eata ses\u00a021 ans, sa m\u00e8re d\u00e9c\u00e9da, et la jeune fille resta seule avec son p\u00e8re. L&#8217;ann\u00e9e suivante, les amis du chef de tribu recommand\u00e8rent \u00e0 ce dernier de prendre pour \u00e9pouse une autre femme, sorci\u00e8re de la tribu.<\/p>\n<p>La nouvelle \u00e9pouse fut mal re\u00e7ue dans le village du fait de son mauvais caract\u00e8re. Toute l&#8217;attention de ces derniers se porta sur Urmi\u00f1a, qui avait consacr\u00e9 sa vie \u00e0 aider les villageois et s&#8217;assurer de leur bien-\u00eatre, que ce soit via des services m\u00e9dicaux ou religieux, en continuant ainsi l&#8217;oeuvre caritative de sa d\u00e9funte m\u00e8re.<\/p>\n<figure id=\"attachment_1174\" aria-describedby=\"caption-attachment-1174\" style=\"width: 233px\" class=\"wp-caption aligncenter\"><img loading=\"lazy\" decoding=\"async\" class=\"size-medium wp-image-1174\" src=\"https:\/\/www.incatrek-ecuador.com\/blog\/wp-content\/uploads\/2021\/03\/deesse_urmina_equateur-233x300.jpeg\" alt=\"Urmi\u00f1a, D\u00e9esse de la Sant\u00e9 d'\u00c9quateur\" width=\"233\" height=\"300\" srcset=\"https:\/\/www.incatrek-ecuador.com\/blog\/wp-content\/uploads\/2021\/03\/deesse_urmina_equateur-233x300.jpeg 233w, https:\/\/www.incatrek-ecuador.com\/blog\/wp-content\/uploads\/2021\/03\/deesse_urmina_equateur-768x991.jpeg 768w, https:\/\/www.incatrek-ecuador.com\/blog\/wp-content\/uploads\/2021\/03\/deesse_urmina_equateur-794x1024.jpeg 794w, https:\/\/www.incatrek-ecuador.com\/blog\/wp-content\/uploads\/2021\/03\/deesse_urmina_equateur-370x477.jpeg 370w, https:\/\/www.incatrek-ecuador.com\/blog\/wp-content\/uploads\/2021\/03\/deesse_urmina_equateur-570x735.jpeg 570w, https:\/\/www.incatrek-ecuador.com\/blog\/wp-content\/uploads\/2021\/03\/deesse_urmina_equateur-770x993.jpeg 770w, https:\/\/www.incatrek-ecuador.com\/blog\/wp-content\/uploads\/2021\/03\/deesse_urmina_equateur-1170x1509.jpeg 1170w, https:\/\/www.incatrek-ecuador.com\/blog\/wp-content\/uploads\/2021\/03\/deesse_urmina_equateur-450x580.jpeg 450w, https:\/\/www.incatrek-ecuador.com\/blog\/wp-content\/uploads\/2021\/03\/deesse_urmina_equateur.jpeg 1200w\" sizes=\"(max-width: 233px) 100vw, 233px\" \/><figcaption id=\"caption-attachment-1174\" class=\"wp-caption-text\">Urmi\u00f1a, D\u00e9esse de la Sant\u00e9 d&#8217;\u00c9quateur<\/figcaption><\/figure>\n<p>La belle-m\u00e8re d&#8217;Urmi\u00f1a jalousa sa belle-fille du fait de sa c\u00e9l\u00e9brit\u00e9, et d\u00e9cida en repr\u00e9sailles d&#8217;ensorceler le chef de la tribu, qui influen\u00e7a Shygui de telle sorte que ce dernier dicta une sentence contre sa propre fille. Urmi\u00f1a fut condamn\u00e9e \u00e0 \u00eatre attach\u00e9e sur un radeau, emmen\u00e9e en mer durant 3 jours, puis abandonn\u00e9e sans eau ni nourriture. Ce d\u00e9cret fut ex\u00e9cut\u00e9 partiellement.<\/p>\n<p>La gratitude des soldats envers Urmi\u00f1a leur interdit de lui donner la mort, et ces derniers la conduisirent apr\u00e8s 3 jours \u00e0 une tribu voisine\u00a0depuis laquelle elle fut alors reconduite chez elle saine et sauve.<\/p>\n<p>Son p\u00e8re Shygui d\u00e9cr\u00e9ta alors qu&#8217;elle soit emmen\u00e9e sur la plus haute montagne et soit attach\u00e9e et abandonn\u00e9e dans les neiges de son sommet, sans couverture ni aliments. Apr\u00e8s trois mois, elle r\u00e9apparut une nouvelle fois dans la tribu en expliquant qu&#8217;un condor l&#8217;avait escort\u00e9e. Tout le village de Jocay la re\u00e7ut avec joie, apr\u00e8s avoir pris connaissance du ch\u00e2timent qui lui avait \u00e9t\u00e9 inflig\u00e9.<\/p>\n<p>La sorci\u00e8re, furieuse d&#8217;avoir \u00e9t\u00e9 moqu\u00e9e de la sorte, tenta de forcer son \u00e9poux \u00e0 condamner sa fille \u00e0 mort. Cependant, ce dernier, r\u00e9tabli et gu\u00e9ri du sortil\u00e8ge qui lui avait \u00e9t\u00e9 jet\u00e9, d\u00e9cida de se venger contre sa femme, et l&#8217;expulsa de sa maison apr\u00e8s l&#8217;avoir punie. La sorci\u00e8re le mena\u00e7a alors et lui pr\u00e9dit une mort sous trois lunes.<\/p>\n<p>En effet, trois jours plus tard, alors que Shygui dormait paisiblement au petit matin, la sorci\u00e8re l&#8217;attaqua et le poignarda \u00e0 mort. Urmi\u00f1a, qui dormait alors dans une autre maison, se rendit compte imm\u00e9diatement de ce qui \u00e9tait en train de se passer, et appela les soldats du village pour capturer la sorci\u00e8re.<\/p>\n<p>Cent soldats la poursuivirent jusqu&#8217;aux abords du village, sur un sommet alentour, mais revinrent bredouilles en racontant que la sorci\u00e8re s&#8217;\u00e9tait transform\u00e9e en un loup f\u00e9roce.<\/p>\n<p>Le cacique Shygui fut enterr\u00e9 dans sa propre maison et Urmi\u00f1a ne put s&#8217;en remettre. Elle mourra de chagrin apr\u00e8s quelques jours sans que personne ne put la consoler, en refusant de se nourrir, et apr\u00e8s avoir ordonn\u00e9 que personne ne d\u00e9place son corps apr\u00e8s sa mort.<\/p>\n<p>Les habitants du village ob\u00e9irent aux ordres de la D\u00e9esse Umi\u00f1a. Peu de temps apr\u00e8s son d\u00e9c\u00e8s, ils se rendirent compte que le coeur d&#8217;Urmi\u00f1a ne souffrait pas de d\u00e9composition, et s&#8217;\u00e9tait \u00e0 place transform\u00e9 en une pierre rouge de la taille d&#8217;un poing, en restant intact avec deux points verts sur sa partie sup\u00e9rieure. Ces deux points recouvrirent peu \u00e0 peu tout le coeur, le transformant alors en une belle \u00e9meraude.<\/p>\n<p>Le nouveau Cacique prit alors l&#8217;\u00e9meraude dans ses mains, et appela un\u00a0orf\u00e8vre, pour que ce dernier taille dans la moiti\u00e9 sup\u00e9rieure de la pierre pr\u00e9cieuse le buste d&#8217;Urmi\u00f1a. Un magnifique temple fut cr\u00e9\u00e9 afin que cette derni\u00e8re soit admir\u00e9e comme une D\u00e9esse.<\/p>\n<p>Depuis ce moment, tout malade qui touchait l&#8217;\u00e9meraude \u00e9tait imm\u00e9diatement gu\u00e9ri. La D\u00e9esse de la Sant\u00e9 devint c\u00e9l\u00e8bre sur tout le Continent, jusqu&#8217;au P\u00e9rou, au Mexique et en Am\u00e9rique Centrale, et les malades se bousculaient pour se rendre en temple, avec des offrandes faites de petites perles et d&#8217;or en poudre.<\/p>\n<h3><strong>L&#8217;origine du nom de Guayaquil, la l\u00e9gende de Guayas et Quil<\/strong><\/h3>\n<figure id=\"attachment_1328\" aria-describedby=\"caption-attachment-1328\" style=\"width: 300px\" class=\"wp-caption alignleft\"><img loading=\"lazy\" decoding=\"async\" class=\"size-medium wp-image-1328\" src=\"https:\/\/www.incatrek-ecuador.com\/blog\/wp-content\/uploads\/2021\/03\/Guayas_et_Quil_Equateur-300x300.jpeg\" alt=\"Guayas et Quil\" width=\"300\" height=\"300\" srcset=\"https:\/\/www.incatrek-ecuador.com\/blog\/wp-content\/uploads\/2021\/03\/Guayas_et_Quil_Equateur-300x300.jpeg 300w, https:\/\/www.incatrek-ecuador.com\/blog\/wp-content\/uploads\/2021\/03\/Guayas_et_Quil_Equateur-150x150.jpeg 150w, https:\/\/www.incatrek-ecuador.com\/blog\/wp-content\/uploads\/2021\/03\/Guayas_et_Quil_Equateur-370x370.jpeg 370w, https:\/\/www.incatrek-ecuador.com\/blog\/wp-content\/uploads\/2021\/03\/Guayas_et_Quil_Equateur.jpeg 400w\" sizes=\"(max-width: 300px) 100vw, 300px\" \/><figcaption id=\"caption-attachment-1328\" class=\"wp-caption-text\">Guayas et Quil<\/figcaption><\/figure>\n<p>L&#8217;un des mythes les plus populaires sur la c\u00f4te \u00e9quatorienne, et encore transmis aux enfants d&#8217;\u00e9cole primaire, est celui de <strong>Guayas<\/strong> (<strong>grand chef de tribu indig\u00e8ne<\/strong> qui lutta contre les incas puis contre les colons espagnols) et de <strong>Quil<\/strong>, son \u00e9pouse, qui fut selon la l\u00e9gende assassin\u00e9e par son \u00e9poux afin d&#8217;\u00e9viter qu&#8217;elle ne soit captur\u00e9e par les conquistadors.<\/p>\n<p>Cependant, en dehors de cette l\u00e9gende, les historiens semblent affirmer que le nom de la ville de Guayaquil viendrait \u00e9tymologiquement des termes <strong>&#8220;hua&#8221; &#8211; Terre, &#8220;Illa&#8221; &#8211; belle prairie, et &#8220;Quilca&#8221; &#8211;<\/strong> l&#8217;un des affluents du R\u00edo Guayas o\u00f9 \u00e9tait \u00e9table la tribu nomm\u00e9e Quilca, jusqu&#8217;\u00e0 sa destruction au XVII\u00e8me si\u00e8cle. Le nom de Guayaquil\u00a0signifierait donc\u00a0<strong> &#8220;une terre si belle comme une prairie dans le territoire des Quilcas&#8221;.<\/strong><\/p>\n<p>&nbsp;<\/p>\n<p>Nous pr\u00e9f\u00e9rons malgr\u00e9 tout la version plus romantique des deux valeureux \u00e9poux!<\/p>\n<p>A l&#8217;\u00e9poque des conqu\u00eates et de l&#8217;arriv\u00e9e de <strong>Sebasti\u00e1n Benalc\u00e1ar,<\/strong> de nombreux affrontements eurent lieu entre la tribu Quilca sur la c\u00f4te \u00e9quatorienne, dans le but de pouvoir \u00e9tablir la ville de Santiago (aujourd&#8217;hui Guayaquil). Le vaillant chef de tribu nomm\u00e9 <strong>Guayas<\/strong>, n&#8217;\u00e9tait pas du tout pr\u00eat \u00e0 laisser faire les espagnols, ni son \u00e9pouse <strong>Quil<\/strong>, une belle et courageuse femme guerri\u00e8re. Les deux \u00e9poux furent de grandes figures de la r\u00e9sistance des peuples natifs.<\/p>\n<p>Malheureusement, les deux furent arr\u00eat\u00e9s par les colons. Guayas, \u00e9tant au courant du c\u00f4t\u00e9 fort avare des espagnols, offrit \u00e0 Benalcaz\u00e1r et \u00e0 ses hommes tous ses tr\u00e9sors en \u00e9change de sa femme et de sa vie. Ils les conduisirent alors au mont Cerro Verde (aujourd&#8217;hui appel\u00e9 Santa Ana). C&#8217;est sur ces lieux que Guayas se saisit d&#8217;un couteau pour soulever la pierre qui couvrait l&#8217;entr\u00e9e menant \u00e0 ses tr\u00e9sors cach\u00e9s. Mais au lieu de livrer les pierres pr\u00e9cieuses aux espagnols, se dernier tua son \u00e9pouse avant de s&#8217;\u00f4ter lui-m\u00eame la vie, symbolisant par cet acte le refus d&#8217;une vie de soumission. L&#8217;on dit que<strong> les deux corps tomb\u00e8rent dans l&#8217;actuel R\u00edo Guayas<\/strong>, alimentant la l\u00e9gende autour de la naissance de la ville de Guayaquil.<\/p>\n<p>Un monument est aujourd&#8217;hui \u00e9rig\u00e9 en leur honneur\u00a0dans une zone de fort transit\u00a0de Guayaquil, entre le pont de la <strong>Unidad Nacional et les avenues\u00a0Pedro Men\u00e9ndez Gilbert et Benjam\u00edn Rosales<\/strong> . Il s&#8217;agit d&#8217;une imposante statue de bronze de plus de 30 m\u00e8tres r\u00e9alis\u00e9e par l&#8217;artiste Edgar Cevallos, montrant Guayas \u00e9tendant une lance protectrice devant son \u00e9pouse, qui porte dans ses bras un enfant. Les Guayaquile\u00f1os aiment faire r\u00e9f\u00e9rence \u00e0 cette l\u00e9gende qui symbolise \u00e0 la fois leur caract\u00e8re\u00a0<strong>fier et insoumis, mais aussi l&#8217;importance de la femme Guayaquile\u00f1a, digne et ferme.<\/strong><\/p>\n<h2><strong>Sources:<\/strong><\/h2>\n<p><a href=\"http:\/\/tradicionoral-leyendas-de-ecuador.blogspot.com\/2018\/06\/leyenda-de-cantuna.html\" target=\"_blank\" rel=\"noopener\">http:\/\/tradicionoral-leyendas-de-ecuador.blogspot.com\/2018\/06\/leyenda-de-cantuna.html<\/a><\/p>\n<p><a href=\"https:\/\/www.google.com\/url?sa=i&amp;url=https%3A%2F%2Fdspace.ucuenca.edu.ec%2Fbitstream%2F123456789%2F397%2F1%2Ftesis.pdf&amp;psig=AOvVaw07IHfhSSaUB0rTwlOMWzpW&amp;ust=1616011286620000&amp;source=images&amp;cd=vfe&amp;ved=0CA0QjhxqFwoTCNjb0q7Nte8CFQAAAAAdAAAAABAD\" target=\"_blank\" rel=\"noopener\">https:\/\/www.google.com\/url?sa=i&amp;url=https%3A%2F%2Fdspace.ucuenca.edu.ec%2Fbitstream%2F123456789%2F397%2F1%2Ftesis.pdf&amp;psig=AOvVaw07IHfhSSaUB0rTwlOMWzpW&amp;ust=1616011286620000&amp;source=images&amp;cd=vfe&amp;ved=0CA0QjhxqFwoTCNjb0q7Nte8CFQAAAAAdAAAAABAD<\/a><\/p>\n<div class=\"ast-oembed-container \" style=\"height: 100%;\"><iframe title=\"La leyenda del guagua auca\" width=\"500\" height=\"375\" src=\"https:\/\/www.youtube.com\/embed\/23q1g3sfyQ4?feature=oembed\" frameborder=\"0\" allow=\"accelerometer; autoplay; clipboard-write; encrypted-media; gyroscope; picture-in-picture; web-share\" referrerpolicy=\"strict-origin-when-cross-origin\" allowfullscreen><\/iframe><\/div>\n<div class=\"ast-oembed-container \" style=\"height: 100%;\"><iframe title=\"Leyendas de Quito - Gallo de la Catedral\" width=\"500\" height=\"375\" src=\"https:\/\/www.youtube.com\/embed\/9aEJH3tSca0?feature=oembed\" frameborder=\"0\" allow=\"accelerometer; autoplay; clipboard-write; encrypted-media; gyroscope; picture-in-picture; web-share\" referrerpolicy=\"strict-origin-when-cross-origin\" allowfullscreen><\/iframe><\/div>\n<p>https:\/\/topmitologias.com\/c-mitologia-ecuatoriana\/leyendas-ecuatorianas\/<\/p>\n<p>https:\/\/leyendasdeecuador.club\/leyenda-de-la-diosa-umina\/<\/p>\n","protected":false},"excerpt":{"rendered":"<p>L&#8217;\u00c9quateur, ce pays \u00e0 la culture si riche et diverse, regorge de contes et l\u00e9gendes des plus fascinants!<\/p>\n","protected":false},"author":8,"featured_media":1327,"comment_status":"open","ping_status":"open","sticky":false,"template":"","format":"standard","meta":{"_eb_attr":"","_exactmetrics_skip_tracking":false,"_exactmetrics_sitenote_active":false,"_exactmetrics_sitenote_note":"","_exactmetrics_sitenote_category":0,"_monsterinsights_skip_tracking":false,"_monsterinsights_sitenote_active":false,"_monsterinsights_sitenote_note":"","_monsterinsights_sitenote_category":0,"site-sidebar-layout":"default","site-content-layout":"","ast-site-content-layout":"","site-content-style":"default","site-sidebar-style":"default","ast-global-header-display":"","ast-banner-title-visibility":"","ast-main-header-display":"","ast-hfb-above-header-display":"","ast-hfb-below-header-display":"","ast-hfb-mobile-header-display":"","site-post-title":"","ast-breadcrumbs-content":"","ast-featured-img":"","footer-sml-layout":"","theme-transparent-header-meta":"","adv-header-id-meta":"","stick-header-meta":"","header-above-stick-meta":"","header-main-stick-meta":"","header-below-stick-meta":"","astra-migrate-meta-layouts":"default","ast-page-background-enabled":"default","ast-page-background-meta":{"desktop":{"background-color":"var(--ast-global-color-4)","background-image":"","background-repeat":"repeat","background-position":"center center","background-size":"auto","background-attachment":"scroll","background-type":"","background-media":"","overlay-type":"","overlay-color":"","overlay-opacity":"","overlay-gradient":""},"tablet":{"background-color":"","background-image":"","background-repeat":"repeat","background-position":"center center","background-size":"auto","background-attachment":"scroll","background-type":"","background-media":"","overlay-type":"","overlay-color":"","overlay-opacity":"","overlay-gradient":""},"mobile":{"background-color":"","background-image":"","background-repeat":"repeat","background-position":"center center","background-size":"auto","background-attachment":"scroll","background-type":"","background-media":"","overlay-type":"","overlay-color":"","overlay-opacity":"","overlay-gradient":""}},"ast-content-background-meta":{"desktop":{"background-color":"var(--ast-global-color-5)","background-image":"","background-repeat":"repeat","background-position":"center center","background-size":"auto","background-attachment":"scroll","background-type":"","background-media":"","overlay-type":"","overlay-color":"","overlay-opacity":"","overlay-gradient":""},"tablet":{"background-color":"var(--ast-global-color-5)","background-image":"","background-repeat":"repeat","background-position":"center center","background-size":"auto","background-attachment":"scroll","background-type":"","background-media":"","overlay-type":"","overlay-color":"","overlay-opacity":"","overlay-gradient":""},"mobile":{"background-color":"var(--ast-global-color-5)","background-image":"","background-repeat":"repeat","background-position":"center center","background-size":"auto","background-attachment":"scroll","background-type":"","background-media":"","overlay-type":"","overlay-color":"","overlay-opacity":"","overlay-gradient":""}},"_joinchat":[],"footnotes":""},"categories":[7,54,53,55],"tags":[],"class_list":["post-1165","post","type-post","status-publish","format-standard","has-post-thumbnail","hentry","category-traditions-dequateur","category-amerique-du-sud","category-destination","category-equateur"],"_links":{"self":[{"href":"https:\/\/www.incatrek-ecuador.com\/blog\/wp-json\/wp\/v2\/posts\/1165","targetHints":{"allow":["GET"]}}],"collection":[{"href":"https:\/\/www.incatrek-ecuador.com\/blog\/wp-json\/wp\/v2\/posts"}],"about":[{"href":"https:\/\/www.incatrek-ecuador.com\/blog\/wp-json\/wp\/v2\/types\/post"}],"author":[{"embeddable":true,"href":"https:\/\/www.incatrek-ecuador.com\/blog\/wp-json\/wp\/v2\/users\/8"}],"replies":[{"embeddable":true,"href":"https:\/\/www.incatrek-ecuador.com\/blog\/wp-json\/wp\/v2\/comments?post=1165"}],"version-history":[{"count":0,"href":"https:\/\/www.incatrek-ecuador.com\/blog\/wp-json\/wp\/v2\/posts\/1165\/revisions"}],"wp:featuredmedia":[{"embeddable":true,"href":"https:\/\/www.incatrek-ecuador.com\/blog\/wp-json\/wp\/v2\/media\/1327"}],"wp:attachment":[{"href":"https:\/\/www.incatrek-ecuador.com\/blog\/wp-json\/wp\/v2\/media?parent=1165"}],"wp:term":[{"taxonomy":"category","embeddable":true,"href":"https:\/\/www.incatrek-ecuador.com\/blog\/wp-json\/wp\/v2\/categories?post=1165"},{"taxonomy":"post_tag","embeddable":true,"href":"https:\/\/www.incatrek-ecuador.com\/blog\/wp-json\/wp\/v2\/tags?post=1165"}],"curies":[{"name":"wp","href":"https:\/\/api.w.org\/{rel}","templated":true}]}}