{"id":125,"date":"2016-09-10T00:12:21","date_gmt":"2016-09-09T22:12:21","guid":{"rendered":"http:\/\/www.incatrek-ecuador.com\/blog\/?p=125"},"modified":"2024-04-01T22:16:01","modified_gmt":"2024-04-01T20:16:01","slug":"ironman-de-manta","status":"publish","type":"post","link":"https:\/\/www.incatrek-ecuador.com\/blog\/ironman-de-manta\/","title":{"rendered":"Ironman de Manta"},"content":{"rendered":"<p style=\"text-align: justify;\">En famille, je pars vendredi de Quito en direction de Manta o\u00f9 nous arriverons apr\u00e8s environ 7h de route. Le temps de transport est en effet long en Equateur puisqu\u2019il n\u2019y a que 300km qui s\u00e9parent les deux villes. Nous rejoignons notre famille \u00e9quatorienne dans une maison priv\u00e9e lou\u00e9e par mes soins pour le week-end.<\/p>\n<p style=\"text-align: justify;\">Dimanche, nous prenons part \u00e0 l\u2019Ironman d\u2019Equateur (Manta) avec pr\u00e8s de 1500 participants. Je dis \u00ab\u00a0nous\u00a0\u00bb car nous nous partageons la t\u00e2che avec mes deux beaux-fr\u00e8res. Xavier va nager les 1,9k au programme, moi je vais me consacrer sur les 90k de v\u00e9lo et Jos\u00e9 va courir les 21,1k pour terminer l&#8217;\u00e9preuve.<\/p>\n<p style=\"text-align: justify;\">C\u2019est un \u00e9v\u00e9nement mondialement reconnu et l\u2019Equateur mise sur son impact positif pour faire parler de la destination.<\/p>\n<p style=\"text-align: justify;\">Nous arrivons en soir\u00e9e \u00e0 Manta, grande ville c\u00f4ti\u00e8re \u00e9quatorienne peu charmante malheureusement. C\u2019est en effet un port de commerce important, sans aucune b\u00e2tisse coloniale qui g\u00e9n\u00e9ralement donne une personnalit\u00e9 certaine aux villes comme Cuenca ou Quito.<\/p>\n<figure id=\"attachment_128\" aria-describedby=\"caption-attachment-128\" style=\"width: 960px\" class=\"wp-caption aligncenter\"><img fetchpriority=\"high\" decoding=\"async\" class=\"wp-image-128 size-full\" title=\"Famille d'Antoine lors de l'Ironman d'Equateur\" src=\"http:\/\/www.incatrek-ecuador.com\/blog\/wp-content\/uploads\/2016\/09\/depart.jpg\" alt=\"Ma famille d'Antoine \u00e0 l'Ironman de Manta\" width=\"960\" height=\"540\" srcset=\"https:\/\/www.incatrek-ecuador.com\/blog\/wp-content\/uploads\/2016\/09\/depart.jpg 960w, https:\/\/www.incatrek-ecuador.com\/blog\/wp-content\/uploads\/2016\/09\/depart-300x169.jpg 300w, https:\/\/www.incatrek-ecuador.com\/blog\/wp-content\/uploads\/2016\/09\/depart-768x432.jpg 768w, https:\/\/www.incatrek-ecuador.com\/blog\/wp-content\/uploads\/2016\/09\/depart-370x208.jpg 370w, https:\/\/www.incatrek-ecuador.com\/blog\/wp-content\/uploads\/2016\/09\/depart-570x321.jpg 570w, https:\/\/www.incatrek-ecuador.com\/blog\/wp-content\/uploads\/2016\/09\/depart-770x433.jpg 770w\" sizes=\"(max-width: 960px) 100vw, 960px\" \/><figcaption id=\"caption-attachment-128\" class=\"wp-caption-text\">La famille \u00e0 l&#8217;ronman de Manta<\/figcaption><\/figure>\n<p style=\"text-align: justify;\">En ville, nous observons quelques constructions sur le point de s\u2019\u00e9crouler. Le tremblement de terre du 16 avril est bien pass\u00e9 par l\u00e0\u2026 Plus personne ne vit dans ces immeubles, mais les fa\u00e7ades sont largement d\u00e9truites. Nous imaginons alors la violence du s\u00e9isme pass\u00e9.<\/p>\n<p style=\"text-align: justify;\">Nous profitons du samedi pour aller \u00e0 la plage et manger de bons fruits de mer. Les langoustes, crevettes, crabes et poissons sont au menu. La c\u00f4te \u00e9quatorienne est en effet r\u00e9put\u00e9e pour ces plats\u00a0: encocado (poisson \u00e0 la sauce coco), cebiche (soupe froide avec du poisson, oignon, citron, etc\u2026), poisson \u00e0 la sauce cacahu\u00e8te, etc\u2026<\/p>\n<p style=\"text-align: justify;\">Le dimanche, nous nous levons t\u00f4t. Il faut \u00eatre pr\u00e9sent au d\u00e9part \u00e0 6h du matin. Xavier se pr\u00e9pare tranquillement pour le d\u00e9part de l\u2019Ironman. Jos\u00e9 et moi-m\u00eame attendons dans l\u2019aire des v\u00e9los avec les autres athl\u00e8tes.<\/p>\n<p style=\"text-align: justify;\">La famille est l\u00e0 bien s\u00fbr pour supporter leurs champions. (modestes champions malgr\u00e9 tout\u00a0;)).<\/p>\n<p style=\"text-align: justify;\">Apr\u00e8s 1,9k en mer, Xavier termine son \u00e9preuve en 44mn. Ce n\u2019est pas le meilleur temps, mais le principal pour Xavier \u00e9tait de terminer. Le comp\u00e9tition n\u2019est pas sa priorit\u00e9 en effet. Il s\u2019\u00e9tait lanc\u00e9 un d\u00e9fi et l\u2019a r\u00e9ussi. Fatigu\u00e9, mais heureux, il me passe le relais dans la zone d\u00e9di\u00e9e.<\/p>\n<figure id=\"attachment_131\" aria-describedby=\"caption-attachment-131\" style=\"width: 768px\" class=\"wp-caption aligncenter\"><img decoding=\"async\" class=\"size-full wp-image-131\" src=\"http:\/\/www.incatrek-ecuador.com\/blog\/wp-content\/uploads\/2016\/09\/xavier.jpg\" alt=\"Fin de natation pour Xavier lors de l'Ironman d'Equateur\" width=\"768\" height=\"960\" srcset=\"https:\/\/www.incatrek-ecuador.com\/blog\/wp-content\/uploads\/2016\/09\/xavier.jpg 768w, https:\/\/www.incatrek-ecuador.com\/blog\/wp-content\/uploads\/2016\/09\/xavier-240x300.jpg 240w, https:\/\/www.incatrek-ecuador.com\/blog\/wp-content\/uploads\/2016\/09\/xavier-370x463.jpg 370w, https:\/\/www.incatrek-ecuador.com\/blog\/wp-content\/uploads\/2016\/09\/xavier-570x713.jpg 570w, https:\/\/www.incatrek-ecuador.com\/blog\/wp-content\/uploads\/2016\/09\/xavier-464x580.jpg 464w\" sizes=\"(max-width: 768px) 100vw, 768px\" \/><figcaption id=\"caption-attachment-131\" class=\"wp-caption-text\">Fin de natation pour Xavier lors de l&#8217;Ironman d&#8217;Equateur<\/figcaption><\/figure>\n<figure id=\"attachment_129\" aria-describedby=\"caption-attachment-129\" style=\"width: 720px\" class=\"wp-caption aligncenter\"><img decoding=\"async\" class=\"size-full wp-image-129\" src=\"http:\/\/www.incatrek-ecuador.com\/blog\/wp-content\/uploads\/2016\/09\/antoine-2.jpg\" alt=\"Ironman d'Equateur: Antoine dans l'aire des v\u00e9los\" width=\"720\" height=\"960\" srcset=\"https:\/\/www.incatrek-ecuador.com\/blog\/wp-content\/uploads\/2016\/09\/antoine-2.jpg 720w, https:\/\/www.incatrek-ecuador.com\/blog\/wp-content\/uploads\/2016\/09\/antoine-2-225x300.jpg 225w, https:\/\/www.incatrek-ecuador.com\/blog\/wp-content\/uploads\/2016\/09\/antoine-2-370x493.jpg 370w, https:\/\/www.incatrek-ecuador.com\/blog\/wp-content\/uploads\/2016\/09\/antoine-2-570x760.jpg 570w, https:\/\/www.incatrek-ecuador.com\/blog\/wp-content\/uploads\/2016\/09\/antoine-2-435x580.jpg 435w\" sizes=\"(max-width: 720px) 100vw, 720px\" \/><figcaption id=\"caption-attachment-129\" class=\"wp-caption-text\">Ironman d&#8217;Equateur: Antoine dans l&#8217;aire des v\u00e9los<\/figcaption><\/figure>\n<p style=\"text-align: justify;\">Je poursuis l\u2019\u00e9preuve. Le parcours n\u2019est pas tr\u00e8s difficile. Je m\u2019entra\u00eene en effet dans les Andes o\u00f9 les mont\u00e9es se succ\u00e8dent\u2026 La c\u00f4te \u00e9quatorienne est vallonn\u00e9e mais plus accessible et \u00ab\u00a0roulante\u00a0\u00bb, comme diraient les sp\u00e9cialistes.<\/p>\n<p style=\"text-align: justify;\">Je pars donc sur les \u00ab\u00a0chapeaux de roues\u00a0\u00bb. Apr\u00e8s 60 premiers kilom\u00e8tres \u00e0 une bonne allure, les 30 derniers kilom\u00e8tres furent plus difficiles. Plus d\u2019\u00e9nergie au compteur. Il me faut ralentir\u2026 et ingurgiter des boissons sucr\u00e9es\u00a0!<\/p>\n<p style=\"text-align: justify;\">Je termine apr\u00e8s 2h31mn d\u2019effort. C\u2019est plut\u00f4t un bon temps. Et c\u2019est ce que j\u2019esp\u00e9rais avant la course. Satisfait donc, je passe le relais \u00e0 Jos\u00e9 pour un semi-marathon.<\/p>\n<figure id=\"attachment_132\" aria-describedby=\"caption-attachment-132\" style=\"width: 960px\" class=\"wp-caption aligncenter\"><img loading=\"lazy\" decoding=\"async\" class=\"size-full wp-image-132\" src=\"http:\/\/www.incatrek-ecuador.com\/blog\/wp-content\/uploads\/2016\/09\/antoine.jpg\" alt=\"Antoine sur son v\u00e9lo lors de l'Ironman d'Equateur\" width=\"960\" height=\"960\" srcset=\"https:\/\/www.incatrek-ecuador.com\/blog\/wp-content\/uploads\/2016\/09\/antoine.jpg 960w, https:\/\/www.incatrek-ecuador.com\/blog\/wp-content\/uploads\/2016\/09\/antoine-150x150.jpg 150w, https:\/\/www.incatrek-ecuador.com\/blog\/wp-content\/uploads\/2016\/09\/antoine-300x300.jpg 300w, https:\/\/www.incatrek-ecuador.com\/blog\/wp-content\/uploads\/2016\/09\/antoine-768x768.jpg 768w, https:\/\/www.incatrek-ecuador.com\/blog\/wp-content\/uploads\/2016\/09\/antoine-370x370.jpg 370w, https:\/\/www.incatrek-ecuador.com\/blog\/wp-content\/uploads\/2016\/09\/antoine-570x570.jpg 570w, https:\/\/www.incatrek-ecuador.com\/blog\/wp-content\/uploads\/2016\/09\/antoine-770x770.jpg 770w, https:\/\/www.incatrek-ecuador.com\/blog\/wp-content\/uploads\/2016\/09\/antoine-580x580.jpg 580w\" sizes=\"(max-width: 960px) 100vw, 960px\" \/><figcaption id=\"caption-attachment-132\" class=\"wp-caption-text\">Antoine sur son v\u00e9lo lors de l&#8217;Ironman d&#8217;Equateur<\/figcaption><\/figure>\n<p style=\"text-align: justify;\">Jos\u00e9, qui est un coureur \u00e0 pied r\u00e9gulier, n\u2019avait pas l\u2019habitude de distances aussi longues. Il s\u2019est donc entrain\u00e9 en cons\u00e9quence. Et apr\u00e8s un effort de 1h39mn, il termine son semi-marathon\u2026 Fatigu\u00e9, mais comme nous tous, heureux\u00a0! Et surtout, nous avions nos supporters \u00e0 l\u2019arriv\u00e9e.<\/p>\n<figure id=\"attachment_133\" aria-describedby=\"caption-attachment-133\" style=\"width: 960px\" class=\"wp-caption aligncenter\"><img loading=\"lazy\" decoding=\"async\" class=\"size-full wp-image-133\" src=\"http:\/\/www.incatrek-ecuador.com\/blog\/wp-content\/uploads\/2016\/09\/jose.jpg\" alt=\"Jos\u00e9 en plein effort lors du semi-marathon de l'Ironman de Manta\" width=\"960\" height=\"960\" srcset=\"https:\/\/www.incatrek-ecuador.com\/blog\/wp-content\/uploads\/2016\/09\/jose.jpg 960w, https:\/\/www.incatrek-ecuador.com\/blog\/wp-content\/uploads\/2016\/09\/jose-150x150.jpg 150w, https:\/\/www.incatrek-ecuador.com\/blog\/wp-content\/uploads\/2016\/09\/jose-300x300.jpg 300w, https:\/\/www.incatrek-ecuador.com\/blog\/wp-content\/uploads\/2016\/09\/jose-768x768.jpg 768w, https:\/\/www.incatrek-ecuador.com\/blog\/wp-content\/uploads\/2016\/09\/jose-370x370.jpg 370w, https:\/\/www.incatrek-ecuador.com\/blog\/wp-content\/uploads\/2016\/09\/jose-570x570.jpg 570w, https:\/\/www.incatrek-ecuador.com\/blog\/wp-content\/uploads\/2016\/09\/jose-770x770.jpg 770w, https:\/\/www.incatrek-ecuador.com\/blog\/wp-content\/uploads\/2016\/09\/jose-580x580.jpg 580w\" sizes=\"(max-width: 960px) 100vw, 960px\" \/><figcaption id=\"caption-attachment-133\" class=\"wp-caption-text\">Jos\u00e9 en plein effort lors du semi-marathon de l&#8217;Ironman de Manta<\/figcaption><\/figure>\n<p style=\"text-align: justify;\">Nous avons termin\u00e9 11<sup>\u00e8me<\/sup> sur 140 \u00e9quipes en tout.<\/p>\n<p style=\"text-align: justify;\">La famille revient \u00e0 Quito dans la soir\u00e9e apr\u00e8s une longue route retour. Avec ma femme Alexandra, Dom\u00e9nica et Loan (mes enfants) et le cousin, nous partons un peu plus au sud pour profiter du charmant village de p\u00eacheurs de Puerto Lopez. Nous restons deux nuits dans le tr\u00e8s agr\u00e9able lodge Mandala pour profiter de la plage et d\u2019une sortie en mer pour observer les baleines. C\u2019est une d\u00e9couverte totale pour les enfants\u00a0! Ils furent impressionn\u00e9s (et moi aussi) malgr\u00e9 quelques naus\u00e9es en plein mer\u00a0;).<\/p>\n<figure id=\"attachment_136\" aria-describedby=\"caption-attachment-136\" style=\"width: 992px\" class=\"wp-caption aligncenter\"><img loading=\"lazy\" decoding=\"async\" class=\"wp-image-136 size-full\" title=\"Baleine \u00e0 Puerto Lopez en Equateur\" src=\"http:\/\/www.incatrek-ecuador.com\/blog\/wp-content\/uploads\/2016\/09\/pacifique.jpg\" alt=\"Baleine sur la c\u00f4te pacifique d'Equateur\" width=\"992\" height=\"609\" srcset=\"https:\/\/www.incatrek-ecuador.com\/blog\/wp-content\/uploads\/2016\/09\/pacifique.jpg 992w, https:\/\/www.incatrek-ecuador.com\/blog\/wp-content\/uploads\/2016\/09\/pacifique-300x184.jpg 300w, https:\/\/www.incatrek-ecuador.com\/blog\/wp-content\/uploads\/2016\/09\/pacifique-768x471.jpg 768w, https:\/\/www.incatrek-ecuador.com\/blog\/wp-content\/uploads\/2016\/09\/pacifique-370x227.jpg 370w, https:\/\/www.incatrek-ecuador.com\/blog\/wp-content\/uploads\/2016\/09\/pacifique-570x350.jpg 570w, https:\/\/www.incatrek-ecuador.com\/blog\/wp-content\/uploads\/2016\/09\/pacifique-770x473.jpg 770w, https:\/\/www.incatrek-ecuador.com\/blog\/wp-content\/uploads\/2016\/09\/pacifique-945x580.jpg 945w\" sizes=\"(max-width: 992px) 100vw, 992px\" \/><figcaption id=\"caption-attachment-136\" class=\"wp-caption-text\">Les baleines \u00e0 bosses \u00e0 Puerto Lopez, Equateur<\/figcaption><\/figure>\n<p style=\"text-align: justify;\">Le mardi, nous prenons le chemin du retour. Sur la route, j\u2019avais pr\u00e9vu de rendre visite \u00e0 un artisan de Pile qui est le village berceau du Montescriti, le fameux chapeau panama tr\u00e8s fin.<\/p>\n<p style=\"text-align: justify;\">L\u2019artisan est extr\u00eamement int\u00e9ressant. Il nous explique tout le processus. C\u2019est d\u00e9finitivement une passion plus qu\u2019un travail. Il nous montre aussi quelques Montescritis de sa cr\u00e9ation\u2026 La finesse de son travail est extraordinaire. Alexandra \u00ab\u00a0craque\u00a0\u00bb et ach\u00e8te l\u2019un de ses Montescristis fins\u2026 Bon, pas le plus fin au vu du prix (pr\u00e8s de $3000 pour les plus fins avec pr\u00e8s de 6 mois de travail\u00a0!) mais un beau panama malgr\u00e9 tout\u00a0;).<\/p>\n<figure id=\"attachment_134\" aria-describedby=\"caption-attachment-134\" style=\"width: 1080px\" class=\"wp-caption aligncenter\"><img loading=\"lazy\" decoding=\"async\" class=\"wp-image-134 size-full\" title=\"Montescriti provenant du village de Pile\" src=\"http:\/\/www.incatrek-ecuador.com\/blog\/wp-content\/uploads\/2016\/09\/montescristi.jpg\" alt=\"Montecristi, sp\u00e9cialit\u00e9 d'Equateur\" width=\"1080\" height=\"608\" srcset=\"https:\/\/www.incatrek-ecuador.com\/blog\/wp-content\/uploads\/2016\/09\/montescristi.jpg 1080w, https:\/\/www.incatrek-ecuador.com\/blog\/wp-content\/uploads\/2016\/09\/montescristi-300x169.jpg 300w, https:\/\/www.incatrek-ecuador.com\/blog\/wp-content\/uploads\/2016\/09\/montescristi-768x432.jpg 768w, https:\/\/www.incatrek-ecuador.com\/blog\/wp-content\/uploads\/2016\/09\/montescristi-1024x576.jpg 1024w, https:\/\/www.incatrek-ecuador.com\/blog\/wp-content\/uploads\/2016\/09\/montescristi-370x208.jpg 370w, https:\/\/www.incatrek-ecuador.com\/blog\/wp-content\/uploads\/2016\/09\/montescristi-570x321.jpg 570w, https:\/\/www.incatrek-ecuador.com\/blog\/wp-content\/uploads\/2016\/09\/montescristi-770x433.jpg 770w, https:\/\/www.incatrek-ecuador.com\/blog\/wp-content\/uploads\/2016\/09\/montescristi-1030x580.jpg 1030w\" sizes=\"(max-width: 1080px) 100vw, 1080px\" \/><figcaption id=\"caption-attachment-134\" class=\"wp-caption-text\">Alexandra avec son Montecristi, deuxi\u00e8me en partant de la gauche<\/figcaption><\/figure>\n","protected":false},"excerpt":{"rendered":"<p>En famille, je pars vendredi de Quito en direction de Manta o\u00f9 nous arriverons apr\u00e8s environ 7h de route. Le [&hellip;]<\/p>\n","protected":false},"author":2,"featured_media":127,"comment_status":"closed","ping_status":"closed","sticky":false,"template":"","format":"standard","meta":{"_eb_attr":"","_exactmetrics_skip_tracking":false,"_exactmetrics_sitenote_active":false,"_exactmetrics_sitenote_note":"","_exactmetrics_sitenote_category":0,"_monsterinsights_skip_tracking":false,"_monsterinsights_sitenote_active":false,"_monsterinsights_sitenote_note":"","_monsterinsights_sitenote_category":0,"site-sidebar-layout":"default","site-content-layout":"","ast-site-content-layout":"","site-content-style":"default","site-sidebar-style":"default","ast-global-header-display":"","ast-banner-title-visibility":"","ast-main-header-display":"","ast-hfb-above-header-display":"","ast-hfb-below-header-display":"","ast-hfb-mobile-header-display":"","site-post-title":"","ast-breadcrumbs-content":"","ast-featured-img":"","footer-sml-layout":"","theme-transparent-header-meta":"","adv-header-id-meta":"","stick-header-meta":"","header-above-stick-meta":"","header-main-stick-meta":"","header-below-stick-meta":"","astra-migrate-meta-layouts":"default","ast-page-background-enabled":"default","ast-page-background-meta":{"desktop":{"background-color":"var(--ast-global-color-4)","background-image":"","background-repeat":"repeat","background-position":"center center","background-size":"auto","background-attachment":"scroll","background-type":"","background-media":"","overlay-type":"","overlay-color":"","overlay-opacity":"","overlay-gradient":""},"tablet":{"background-color":"","background-image":"","background-repeat":"repeat","background-position":"center center","background-size":"auto","background-attachment":"scroll","background-type":"","background-media":"","overlay-type":"","overlay-color":"","overlay-opacity":"","overlay-gradient":""},"mobile":{"background-color":"","background-image":"","background-repeat":"repeat","background-position":"center center","background-size":"auto","background-attachment":"scroll","background-type":"","background-media":"","overlay-type":"","overlay-color":"","overlay-opacity":"","overlay-gradient":""}},"ast-content-background-meta":{"desktop":{"background-color":"var(--ast-global-color-5)","background-image":"","background-repeat":"repeat","background-position":"center center","background-size":"auto","background-attachment":"scroll","background-type":"","background-media":"","overlay-type":"","overlay-color":"","overlay-opacity":"","overlay-gradient":""},"tablet":{"background-color":"var(--ast-global-color-5)","background-image":"","background-repeat":"repeat","background-position":"center center","background-size":"auto","background-attachment":"scroll","background-type":"","background-media":"","overlay-type":"","overlay-color":"","overlay-opacity":"","overlay-gradient":""},"mobile":{"background-color":"var(--ast-global-color-5)","background-image":"","background-repeat":"repeat","background-position":"center center","background-size":"auto","background-attachment":"scroll","background-type":"","background-media":"","overlay-type":"","overlay-color":"","overlay-opacity":"","overlay-gradient":""}},"_joinchat":[],"footnotes":""},"categories":[8,54,59,53,55,82],"tags":[],"class_list":["post-125","post","type-post","status-publish","format-standard","has-post-thumbnail","hentry","category-actualite-dequateur","category-amerique-du-sud","category-cote-pacifique","category-destination","category-equateur","category-manabi"],"_links":{"self":[{"href":"https:\/\/www.incatrek-ecuador.com\/blog\/wp-json\/wp\/v2\/posts\/125","targetHints":{"allow":["GET"]}}],"collection":[{"href":"https:\/\/www.incatrek-ecuador.com\/blog\/wp-json\/wp\/v2\/posts"}],"about":[{"href":"https:\/\/www.incatrek-ecuador.com\/blog\/wp-json\/wp\/v2\/types\/post"}],"author":[{"embeddable":true,"href":"https:\/\/www.incatrek-ecuador.com\/blog\/wp-json\/wp\/v2\/users\/2"}],"replies":[{"embeddable":true,"href":"https:\/\/www.incatrek-ecuador.com\/blog\/wp-json\/wp\/v2\/comments?post=125"}],"version-history":[{"count":0,"href":"https:\/\/www.incatrek-ecuador.com\/blog\/wp-json\/wp\/v2\/posts\/125\/revisions"}],"wp:featuredmedia":[{"embeddable":true,"href":"https:\/\/www.incatrek-ecuador.com\/blog\/wp-json\/wp\/v2\/media\/127"}],"wp:attachment":[{"href":"https:\/\/www.incatrek-ecuador.com\/blog\/wp-json\/wp\/v2\/media?parent=125"}],"wp:term":[{"taxonomy":"category","embeddable":true,"href":"https:\/\/www.incatrek-ecuador.com\/blog\/wp-json\/wp\/v2\/categories?post=125"},{"taxonomy":"post_tag","embeddable":true,"href":"https:\/\/www.incatrek-ecuador.com\/blog\/wp-json\/wp\/v2\/tags?post=125"}],"curies":[{"name":"wp","href":"https:\/\/api.w.org\/{rel}","templated":true}]}}