{"id":146,"date":"2016-10-19T20:38:51","date_gmt":"2016-10-19T18:38:51","guid":{"rendered":"http:\/\/www.incatrek-ecuador.com\/blog\/?p=146"},"modified":"2024-04-01T22:14:47","modified_gmt":"2024-04-01T20:14:47","slug":"exposition-de-roses-a-quito-equateur","status":"publish","type":"post","link":"https:\/\/www.incatrek-ecuador.com\/blog\/exposition-de-roses-a-quito-equateur\/","title":{"rendered":"Exposition de roses \u00e0 Quito, Equateur"},"content":{"rendered":"<p>S\u2019est d\u00e9roul\u00e9e la nouvelle \u00e9dition du salon professionnel international de floriculture, ce\u00a0Mercredi 05 au Vendredi 07 Octobre 2016, au Centre d\u2019Exposition \u00e0 Quito.\u00a0Ce salon rassemblait 118 exposants (producteurs, cr\u00e9ateurs et exportateurs) qui ont pr\u00e9sent\u00e9 leurs nouvelles cr\u00e9ations de roses.<\/p>\n<figure id=\"attachment_148\" aria-describedby=\"caption-attachment-148\" style=\"width: 910px\" class=\"wp-caption aligncenter\"><img fetchpriority=\"high\" decoding=\"async\" class=\"wp-image-148 size-full\" src=\"http:\/\/www.incatrek-ecuador.com\/blog\/wp-content\/uploads\/2016\/10\/Capture-d\u2019e\u0301cran-2016-10-08-a\u0300-6.55.03-p.m..png\" alt=\"Vente internationale de roses \u00e0 Quito\" width=\"910\" height=\"685\" srcset=\"https:\/\/www.incatrek-ecuador.com\/blog\/wp-content\/uploads\/2016\/10\/Capture-d\u2019e\u0301cran-2016-10-08-a\u0300-6.55.03-p.m..png 910w, https:\/\/www.incatrek-ecuador.com\/blog\/wp-content\/uploads\/2016\/10\/Capture-d\u2019e\u0301cran-2016-10-08-a\u0300-6.55.03-p.m.-300x226.png 300w, https:\/\/www.incatrek-ecuador.com\/blog\/wp-content\/uploads\/2016\/10\/Capture-d\u2019e\u0301cran-2016-10-08-a\u0300-6.55.03-p.m.-768x578.png 768w, https:\/\/www.incatrek-ecuador.com\/blog\/wp-content\/uploads\/2016\/10\/Capture-d\u2019e\u0301cran-2016-10-08-a\u0300-6.55.03-p.m.-370x279.png 370w, https:\/\/www.incatrek-ecuador.com\/blog\/wp-content\/uploads\/2016\/10\/Capture-d\u2019e\u0301cran-2016-10-08-a\u0300-6.55.03-p.m.-570x429.png 570w, https:\/\/www.incatrek-ecuador.com\/blog\/wp-content\/uploads\/2016\/10\/Capture-d\u2019e\u0301cran-2016-10-08-a\u0300-6.55.03-p.m.-770x580.png 770w, https:\/\/www.incatrek-ecuador.com\/blog\/wp-content\/uploads\/2016\/10\/Capture-d\u2019e\u0301cran-2016-10-08-a\u0300-6.55.03-p.m.-771x580.png 771w\" sizes=\"(max-width: 910px) 100vw, 910px\" \/><figcaption id=\"caption-attachment-148\" class=\"wp-caption-text\">118 exposants au salon de la rose en Equateur<\/figcaption><\/figure>\n<p><strong>L\u2019Equateur\u00a0: le paradis des roses<\/strong><\/p>\n<p>La Sierra, l\u2019une des 4 r\u00e9gions d\u2019Equateur, offre des conditions id\u00e9ales pour la floriculture, de part son altitude (plus de 2000m), son climat doux avec de la pluie abondante et sa terre volcanique.\u00a0Les \u00ab\u00a0fincas\u00a0\u00bb (fermes) de roses sont install\u00e9es sur les hauts plateaux andins proches des r\u00e9gions d\u2019Otavalo (\u00e0 Cayambe) et du Cotopaxi (\u00e0 Latacunga).<\/p>\n<p>L\u2019Equateur est devenu le pays des roses, puisqu\u2019on en cultive toute l\u2019ann\u00e9e et elles sont de qualit\u00e9 sup\u00e9rieure. Elles sont aussi plus grandes que leurs s\u0153urs cr\u00e9\u00e9es en Europe et plus r\u00e9sistantes lors du transport a\u00e9rien.\u00a0Le pays est aussi un laboratoire \u00ab\u00a0grandeur nature\u00a0\u00bb pour les inventeurs cr\u00e9ant de nouvelles vari\u00e9t\u00e9s cherchant toujours \u00e0 innover.<\/p>\n<p>La rose Equatorienne avec toutes ces qualit\u00e9s a fait entrer l\u2019Equateur dans les cinq premiers pays exportateurs de roses au monde derri\u00e8re le Kenya et les Pays-Bas.\u00a0Ce dernier, est le premier producteur mondial de roses, mais \u00e0 la diff\u00e9rence des roses en Equateur qui b\u00e9n\u00e9ficient de 12h de lumi\u00e8re quotidienne\u00a0et de temp\u00e9ratures positives le jour et n\u00e9gatives la nuit, les serres des Pays-Bas sont quant \u00e0 elles chauff\u00e9es et \u00e9clair\u00e9es artificiellement pour pouvoir approvisionner le march\u00e9 toute l&#8217;ann\u00e9e.<\/p>\n<p>Repr\u00e9sentant pr\u00e8s de 10% des exportations non p\u00e9troli\u00e8res du pays, la floriculture est l\u2019une des principales activit\u00e9s \u00e9conomiques de l\u2019Equateur, apr\u00e8s le commerce de la banane et celui de la crevette.\u00a0Dans les Andes, les roseraies sont les premiers pourvoyeurs d\u2019emplois, \u00e0 l&#8217;exemple de Cayambe (r\u00e9gion d\u2019Otavalo situ\u00e9e au nord de Quito &#8211; \u00e0 2h -), 85% de la population travaille dans les plantations.<\/p>\n<p>45% des roses vendues dans le monde sont d\u2019origine \u00e9quatorienne, vous avez certainement d\u00e9j\u00e0 d\u00fb en acheter sans le savoir\u2026 La rose \u00e9quatorienne est devenue le chouchou des fleuristes surtout pour la St Valentin.<\/p>\n<figure id=\"attachment_150\" aria-describedby=\"caption-attachment-150\" style=\"width: 768px\" class=\"wp-caption aligncenter\"><a href=\"http:\/\/www.incatrek-ecuador.com\/\"><img decoding=\"async\" class=\"size-large wp-image-150\" src=\"http:\/\/www.incatrek-ecuador.com\/blog\/wp-content\/uploads\/2016\/10\/IMG_0296-1-e1476902149727-768x1024.jpg\" alt=\"D\u00e9couverte de l'exposition de roses \u00e0 Quito\" width=\"768\" height=\"1024\" srcset=\"https:\/\/www.incatrek-ecuador.com\/blog\/wp-content\/uploads\/2016\/10\/IMG_0296-1-e1476902149727-768x1024.jpg 768w, https:\/\/www.incatrek-ecuador.com\/blog\/wp-content\/uploads\/2016\/10\/IMG_0296-1-e1476902149727-225x300.jpg 225w, https:\/\/www.incatrek-ecuador.com\/blog\/wp-content\/uploads\/2016\/10\/IMG_0296-1-e1476902149727-370x493.jpg 370w, https:\/\/www.incatrek-ecuador.com\/blog\/wp-content\/uploads\/2016\/10\/IMG_0296-1-e1476902149727-570x760.jpg 570w, https:\/\/www.incatrek-ecuador.com\/blog\/wp-content\/uploads\/2016\/10\/IMG_0296-1-e1476902149727-770x1027.jpg 770w, https:\/\/www.incatrek-ecuador.com\/blog\/wp-content\/uploads\/2016\/10\/IMG_0296-1-e1476902149727-1170x1560.jpg 1170w, https:\/\/www.incatrek-ecuador.com\/blog\/wp-content\/uploads\/2016\/10\/IMG_0296-1-e1476902149727-435x580.jpg 435w\" sizes=\"(max-width: 768px) 100vw, 768px\" \/><\/a><figcaption id=\"caption-attachment-150\" class=\"wp-caption-text\">Laetitia d&#8217;ITK Voyage au salon de la rose \u00e0 Quito<\/figcaption><\/figure>\n<p>Notre agence ITK Voyage Equateur propose la visite de roseraies dans les r\u00e9gions d&#8217;Otavalo et du Cotopaxi. Nos voyageurs ont les explications sur le\u00a0processus, de la culture \u00e0 l&#8217;emballage des fleurs\u00a0pr\u00eates \u00e0 \u00eatre livr\u00e9es et repartent en g\u00e9n\u00e9ral\u00a0avec une rose en souvenir. De plus, durant leur\u00a0s\u00e9jour notamment dans les Andes, ils pourront\u00a0appr\u00e9cier\u00a0la d\u00e9coration fleurie\u00a0dans chaque hacienda ou\u00a0h\u00f4tel colonial\u00a0visit\u00e9s.<\/p>\n<figure id=\"attachment_153\" aria-describedby=\"caption-attachment-153\" style=\"width: 1024px\" class=\"wp-caption aligncenter\"><a href=\"http:\/\/www.incatrek-ecuador.com\/circuit-a-la-carte-equateur\/circuit-hotels-et-haciendas-equateur\/circuit-hotels-et-haciendas-otavalo-equateur\/hacienda-zuleta-voyage-equateur\/\"><img decoding=\"async\" class=\"size-large wp-image-153\" src=\"http:\/\/www.incatrek-ecuador.com\/blog\/wp-content\/uploads\/2016\/10\/IMG_0786-1024x768.jpg\" alt=\"Andes, roses, Otavalo, Voyage\" width=\"1024\" height=\"768\" srcset=\"https:\/\/www.incatrek-ecuador.com\/blog\/wp-content\/uploads\/2016\/10\/IMG_0786-1024x768.jpg 1024w, https:\/\/www.incatrek-ecuador.com\/blog\/wp-content\/uploads\/2016\/10\/IMG_0786-300x225.jpg 300w, https:\/\/www.incatrek-ecuador.com\/blog\/wp-content\/uploads\/2016\/10\/IMG_0786-768x576.jpg 768w, https:\/\/www.incatrek-ecuador.com\/blog\/wp-content\/uploads\/2016\/10\/IMG_0786-370x278.jpg 370w, https:\/\/www.incatrek-ecuador.com\/blog\/wp-content\/uploads\/2016\/10\/IMG_0786-570x428.jpg 570w, https:\/\/www.incatrek-ecuador.com\/blog\/wp-content\/uploads\/2016\/10\/IMG_0786-770x578.jpg 770w, https:\/\/www.incatrek-ecuador.com\/blog\/wp-content\/uploads\/2016\/10\/IMG_0786-1170x878.jpg 1170w, https:\/\/www.incatrek-ecuador.com\/blog\/wp-content\/uploads\/2016\/10\/IMG_0786-773x580.jpg 773w\" sizes=\"(max-width: 1024px) 100vw, 1024px\" \/><\/a><figcaption id=\"caption-attachment-153\" class=\"wp-caption-text\">Laetitia d&#8217;ITK Voyage \u00e0 l&#8217;hacienda Zuleta, Otavalo<\/figcaption><\/figure>\n","protected":false},"excerpt":{"rendered":"<p>S\u2019est d\u00e9roul\u00e9e la nouvelle \u00e9dition du salon professionnel international de floriculture, ce\u00a0Mercredi 05 au Vendredi 07 Octobre 2016, au Centre [&hellip;]<\/p>\n","protected":false},"author":3,"featured_media":147,"comment_status":"closed","ping_status":"closed","sticky":false,"template":"","format":"standard","meta":{"_eb_attr":"","_exactmetrics_skip_tracking":false,"_exactmetrics_sitenote_active":false,"_exactmetrics_sitenote_note":"","_exactmetrics_sitenote_category":0,"_monsterinsights_skip_tracking":false,"_monsterinsights_sitenote_active":false,"_monsterinsights_sitenote_note":"","_monsterinsights_sitenote_category":0,"site-sidebar-layout":"default","site-content-layout":"","ast-site-content-layout":"","site-content-style":"default","site-sidebar-style":"default","ast-global-header-display":"","ast-banner-title-visibility":"","ast-main-header-display":"","ast-hfb-above-header-display":"","ast-hfb-below-header-display":"","ast-hfb-mobile-header-display":"","site-post-title":"","ast-breadcrumbs-content":"","ast-featured-img":"","footer-sml-layout":"","theme-transparent-header-meta":"","adv-header-id-meta":"","stick-header-meta":"","header-above-stick-meta":"","header-main-stick-meta":"","header-below-stick-meta":"","astra-migrate-meta-layouts":"default","ast-page-background-enabled":"default","ast-page-background-meta":{"desktop":{"background-color":"var(--ast-global-color-4)","background-image":"","background-repeat":"repeat","background-position":"center center","background-size":"auto","background-attachment":"scroll","background-type":"","background-media":"","overlay-type":"","overlay-color":"","overlay-opacity":"","overlay-gradient":""},"tablet":{"background-color":"","background-image":"","background-repeat":"repeat","background-position":"center center","background-size":"auto","background-attachment":"scroll","background-type":"","background-media":"","overlay-type":"","overlay-color":"","overlay-opacity":"","overlay-gradient":""},"mobile":{"background-color":"","background-image":"","background-repeat":"repeat","background-position":"center center","background-size":"auto","background-attachment":"scroll","background-type":"","background-media":"","overlay-type":"","overlay-color":"","overlay-opacity":"","overlay-gradient":""}},"ast-content-background-meta":{"desktop":{"background-color":"var(--ast-global-color-5)","background-image":"","background-repeat":"repeat","background-position":"center center","background-size":"auto","background-attachment":"scroll","background-type":"","background-media":"","overlay-type":"","overlay-color":"","overlay-opacity":"","overlay-gradient":""},"tablet":{"background-color":"var(--ast-global-color-5)","background-image":"","background-repeat":"repeat","background-position":"center center","background-size":"auto","background-attachment":"scroll","background-type":"","background-media":"","overlay-type":"","overlay-color":"","overlay-opacity":"","overlay-gradient":""},"mobile":{"background-color":"var(--ast-global-color-5)","background-image":"","background-repeat":"repeat","background-position":"center center","background-size":"auto","background-attachment":"scroll","background-type":"","background-media":"","overlay-type":"","overlay-color":"","overlay-opacity":"","overlay-gradient":""}},"_joinchat":[],"footnotes":""},"categories":[8,54,56,53,55,70],"tags":[],"class_list":["post-146","post","type-post","status-publish","format-standard","has-post-thumbnail","hentry","category-actualite-dequateur","category-amerique-du-sud","category-andes","category-destination","category-equateur","category-pichincha"],"_links":{"self":[{"href":"https:\/\/www.incatrek-ecuador.com\/blog\/wp-json\/wp\/v2\/posts\/146","targetHints":{"allow":["GET"]}}],"collection":[{"href":"https:\/\/www.incatrek-ecuador.com\/blog\/wp-json\/wp\/v2\/posts"}],"about":[{"href":"https:\/\/www.incatrek-ecuador.com\/blog\/wp-json\/wp\/v2\/types\/post"}],"author":[{"embeddable":true,"href":"https:\/\/www.incatrek-ecuador.com\/blog\/wp-json\/wp\/v2\/users\/3"}],"replies":[{"embeddable":true,"href":"https:\/\/www.incatrek-ecuador.com\/blog\/wp-json\/wp\/v2\/comments?post=146"}],"version-history":[{"count":0,"href":"https:\/\/www.incatrek-ecuador.com\/blog\/wp-json\/wp\/v2\/posts\/146\/revisions"}],"wp:featuredmedia":[{"embeddable":true,"href":"https:\/\/www.incatrek-ecuador.com\/blog\/wp-json\/wp\/v2\/media\/147"}],"wp:attachment":[{"href":"https:\/\/www.incatrek-ecuador.com\/blog\/wp-json\/wp\/v2\/media?parent=146"}],"wp:term":[{"taxonomy":"category","embeddable":true,"href":"https:\/\/www.incatrek-ecuador.com\/blog\/wp-json\/wp\/v2\/categories?post=146"},{"taxonomy":"post_tag","embeddable":true,"href":"https:\/\/www.incatrek-ecuador.com\/blog\/wp-json\/wp\/v2\/tags?post=146"}],"curies":[{"name":"wp","href":"https:\/\/api.w.org\/{rel}","templated":true}]}}