{"id":1868,"date":"2023-08-16T23:57:39","date_gmt":"2023-08-16T21:57:39","guid":{"rendered":"https:\/\/www.incatrek-ecuador.com\/blog\/?p=1868"},"modified":"2024-04-01T20:13:20","modified_gmt":"2024-04-01T18:13:20","slug":"voyager-en-equateur","status":"publish","type":"post","link":"https:\/\/www.incatrek-ecuador.com\/blog\/voyager-en-equateur\/","title":{"rendered":"Voyager en \u00c9quateur (Actualit\u00e9s)"},"content":{"rendered":"\n<div style=\"height:100px\" aria-hidden=\"true\" class=\"wp-block-spacer\"><\/div>\n\n\n\n<h2 class=\"wp-block-heading\">Toute l&#8217;actualit\u00e9 \u00e9quatorienne pour voyager en \u00c9quateur en 2024 (mise \u00e0 jour 23\/02\/2024)<\/h2>\n\n\n\n<p>D\u00e9couvrez les toutes derni\u00e8res informations et les \u00e9v\u00e9nements r\u00e9cents essentiels en \u00c9quateur pour les voyageurs \u00e0 venir : conseils, sant\u00e9 et s\u00e9curit\u00e9. <\/p>\n\n\n\n<p><em>En cas d&#8217;urgence sur le terrain, n&#8217;h\u00e9sitez pas \u00e0 contactez l&#8217;agence ITK Voyage afin d&#8217;obtenir les toutes <a rel=\"noreferrer noopener\" href=\"https:\/\/www.incatrek-ecuador.com\" data-type=\"link\" data-id=\"https:\/\/www.incatrek-ecuador.com\" target=\"_blank\">derni\u00e8res actus sur l&#8217;Equateur<\/a>.<\/em><\/p>\n\n\n\n<h2 class=\"wp-block-heading has-vivid-red-color has-text-color has-link-color has-large-font-size wp-elements-de0e59d73c44218c39dd3ca8b8cd042e\"><br>DERNI\u00c8RES MINUTES !<\/h2>\n\n\n\n<h3 class=\"wp-block-heading\">L&#8217;Equateur prolonge l&#8217;\u00e9tat-d&#8217;urgence suite \u00e0 des r\u00e9sultats positifs<\/h3>\n\n\n\n<p>Le 07 mars 2024, le pr\u00e9sident Daniel Noboa a confirm\u00e9 la prolongation de l&#8217;\u00e9tat-d&#8217;urgence pour une p\u00e9riode de 30 jours. Lire l&#8217;article en fran\u00e7ais r\u00e9dig\u00e9 apr\u00e8s la parution du <a href=\"https:\/\/www.incatrek-ecuador.com\/blog\/etat-d-urgence-et-etat-de-conflit-arme-en-equateur-2024-itk-voyage-vous-informe\/#etat-urgence-prolongation-officielle\">d\u00e9cret N\u00b0193<\/a>.<\/p>\n\n\n\n<h3 class=\"wp-block-heading\">Parc National des Galapagos : Nouveaux tarifs d\u00e8s le 1er aout 2024<\/h3>\n\n\n\n<p>\u00c0 partir du 1er ao\u00fbt 2024, de nouveaux tarifs d&#8217;entr\u00e9e seront en vigueur pour le Parc National des Galapagos. <a href=\"https:\/\/www.incatrek-ecuador.com\/blog\/tourisme-durable-aux-galapagos-les-nouveaux-tarifs-dentree\/\">Lisez le communiqu\u00e9 officiel sur les prix 2024<\/a> et planifiez votre voyage inoubliable dans cet archipel unique au monde.<\/p>\n\n\n\n<p><\/p>\n\n\n\n<h3 class=\"wp-block-heading\">R\u00e9ouverture progressive de l&#8217;ascension du Cotopaxi<\/h3>\n\n\n\n<figure class=\"wp-block-image size-large\"><img fetchpriority=\"high\" decoding=\"async\" width=\"1024\" height=\"576\" src=\"https:\/\/www.incatrek-ecuador.com\/blog\/wp-content\/uploads\/2023\/05\/cotopaxi-eruption-7-mai-2023-lamas-1024x576.jpg\" alt=\"Cotopaxi\" class=\"wp-image-1862\" srcset=\"https:\/\/www.incatrek-ecuador.com\/blog\/wp-content\/uploads\/2023\/05\/cotopaxi-eruption-7-mai-2023-lamas-1024x576.jpg 1024w, https:\/\/www.incatrek-ecuador.com\/blog\/wp-content\/uploads\/2023\/05\/cotopaxi-eruption-7-mai-2023-lamas-300x169.jpg 300w, https:\/\/www.incatrek-ecuador.com\/blog\/wp-content\/uploads\/2023\/05\/cotopaxi-eruption-7-mai-2023-lamas-768x432.jpg 768w, https:\/\/www.incatrek-ecuador.com\/blog\/wp-content\/uploads\/2023\/05\/cotopaxi-eruption-7-mai-2023-lamas-370x208.jpg 370w, https:\/\/www.incatrek-ecuador.com\/blog\/wp-content\/uploads\/2023\/05\/cotopaxi-eruption-7-mai-2023-lamas-570x321.jpg 570w, https:\/\/www.incatrek-ecuador.com\/blog\/wp-content\/uploads\/2023\/05\/cotopaxi-eruption-7-mai-2023-lamas-770x433.jpg 770w, https:\/\/www.incatrek-ecuador.com\/blog\/wp-content\/uploads\/2023\/05\/cotopaxi-eruption-7-mai-2023-lamas-1170x658.jpg 1170w, https:\/\/www.incatrek-ecuador.com\/blog\/wp-content\/uploads\/2023\/05\/cotopaxi-eruption-7-mai-2023-lamas-1031x580.jpg 1031w, https:\/\/www.incatrek-ecuador.com\/blog\/wp-content\/uploads\/2023\/05\/cotopaxi-eruption-7-mai-2023-lamas.jpg 1280w\" sizes=\"(max-width: 1024px) 100vw, 1024px\" \/><figcaption class=\"wp-element-caption\">Cotopaxi<\/figcaption><\/figure>\n\n\n\n<p><strong>Quito, 21 f\u00e9vrier 2024<\/strong> &#8211; Le Minist\u00e8re de l&#8217;Environnement, de l&#8217;Eau et de la Transition \u00c9cologique a annonc\u00e9 ce jour la <strong>r\u00e9ouverture progressive du Parc National Cotopaxi aux activit\u00e9s d&#8217;ascension du volcan<\/strong>. Cette d\u00e9cision intervient apr\u00e8s plusieurs mois de fermeture suite \u00e0 l&#8217;augmentation de l&#8217;activit\u00e9 \u00e9ruptive du Cotopaxi. (<a href=\"https:\/\/www.incatrek-ecuador.com\/blog\/andinisme-et-ascension-du-cotopaxi-reouverture-progressive-de-la-montee-du-volcan-jusqua-son-sommet\/\">Article sur la r\u00e9ouverture du Cotopaxi<\/a>&#8230;)<\/p>\n\n\n\n<p><\/p>\n\n\n\n<h3 class=\"wp-block-heading\">\u00c9tat d&#8217;urgence et \u00e9tat de conflit arm\u00e9 interne (08\/10\/2024)<\/h3>\n\n\n\n<p>L&#8217;\u00e9vasion d&#8217;un c\u00e9l\u00e8bre narcotrafiquant de la prison de Latacunga a provoqu\u00e9 une onde de choc en \u00c9quateur. Les violences qui ont suivi, notamment \u00e0 <a href=\"https:\/\/www.incatrek-ecuador.com\/lequateur\/andes-equateur\/culture-dequateur\/les-villes-coloniales\/#voir-quito\" target=\"_blank\" rel=\"noreferrer noopener\">Quito<\/a> et \u00e0 <a href=\"https:\/\/www.incatrek-ecuador.com\/blog\/que-faire-a-guayaquil-et-autour-de-guayaquil\/\">Guayaquil<\/a>, ont conduit le pr\u00e9sident <a href=\"https:\/\/fr.wikipedia.org\/wiki\/Daniel_Noboa\" target=\"_blank\" rel=\"noreferrer noopener nofollow\">Daniel Noboa<\/a> \u00e0 d\u00e9cr\u00e9ter <strong>l&#8217;\u00e9tat d&#8217;urgence et l&#8217;\u00e9tat de conflit arm\u00e9 interne pour une p\u00e9riode de 60 jours.<\/strong><\/p>\n\n\n\n<p>Cette mesure exceptionnelle t\u00e9moigne de la gravit\u00e9 de la situation. Le gouvernement craint que les groupes arm\u00e9s, dont certains sont affili\u00e9s au narcotrafic, ne profitent de la confusion pour s&#8217;\u00e9tendre.<\/p>\n\n\n\n<p><strong>Les forces de s\u00e9curit\u00e9 ont \u00e9t\u00e9 d\u00e9ploy\u00e9es dans tout le pays pour faire face \u00e0 la menace et prot\u00e9ger les populations.<\/strong> Elles ont re\u00e7u l&#8217;ordre d&#8217;utiliser la force l\u00e9tale si n\u00e9cessaire.<\/p>\n\n\n\n<p>La situation reste tr\u00e8s tendue et il est difficile de pr\u00e9voir comment elle va \u00e9voluer. Nous vous informerons r\u00e9guli\u00e8rement sur la situation actuelle. Voir : <a href=\"https:\/\/www.incatrek-ecuador.com\/blog\/etat-d-urgence-et-etat-de-conflit-arme-en-equateur-2024-itk-voyage-vous-informe\/\">\u00c9tat d\u2019urgence et \u00e9tat de conflit arm\u00e9 interne en \u00c9quateur (2024) : ITK Voyage vous informe \u2013 Le Blog d&#8217;Itk Voyage \u00c9quateur et Galapagos (incatrek-ecuador.com)<\/a><\/p>\n\n\n\n<h3 class=\"wp-block-heading\">\u00c9quateur : Situation Politique<\/h3>\n\n\n\n<figure class=\"wp-block-image size-large\"><img decoding=\"async\" width=\"1024\" height=\"683\" src=\"https:\/\/www.incatrek-ecuador.com\/blog\/wp-content\/uploads\/2023\/08\/assassinat-fernando-villavicencio-credit-photo-El-UNIVERSO-1024x683.jpg\" alt=\"Assassinat du candidat pr\u00e9sidentiel Fernando Villavicencio\" class=\"wp-image-1911\" srcset=\"https:\/\/www.incatrek-ecuador.com\/blog\/wp-content\/uploads\/2023\/08\/assassinat-fernando-villavicencio-credit-photo-El-UNIVERSO-1024x683.jpg 1024w, https:\/\/www.incatrek-ecuador.com\/blog\/wp-content\/uploads\/2023\/08\/assassinat-fernando-villavicencio-credit-photo-El-UNIVERSO-300x200.jpg 300w, https:\/\/www.incatrek-ecuador.com\/blog\/wp-content\/uploads\/2023\/08\/assassinat-fernando-villavicencio-credit-photo-El-UNIVERSO-768x512.jpg 768w, https:\/\/www.incatrek-ecuador.com\/blog\/wp-content\/uploads\/2023\/08\/assassinat-fernando-villavicencio-credit-photo-El-UNIVERSO-1536x1024.jpg 1536w, https:\/\/www.incatrek-ecuador.com\/blog\/wp-content\/uploads\/2023\/08\/assassinat-fernando-villavicencio-credit-photo-El-UNIVERSO-2048x1365.jpg 2048w, https:\/\/www.incatrek-ecuador.com\/blog\/wp-content\/uploads\/2023\/08\/assassinat-fernando-villavicencio-credit-photo-El-UNIVERSO-370x247.jpg 370w, https:\/\/www.incatrek-ecuador.com\/blog\/wp-content\/uploads\/2023\/08\/assassinat-fernando-villavicencio-credit-photo-El-UNIVERSO-270x180.jpg 270w, https:\/\/www.incatrek-ecuador.com\/blog\/wp-content\/uploads\/2023\/08\/assassinat-fernando-villavicencio-credit-photo-El-UNIVERSO-570x380.jpg 570w, https:\/\/www.incatrek-ecuador.com\/blog\/wp-content\/uploads\/2023\/08\/assassinat-fernando-villavicencio-credit-photo-El-UNIVERSO-770x513.jpg 770w, https:\/\/www.incatrek-ecuador.com\/blog\/wp-content\/uploads\/2023\/08\/assassinat-fernando-villavicencio-credit-photo-El-UNIVERSO-1170x780.jpg 1170w, https:\/\/www.incatrek-ecuador.com\/blog\/wp-content\/uploads\/2023\/08\/assassinat-fernando-villavicencio-credit-photo-El-UNIVERSO-870x580.jpg 870w\" sizes=\"(max-width: 1024px) 100vw, 1024px\" \/><figcaption class=\"wp-element-caption\">Fernando Villavicencio &#8211; cr\u00e9dit photo El Universo<\/figcaption><\/figure>\n\n\n\n<h4 class=\"wp-block-heading\">Assassinat du candidat pr\u00e9sidentiel Fernando Villavicencio<\/h4>\n\n\n\n<h5 class=\"wp-block-heading\">Contexte <\/h5>\n\n\n\n<p>Les origines de la situation politique actuelle en \u00c9quateur au cours de la p\u00e9riode actuelle remontent aux manifestations de l&#8217;ann\u00e9e 2021, d\u00e9clench\u00e9es par les mesures \u00e9conomiques promues par le pr\u00e9sident en exercice et l&#8217;ins\u00e9curit\u00e9 qui avait principalement touch\u00e9 certaines r\u00e9gions de la c\u00f4te \u00e9quatorienne. En juin 2022, de nouvelles manifestations ont \u00e9clat\u00e9. Les dirigeants de diverses organisations, dont la CONAIE (Conf\u00e9d\u00e9ration des nationalit\u00e9s indig\u00e8nes de l&#8217;\u00c9quateur), ont orchestr\u00e9 une nouvelle vague de manifestations, avec des raisons demeurant les m\u00eames.<\/p>\n\n\n\n<p>Cette fois-ci, les manifestations ont abouti \u00e0 l&#8217;engagement du gouvernement \u00e9quatorien de r\u00e9pondre aux demandes des groupes et des associations en mouvement. Cet accord comprenait plusieurs mesures, telles que l&#8217;abrogation d&#8217;un d\u00e9cret promouvant l&#8217;activit\u00e9 p\u00e9troli\u00e8re en Amazonie, la d\u00e9claration de l&#8217;\u00e9tat d&#8217;urgence du syst\u00e8me de sant\u00e9 publique, et l&#8217;une des d\u00e9cisions les plus controvers\u00e9es, la r\u00e9duction de 15 centimes de dollar par gallon de carburant subventionn\u00e9 (alors que la demande \u00e9tait une r\u00e9duction de 40 centimes).<\/p>\n\n\n\n<figure class=\"wp-block-image size-large\"><img decoding=\"async\" width=\"1024\" height=\"684\" src=\"https:\/\/www.incatrek-ecuador.com\/blog\/wp-content\/uploads\/2023\/08\/Manifestation-Indigenes-credit-photo-CONAIE-1-1024x684.jpg\" alt=\"\" class=\"wp-image-1923\" srcset=\"https:\/\/www.incatrek-ecuador.com\/blog\/wp-content\/uploads\/2023\/08\/Manifestation-Indigenes-credit-photo-CONAIE-1-1024x684.jpg 1024w, https:\/\/www.incatrek-ecuador.com\/blog\/wp-content\/uploads\/2023\/08\/Manifestation-Indigenes-credit-photo-CONAIE-1-300x200.jpg 300w, https:\/\/www.incatrek-ecuador.com\/blog\/wp-content\/uploads\/2023\/08\/Manifestation-Indigenes-credit-photo-CONAIE-1-768x513.jpg 768w, https:\/\/www.incatrek-ecuador.com\/blog\/wp-content\/uploads\/2023\/08\/Manifestation-Indigenes-credit-photo-CONAIE-1-1536x1025.jpg 1536w, https:\/\/www.incatrek-ecuador.com\/blog\/wp-content\/uploads\/2023\/08\/Manifestation-Indigenes-credit-photo-CONAIE-1-2048x1367.jpg 2048w, https:\/\/www.incatrek-ecuador.com\/blog\/wp-content\/uploads\/2023\/08\/Manifestation-Indigenes-credit-photo-CONAIE-1-370x247.jpg 370w, https:\/\/www.incatrek-ecuador.com\/blog\/wp-content\/uploads\/2023\/08\/Manifestation-Indigenes-credit-photo-CONAIE-1-270x180.jpg 270w, https:\/\/www.incatrek-ecuador.com\/blog\/wp-content\/uploads\/2023\/08\/Manifestation-Indigenes-credit-photo-CONAIE-1-570x381.jpg 570w, https:\/\/www.incatrek-ecuador.com\/blog\/wp-content\/uploads\/2023\/08\/Manifestation-Indigenes-credit-photo-CONAIE-1-770x514.jpg 770w, https:\/\/www.incatrek-ecuador.com\/blog\/wp-content\/uploads\/2023\/08\/Manifestation-Indigenes-credit-photo-CONAIE-1-1170x781.jpg 1170w, https:\/\/www.incatrek-ecuador.com\/blog\/wp-content\/uploads\/2023\/08\/Manifestation-Indigenes-credit-photo-CONAIE-1-869x580.jpg 869w\" sizes=\"(max-width: 1024px) 100vw, 1024px\" \/><figcaption class=\"wp-element-caption\">Manifestations indig\u00e8nes &#8211; cr\u00e9dit photo CONAIE<\/figcaption><\/figure>\n\n\n\n<p>La baisse de popularit\u00e9 et une mise en accusation politique \u00e0 l&#8217;encontre du pr\u00e9sident en exercice ont abouti \u00e0 la mise en \u0153uvre de la &#8220;Muerte Cruzada&#8221; par ce dernier. La &#8220;Muerte Cruzada&#8221; est un m\u00e9canisme permettant \u00e0 l&#8217;ex\u00e9cutif et au l\u00e9gislatif de se dissoudre mutuellement, ouvrant ainsi la voie \u00e0 des \u00e9lections anticip\u00e9es. La justification de cette mesure prise le 17 mai de cette ann\u00e9e repose sur la &#8220;grave crise politique et l&#8217;agitation interne&#8221;. L&#8217;\u00c9quateur se pr\u00e9pare \u00e0 une nouvelle p\u00e9riode de campagnes \u00e9lectorales.<\/p>\n\n\n\n<p>Suite \u00e0 l&#8217;assassinat du candidat pr\u00e9sidentiel Fernando Villavicencio \u00e0 la sortie d&#8217;un meeting \u00e9lectoral le jeudi 8 ao\u00fbt dernier, le pr\u00e9sident sortant Guillermo Lasso a une fois de plus d\u00e9cr\u00e9t\u00e9 l&#8217;\u00e9tat d&#8217;urgence au niveau national pour une dur\u00e9e de 60 jours. Cet \u00e9v\u00e9nement sans pr\u00e9c\u00e9dent dans le pays a rapidement attir\u00e9 l&#8217;attention de la presse internationale. Selon les enqu\u00eates, le crime aurait \u00e9t\u00e9 perp\u00e9tr\u00e9 par un groupe de citoyens \u00e9trangers en provenance d&#8217;un pays voisin. Il s&#8217;agit d&#8217;un crime politique sans pr\u00e9c\u00e9dent.<\/p>\n\n\n\n<figure class=\"wp-block-image size-large\"><img loading=\"lazy\" decoding=\"async\" width=\"1024\" height=\"574\" src=\"https:\/\/www.incatrek-ecuador.com\/blog\/wp-content\/uploads\/2023\/08\/Guillermo-Lasso-credit-photo-primicias-2-1024x574.jpg\" alt=\"Pr\u00e9sident equatorien Guilmermo Lasso\" class=\"wp-image-1926\" srcset=\"https:\/\/www.incatrek-ecuador.com\/blog\/wp-content\/uploads\/2023\/08\/Guillermo-Lasso-credit-photo-primicias-2-1024x574.jpg 1024w, https:\/\/www.incatrek-ecuador.com\/blog\/wp-content\/uploads\/2023\/08\/Guillermo-Lasso-credit-photo-primicias-2-300x168.jpg 300w, https:\/\/www.incatrek-ecuador.com\/blog\/wp-content\/uploads\/2023\/08\/Guillermo-Lasso-credit-photo-primicias-2-768x430.jpg 768w, https:\/\/www.incatrek-ecuador.com\/blog\/wp-content\/uploads\/2023\/08\/Guillermo-Lasso-credit-photo-primicias-2-370x207.jpg 370w, https:\/\/www.incatrek-ecuador.com\/blog\/wp-content\/uploads\/2023\/08\/Guillermo-Lasso-credit-photo-primicias-2-570x319.jpg 570w, https:\/\/www.incatrek-ecuador.com\/blog\/wp-content\/uploads\/2023\/08\/Guillermo-Lasso-credit-photo-primicias-2-770x431.jpg 770w, https:\/\/www.incatrek-ecuador.com\/blog\/wp-content\/uploads\/2023\/08\/Guillermo-Lasso-credit-photo-primicias-2-1035x580.jpg 1035w, https:\/\/www.incatrek-ecuador.com\/blog\/wp-content\/uploads\/2023\/08\/Guillermo-Lasso-credit-photo-primicias-2.jpg 1160w\" sizes=\"(max-width: 1024px) 100vw, 1024px\" \/><figcaption class=\"wp-element-caption\">Pr\u00e9sident Equatorien Guillermo Lasso &#8211; cr\u00e9dit photo Primicias<\/figcaption><\/figure>\n\n\n\n<p>Las \u00e9lections pr\u00e9vues pour ce dimanche 20 ao\u00fbt 2023 sont maintenues comme pr\u00e9vu. \u00c0 cet effet, plusieurs op\u00e9rations de s\u00e9curit\u00e9 seront d\u00e9ploy\u00e9es afin d&#8217;assurer la s\u00e9curit\u00e9 nationale. Pour la premi\u00e8re fois, les \u00c9quatoriens exerceront leur droit de vote en plein \u00e9tat d&#8217;urgence.<\/p>\n\n\n\n<p>&#8220;<strong>Face \u00e0 la perte d&#8217;un d\u00e9mocrate et d&#8217;un combattant, les \u00e9lections ne sont pas suspendues. Elles doivent avoir lieu, et la d\u00e9mocratie doit \u00eatre renforc\u00e9e<\/strong>&#8220;, a d\u00e9clar\u00e9 le pr\u00e9sident en exercice lors d&#8217;une intervention suite \u00e0 l&#8217;\u00e9v\u00e9nement survenu.<\/p>\n\n\n\n<div style=\"height:100px\" aria-hidden=\"true\" class=\"wp-block-spacer\"><\/div>\n\n\n\n<h3 class=\"wp-block-heading\">La situation sur la c\u00f4te \u00e9quatorienne :<\/h3>\n\n\n\n<p>L&#8217;augmentation de la violence r\u00e9sultant d&#8217;affrontements entre groupes organis\u00e9s est la principale cause d&#8217;ins\u00e9curit\u00e9 dans cette r\u00e9gion du pays. Le 24 juillet de cette m\u00eame ann\u00e9e, le pr\u00e9sident en exercice avait d\u00e9j\u00e0 sign\u00e9 un autre d\u00e9cret d\u00e9clarant un \u00e9tat d&#8217;urgence toujours en vigueur dans les provinces de Manab\u00ed, Los R\u00edos et le canton de Dur\u00e1n (Guayas).<\/p>\n\n\n\n<p>Les causes de l&#8217;augmentation de la violence dans cette r\u00e9gion du pays au cours des derni\u00e8res ann\u00e9es sont, selon les autorit\u00e9s, li\u00e9es aux tentatives de groupes criminels de contr\u00f4ler des zones strat\u00e9giques de la c\u00f4te qui serviraient de points de stockage ou de voies de transport de marchandises illicites.<\/p>\n\n\n\n<figure class=\"wp-block-image size-large\"><img loading=\"lazy\" decoding=\"async\" width=\"950\" height=\"1024\" src=\"https:\/\/www.incatrek-ecuador.com\/blog\/wp-content\/uploads\/2023\/08\/CARTE-ETAT-DEXCEPTION-equateur-950x1024.jpg\" alt=\"\" class=\"wp-image-1912\" srcset=\"https:\/\/www.incatrek-ecuador.com\/blog\/wp-content\/uploads\/2023\/08\/CARTE-ETAT-DEXCEPTION-equateur-950x1024.jpg 950w, https:\/\/www.incatrek-ecuador.com\/blog\/wp-content\/uploads\/2023\/08\/CARTE-ETAT-DEXCEPTION-equateur-278x300.jpg 278w, https:\/\/www.incatrek-ecuador.com\/blog\/wp-content\/uploads\/2023\/08\/CARTE-ETAT-DEXCEPTION-equateur-768x828.jpg 768w, https:\/\/www.incatrek-ecuador.com\/blog\/wp-content\/uploads\/2023\/08\/CARTE-ETAT-DEXCEPTION-equateur-370x399.jpg 370w, https:\/\/www.incatrek-ecuador.com\/blog\/wp-content\/uploads\/2023\/08\/CARTE-ETAT-DEXCEPTION-equateur-570x614.jpg 570w, https:\/\/www.incatrek-ecuador.com\/blog\/wp-content\/uploads\/2023\/08\/CARTE-ETAT-DEXCEPTION-equateur-770x830.jpg 770w, https:\/\/www.incatrek-ecuador.com\/blog\/wp-content\/uploads\/2023\/08\/CARTE-ETAT-DEXCEPTION-equateur-1170x1261.jpg 1170w, https:\/\/www.incatrek-ecuador.com\/blog\/wp-content\/uploads\/2023\/08\/CARTE-ETAT-DEXCEPTION-equateur-538x580.jpg 538w, https:\/\/www.incatrek-ecuador.com\/blog\/wp-content\/uploads\/2023\/08\/CARTE-ETAT-DEXCEPTION-equateur.jpg 1200w\" sizes=\"(max-width: 950px) 100vw, 950px\" \/><\/figure>\n\n\n\n<h4 class=\"wp-block-heading\">Quelles sont les implications de l&#8217;\u00e9tat d&#8217;urgence actuel au niveau national ?<\/h4>\n\n\n\n<p>Parmi les mesures prises, l&#8217;\u00e9tat d&#8217;urgence permet au gouvernement de mobiliser les forces arm\u00e9es, qui apporteront leur soutien \u00e0 la police nationale pour renforcer la s\u00e9curit\u00e9 int\u00e9rieure du pays.<\/p>\n\n\n\n<p>L&#8217;\u00e9tat d&#8217;urgence implique \u00e9galement d&#8217;autres mesures qui ont un impact plus important sur les citoyens locaux, telles que la suspension du droit \u00e0 l&#8217;inviolabilit\u00e9 du domicile et de la correspondance, ou la suspension du droit \u00e0 la libre association.<\/p>\n\n\n\n<p>Pour le moment, il n&#8217;y a pas de restrictions \u00e0 la mobilit\u00e9 ni de couvre-feu, ce qui signifie que les activit\u00e9s li\u00e9es au secteur touristique se d\u00e9roulent normalement. Sur le terrain, il y aura plus de s\u00e9curit\u00e9 dans les rues et des contr\u00f4les occasionnels sur les routes reliant les principales villes du pays. Le minist\u00e8re du tourisme a confirm\u00e9 son soutien \u00e0 tous les acteurs du secteur pour la poursuite de leurs activit\u00e9s.<\/p>\n","protected":false},"excerpt":{"rendered":"<p>Toute l&#8217;actualit\u00e9 \u00e9quatorienne pour voyager en \u00c9quateur en 2024 (mise \u00e0 jour 23\/02\/2024) D\u00e9couvrez les toutes derni\u00e8res informations et les [&hellip;]<\/p>\n","protected":false},"author":11,"featured_media":1890,"comment_status":"open","ping_status":"closed","sticky":true,"template":"","format":"standard","meta":{"_eb_attr":"","_exactmetrics_skip_tracking":false,"_exactmetrics_sitenote_active":false,"_exactmetrics_sitenote_note":"","_exactmetrics_sitenote_category":0,"_monsterinsights_skip_tracking":false,"_monsterinsights_sitenote_active":false,"_monsterinsights_sitenote_note":"","_monsterinsights_sitenote_category":0,"site-sidebar-layout":"default","site-content-layout":"","ast-site-content-layout":"","site-content-style":"default","site-sidebar-style":"default","ast-global-header-display":"","ast-banner-title-visibility":"","ast-main-header-display":"","ast-hfb-above-header-display":"","ast-hfb-below-header-display":"","ast-hfb-mobile-header-display":"","site-post-title":"","ast-breadcrumbs-content":"","ast-featured-img":"","footer-sml-layout":"","theme-transparent-header-meta":"","adv-header-id-meta":"","stick-header-meta":"","header-above-stick-meta":"","header-main-stick-meta":"","header-below-stick-meta":"","astra-migrate-meta-layouts":"default","ast-page-background-enabled":"default","ast-page-background-meta":{"desktop":{"background-color":"var(--ast-global-color-4)","background-image":"","background-repeat":"repeat","background-position":"center center","background-size":"auto","background-attachment":"scroll","background-type":"","background-media":"","overlay-type":"","overlay-color":"","overlay-opacity":"","overlay-gradient":""},"tablet":{"background-color":"","background-image":"","background-repeat":"repeat","background-position":"center center","background-size":"auto","background-attachment":"scroll","background-type":"","background-media":"","overlay-type":"","overlay-color":"","overlay-opacity":"","overlay-gradient":""},"mobile":{"background-color":"","background-image":"","background-repeat":"repeat","background-position":"center center","background-size":"auto","background-attachment":"scroll","background-type":"","background-media":"","overlay-type":"","overlay-color":"","overlay-opacity":"","overlay-gradient":""}},"ast-content-background-meta":{"desktop":{"background-color":"var(--ast-global-color-5)","background-image":"","background-repeat":"repeat","background-position":"center center","background-size":"auto","background-attachment":"scroll","background-type":"","background-media":"","overlay-type":"","overlay-color":"","overlay-opacity":"","overlay-gradient":""},"tablet":{"background-color":"var(--ast-global-color-5)","background-image":"","background-repeat":"repeat","background-position":"center center","background-size":"auto","background-attachment":"scroll","background-type":"","background-media":"","overlay-type":"","overlay-color":"","overlay-opacity":"","overlay-gradient":""},"mobile":{"background-color":"var(--ast-global-color-5)","background-image":"","background-repeat":"repeat","background-position":"center center","background-size":"auto","background-attachment":"scroll","background-type":"","background-media":"","overlay-type":"","overlay-color":"","overlay-opacity":"","overlay-gradient":""}},"_joinchat":[],"footnotes":""},"categories":[8,54,24,53,55],"tags":[34,37,35],"class_list":["post-1868","post","type-post","status-publish","format-standard","has-post-thumbnail","hentry","category-actualite-dequateur","category-amerique-du-sud","category-breaking-news","category-destination","category-equateur","tag-34","tag-etat-dexception","tag-infos-news"],"_links":{"self":[{"href":"https:\/\/www.incatrek-ecuador.com\/blog\/wp-json\/wp\/v2\/posts\/1868","targetHints":{"allow":["GET"]}}],"collection":[{"href":"https:\/\/www.incatrek-ecuador.com\/blog\/wp-json\/wp\/v2\/posts"}],"about":[{"href":"https:\/\/www.incatrek-ecuador.com\/blog\/wp-json\/wp\/v2\/types\/post"}],"author":[{"embeddable":true,"href":"https:\/\/www.incatrek-ecuador.com\/blog\/wp-json\/wp\/v2\/users\/11"}],"replies":[{"embeddable":true,"href":"https:\/\/www.incatrek-ecuador.com\/blog\/wp-json\/wp\/v2\/comments?post=1868"}],"version-history":[{"count":0,"href":"https:\/\/www.incatrek-ecuador.com\/blog\/wp-json\/wp\/v2\/posts\/1868\/revisions"}],"wp:featuredmedia":[{"embeddable":true,"href":"https:\/\/www.incatrek-ecuador.com\/blog\/wp-json\/wp\/v2\/media\/1890"}],"wp:attachment":[{"href":"https:\/\/www.incatrek-ecuador.com\/blog\/wp-json\/wp\/v2\/media?parent=1868"}],"wp:term":[{"taxonomy":"category","embeddable":true,"href":"https:\/\/www.incatrek-ecuador.com\/blog\/wp-json\/wp\/v2\/categories?post=1868"},{"taxonomy":"post_tag","embeddable":true,"href":"https:\/\/www.incatrek-ecuador.com\/blog\/wp-json\/wp\/v2\/tags?post=1868"}],"curies":[{"name":"wp","href":"https:\/\/api.w.org\/{rel}","templated":true}]}}