{"id":2080,"date":"2024-01-10T14:53:21","date_gmt":"2024-01-10T13:53:21","guid":{"rendered":"https:\/\/www.incatrek-ecuador.com\/blog\/?p=2080"},"modified":"2024-04-17T19:27:09","modified_gmt":"2024-04-17T17:27:09","slug":"etat-d-urgence-et-etat-de-conflit-arme-en-equateur-2024-itk-voyage-vous-informe","status":"publish","type":"post","link":"https:\/\/www.incatrek-ecuador.com\/blog\/etat-d-urgence-et-etat-de-conflit-arme-en-equateur-2024-itk-voyage-vous-informe\/","title":{"rendered":"\u00c9tat d&#8217;urgence et \u00e9tat de conflit arm\u00e9 interne en \u00c9quateur (2024) : ITK Voyage vous informe"},"content":{"rendered":"\n<p><\/p>\n\n\n\n<h1 class=\"wp-block-heading has-x-large-font-size\">\u00c9quateur : \u00c9tats d&#8217;Urgence<\/h1>\n\n\n\n<p class=\"has-background\" style=\"background-color:#fffd9e\"><span style=\"color:red;\"><em>(\u26a0<\/em> <em><strong>Derni\u00e8re mise \u00e0 jour<\/strong>, mardi 7 avril 2024)<\/em><\/span><\/p>\n\n\n\n<p style=\"font-size:0.7rem;\"><strong>\u00c9tat d&#8217;urgence en \u00c9quateur<\/strong> : prolongation de 30 jours<br \/>\n\n<strong>Dur\u00e9e<\/strong> : 90 jours (du 8 janvier au 7 avril 2024)<br \/>\n\n<strong>Motif<\/strong> : Consolider les r\u00e9sultats positifs en mati\u00e8re de s\u00e9curit\u00e9<br \/>\n\n<strong>Mesures<\/strong> : D\u00e9ploiement de l&#8217;arm\u00e9e et de la police dans tout le pays<br \/>\n\n<strong>D\u00e9fis<\/strong> : Lutte contre le crime organis\u00e9 et la violence<br \/>\n\n<strong>Objectif<\/strong> : Garantir un environnement stable et s\u00e9curis\u00e9 pour la population<br \/>\n\n<strong>Couvre-feu<\/strong> : Selon les zones (A. sans couvre-feu ; B. 01 h 00 &#8211; 05 h 00 ; C. 02 h 00 &#8211; 05 h 00<\/p>\n<hr>\n\n\n\n<p>L&#8217;Agence ITK Voyage \u00c9quateur &amp; Galapagos suit de pr\u00e8s l&#8217;\u00e9volution de la situation en \u00c9quateur, o\u00f9 <strong>l&#8217;\u00e9tat d&#8217;urgence et l&#8217;\u00e9tat de conflit arm\u00e9 interne ont \u00e9t\u00e9 d\u00e9cr\u00e9t\u00e9s le 8 janvier 2024 <\/strong>par le pr\u00e9sident \u00e9quatorien <a href=\"https:\/\/fr.wikipedia.org\/wiki\/Daniel_Noboa\" target=\"_blank\" rel=\"noopener\">Daniel Noboa<\/a>, suite \u00e0 l&#8217;\u00e9vasion d&#8217;une figure importante du narcotrafic.<\/p>\n\n\n\n<p><strong>Suite \u00e0 l\u2019efficacit\u00e9 des mesures constitutionnelles<\/strong> d\u2019\u00ab \u00e9tat d\u2019urgence et d\u2019\u00e9tat de conflit arm\u00e9 interne \u00bb, d\u00e9cr\u00e9t\u00e9es par le Gouvernement du nouveau Pr\u00e9sident de la R\u00e9publique Noboa pour lutter contre les bandes de narcotrafiquants et initialement en vigueur pour une p\u00e9riode de 60 jours (jusqu\u2019au 8 mars 2024), <strong>le gouvernement a d\u00e9cid\u00e9 de l\u2019\u00e9tendre de 30 jours<\/strong> (jusqu\u2019au 7 avril 2024). <strong>Dimanche 7 avril 2024, le couvre-feu et l&#8217;\u00c9tat-d&#8217;Urgence ont pris fin.<\/strong><\/p>\n\n\n\n<p>Concernant les mesures \u00e0 prendre en compte pour les voyageurs, nous vous informons que :<\/p>\n\n\n\n<pre class=\"wp-block-code\"><code><strong>*L'\u00c9tat-d'Urgence et les diff\u00e9rents couvre-feu ont cess\u00e9 dimanche 7 avril 2024.<\/strong>\n*Depuis le 21 mars 2024, les horaires du couvre-feu sont assouplies.\n*Le 7 mars 2024, l'\u00e9tat-d'urgence a \u00e9t\u00e9 prolong\u00e9 de 30 jours<strong>\n<\/strong>*Le gouvernement fran\u00e7ais a mis \u00e0 jour ses conseils aux voyageurs le 30 janvier 2024. Il recommande d\u00e9sormais la prudence aux voyageurs se rendant en Equateur, mais ne d\u00e9conseille plus les voyages dans le pays.<strong>\n<\/strong>*Depuis le 23 janvier, le couvre-feu n'est plus en vigueur de 23 h \u00e0 5 h du matin sur l'ensemble du territoire national.\n*Une exception est pr\u00e9vue pour les personnes qui doivent se rendre \u00e0 l\u2019a\u00e9roport, ou en revenir, pour des vols pr\u00e9vus pendant les heures du couvre-feu.\n*Guayaquil est en zone particuli\u00e8rement tendue.\n*Le gouvernement lutte officiellement contre la narco criminalit\u00e9 et les trafiquants avec le d\u00e9ploiement de l'arm\u00e9e dans les rues des grandes villes 24h\/24h.\n*Les \u00e9trangers entrant en Equateur via des points de passage frontaliers terrestres depuis le P\u00e9rou ou la Colombie, doivent pr\u00e9senter un certificat de casier judiciaire apostill\u00e9.<\/code><\/pre>\n\n\n\n<p>Nous vous recommandons de suivre attentivement les informations des autorit\u00e9s locales et de respecter les consignes de s\u00e9curit\u00e9.<\/p>\n\n\n\n<p>Informations sur cette page :<\/p>\n\n\n\n<ul class=\"wp-block-list\">\n<li><strong><a href=\"#fin-etat-d-urgence\" data-type=\"internal\" data-id=\"#fin-etat-d-urgence\">Fin de l&#8217;<strong>\u00c9<\/strong>tat-d&#8217;Urgence sur l&#8217;ensemble du territoire<\/a><\/strong><\/li>\n\n\n\n<li><a href=\"#nouvel-assouplissement-horaires-couvre-feu\"><strong>Le gouvernement assouplit les horaires du couvre-feu dans la zone la plus tendue<\/strong><\/a><\/li>\n\n\n\n<li><strong><em><a href=\"#etat-urgence-prolongation-officielle\">\u00c9tat d&#8217;urgence en \u00c9quateur : prolongation officielle pour consolider les r\u00e9sultats s\u00e9curitaires<\/a><\/em><\/strong><\/li>\n\n\n\n<li><strong><a href=\"#communiq\u00e9-presse-fevrier-2024-progres-significatifs\">&#8220;<em>Des progr\u00e8s significatifs et d\u00e9cisifs ont \u00e9t\u00e9 r\u00e9alis\u00e9s en mati\u00e8re de s\u00e9curit\u00e9 nationale.<\/em>&#8221; &#8211; 01\/02\/2024<\/a><\/strong><\/li>\n\n\n\n<li><a href=\"#allegement-couvre-feu-decret-135-23-janvier\"><strong>Couvre-feu en \u00c9quateur : all\u00e8gement par province depuis le 23 janvier 2024<\/strong><\/a><\/li>\n\n\n\n<li><a href=\"#voyager-equateur-2024\" data-type=\"internal\" data-id=\"#voyager-equateur-2024\"><strong>Est-ce possible de voyager en Equateur pendant l&#8217;\u00e9tat d&#8217;urgence ?<\/strong><\/a><\/li>\n\n\n\n<li><a href=\"#carte-2024-zones-vigilance-securite-equateur-voyage\"><strong>Carte 2024 des zones de vigilance<\/strong><\/a><\/li>\n\n\n\n<li><a href=\"#voyager-galapagos-2024\"><strong>Peut-on voyager aux Galapagos pendant l&#8217;\u00e9tat d&#8217;urgence ?<\/strong><\/a><\/li>\n\n\n\n<li><a href=\"#garanties-voyage-2024\" data-type=\"internal\" data-id=\"#garanties-voyage-2024\"><strong>Les garanties voyage du Minist\u00e8re du Tourisme \u00e9quatorien<\/strong><\/a><\/li>\n\n\n\n<li><a href=\"#communiqu\u00e9-ministere-du-tourisme-equateur-15-janvier\"><strong>Communiqu\u00e9 officiel du Minist\u00e8re du Toursime en date 15 janvier 2024<\/strong><\/a><\/li>\n\n\n\n<li><a href=\"#lettre-ministre-tourisme-aux-touristes\"><strong>Lettre de Niels Olsen Peet, Ministre du Tourisme en Equateur, aux touristes et voyageurs<\/strong><\/a><\/li>\n\n\n\n<li><strong><a href=\"#comunique-officiel-tourisme-couvre-feu-2024\">Communiqu\u00e9 officiel sur les dispositions de mobilit\u00e9 pour le secteur du tourisme pendant le couvre-feu<\/a><\/strong><\/li>\n\n\n\n<li><strong><a href=\"#equateur-retour-normal-communiqu\u00e9-gouvernement\">&#8220;<em>l\u2019\u00c9quateur \u0153uvre avec succ\u00e8s au retour \u00e0 la normale dans tout le pays.<\/em>&#8221; : Communiqu\u00e9 officiel<\/a><\/strong><\/li>\n\n\n\n<li><a href=\"#garanties-securite-voyage-equateur\"><strong>Voyager avec ITK Voyage Equateur &amp; Galapagos : garanties pendant l&#8217;\u00e9tat d&#8217;urgence<\/strong><\/a><\/li>\n\n\n\n<li><strong><a href=\"#securite-equateur-presse-locale-2024\" target=\"_blank\" rel=\"noreferrer noopener\">La s\u00e9curit\u00e9 en Equateur pendant l&#8217;\u00e9tat d&#8217;urgence, vue par la presse locale<\/a><\/strong><\/li>\n\n\n\n<li><a href=\"#etat-conflit-arme-interne-explique\"><strong>&#8220;L&#8217;\u00e9tat de conflit interne&#8221; expliqu\u00e9<\/strong><\/a><\/li>\n\n\n\n<li><a href=\"#prise-otages-guayaquil\"><strong>Prise d&#8217;otages \u00e0 Guayaquil<\/strong><\/a><\/li>\n\n\n\n<li><a href=\"#etals-vides-panamericaine-deserte\"><strong>Des \u00e9tals proches de la prison vides et une autoroute panam\u00e9ricaine d\u00e9serte le 10\/01\/2024 (vid\u00e9o et bref reportage photo)<\/strong><\/a><\/li>\n\n\n\n<li><a href=\"#marche-saquisili-province-cotopaxi\" data-type=\"internal\" data-id=\"#marche-saquisili-province-cotopaxi\"><strong>Au march\u00e9 de Saquisili, le 11\/01\/2024, la vie reprend son cours<\/strong><\/a><\/li>\n\n\n\n<li><a href=\"#plaza-san-francisco-vie-normale\"><strong>La Plaza San Francisco de Quito, un symbole de la vie quotidienne qui revient \u00e0 la normale<\/strong><\/a><\/li>\n\n\n\n<li><a href=\"#bilan\"><strong>Bilan de la situation en Equateur<\/strong><\/a><\/li>\n\n\n\n<li><a href=\"#aider-demarches\"><strong>Pour vous aider dans vos d\u00e9marches<\/strong><\/a><\/li>\n<\/ul>\n\n\n\n<p><strong>Nous vous tiendrons inform\u00e9s de l&#8217;\u00e9volution de la situation r\u00e9guli\u00e8rement<\/strong> depuis Quito <strong>et nous adapterons nos offres en fonction des conditions de s\u00e9curit\u00e9.<\/strong><\/p>\n\n\n\n<figure class=\"wp-block-image aligncenter size-full\"><img fetchpriority=\"high\" decoding=\"async\" width=\"640\" height=\"360\" src=\"https:\/\/www.incatrek-ecuador.com\/blog\/wp-content\/uploads\/2024\/01\/equateur-militaires-protection-civils-et-touristes.jpg\" alt=\"\" class=\"wp-image-2160\" srcset=\"https:\/\/www.incatrek-ecuador.com\/blog\/wp-content\/uploads\/2024\/01\/equateur-militaires-protection-civils-et-touristes.jpg 640w, https:\/\/www.incatrek-ecuador.com\/blog\/wp-content\/uploads\/2024\/01\/equateur-militaires-protection-civils-et-touristes-300x169.jpg 300w\" sizes=\"(max-width: 640px) 100vw, 640px\" \/><figcaption class=\"wp-element-caption\">Cr\u00e9dit Photo : EFE<\/figcaption><\/figure>\n\n\n\n<h2 class=\"wp-block-heading\" id=\"fin-etat-d-urgence\">Fin de l&#8217;\u00c9tat-d&#8217;urgence<\/h2>\n\n\n\n<p>L&#8217;\u00c9tat-d&#8217;Urgence et les diff\u00e9rents couvre-feu ont cess\u00e9 dimanche 7 avril 2024 \u00e0 minuit sur l&#8217;ensemble du territoire \u00e9quatorien, selon plusieurs m\u00e9dias locaux. Le gouvernement n&#8217;a fait aucune annonce officielle.<\/p>\n\n\n\n<p>Cependant, afin de garantir la s\u00e9curit\u00e9 du pays, le gouvernement \u00e9quatorien a annonc\u00e9 la <a href=\"https:\/\/www.defensa.gob.ec\/fuerzas-armadas-continuaran-velando-por-la-defensa-y-la-seguridad-del-pais\/\" target=\"_blank\" rel=\"noreferrer noopener\">continuit\u00e9 du d\u00e9ploiement des forces arm\u00e9es et polici\u00e8res<\/a> (<em>traduction du lien ci-dessous<\/em>) sur le territoire national, \u00e0 l&#8217;instar du plan Vigipirate en France. Cette d\u00e9cision vise \u00e0 pr\u00e9venir d&#8217;\u00e9ventuels troubles \u00e0 l&#8217;ordre public et \u00e0 renforcer la protection des citoyens et des touristes.<\/p>\n\n\n\n<iframe src=\"https:\/\/www.incatrek-ecuador.com\/blog\/wp-content\/uploads\/2024\/04\/fin-etat-urgence-equateur-annonce-officielle.pdf\" width=\"100%\" height=\"400\"><\/iframe>\n\n\n\n<h2 class=\"wp-block-heading\" id=\"nouvel-assouplissement-horaires-couvre-feu\">Le gouvernement assouplit les horaires du couvre-feu dans la zone la plus tendue<\/h2>\n\n\n\n<p>Le 21 mars 2024, le gouvernement a annonc\u00e9 un assouplissement des horaires du couvre-feu dans les zones class\u00e9es comme &#8220;\u00e0 risque \u00e9lev\u00e9&#8221;.<\/p>\n\n\n\n<p>A partir de ce jour, le couvre-feu dans ces zones d\u00e9butera \u00e0 1 h du matin au lieu de minuit.<\/p>\n\n\n\n<p><em>Voir les <a href=\"#allegement-couvre-feu-decret-135-23-janvier\">horaires pour toutes les zones<\/a>.<\/em><\/p>\n\n\n\n<h2 class=\"wp-block-heading\" id=\"etat-urgence-prolongation-officielle\">\u00c9tat d&#8217;urgence en \u00c9quateur : prolongation officielle pour consolider les r\u00e9sultats s\u00e9curitaires<\/h2>\n\n\n\n<p>Le 23 f\u00e9vrier 2024, le pr\u00e9sident \u00e9quatorien Daniel Noboa avait \u00e9voqu\u00e9 dans les m\u00e9dias locaux la possibilit\u00e9 de prolonger l&#8217;\u00e9tat d&#8217;urgence. Cette d\u00e9cision est devenue officielle suite \u00e0 la parution du d\u00e9cret N\u00b0 193 dat\u00e9 du 7 mars dernier, confirmant la volont\u00e9 du gouvernement de poursuivre ses efforts pour am\u00e9liorer la s\u00e9curit\u00e9 dans le pays.<\/p>\n\n\n\n<p>La prolongation de l&#8217;\u00e9tat d&#8217;urgence s&#8217;appuie sur les r\u00e9sultats positifs obtenus depuis sa mise en place. En effet, les autorit\u00e9s \u00e9quatoriennes ont enregistr\u00e9 une diminution significative des actes de violence et du crime organis\u00e9.<\/p>\n\n\n\n<h3 class=\"wp-block-heading\">D\u00e9cret officiel N\u00b0193 du 07\/03\/2024 (En Espagnol)<\/h3>\n\n\n\n<div data-wp-interactive=\"core\/file\" class=\"wp-block-file\"><object data-wp-bind--hidden=\"!state.hasPdfPreview\" hidden class=\"wp-block-file__embed\" data=\"https:\/\/www.incatrek-ecuador.com\/blog\/wp-content\/uploads\/2024\/03\/decret_executif_No._193_decret_prolongation-etat_urgence_equateur.pdf\" type=\"application\/pdf\" style=\"width:100%;height:600px\" aria-label=\"Contenu embarqu\u00e9 decret_executif_No._193_decret_prolongation-etat_urgence_equateur.\"><\/object><a id=\"wp-block-file--media-b43f2a2a-0f50-4c77-bf1a-15be1d1713d5\" href=\"https:\/\/www.incatrek-ecuador.com\/blog\/wp-content\/uploads\/2024\/03\/decret_executif_No._193_decret_prolongation-etat_urgence_equateur.pdf\">decret_executif_No._193_decret_prolongation-etat_urgence_equateur<\/a><a href=\"https:\/\/www.incatrek-ecuador.com\/blog\/wp-content\/uploads\/2024\/03\/decret_executif_No._193_decret_prolongation-etat_urgence_equateur.pdf\" class=\"wp-block-file__button wp-element-button\" aria-describedby=\"wp-block-file--media-b43f2a2a-0f50-4c77-bf1a-15be1d1713d5\" download>T\u00e9l\u00e9charger<\/a><\/div>\n\n\n\n<h2 class=\"wp-block-heading\" id=\"communiq\u00e9-presse-fevrier-2024-progres-significatifs\">&#8220;Des progr\u00e8s significatifs et d\u00e9cisifs ont \u00e9t\u00e9 r\u00e9alis\u00e9s en mati\u00e8re de s\u00e9curit\u00e9 nationale.&#8221; &#8211; 01\/02\/2024<\/h2>\n\n\n\n<p>Dans un communiqu\u00e9 de presse, le Minist\u00e8re du Tourisme a annonc\u00e9 le 1 fevrier 2024 des progr\u00e8s significatifs et d\u00e9cisifs en mati\u00e8re de s\u00e9curit\u00e9 nationale, suite \u00e0 l&#8217;instauration de l&#8217;\u00e9tat d&#8217;urgence le 18 janvier 2024.<\/p>\n\n\n\n<h3 class=\"wp-block-heading\">R\u00e9sultats des op\u00e9rations<\/h3>\n\n\n\n<ul class=\"wp-block-list\">\n<li><strong>60 508 op\u00e9rations<\/strong> ont \u00e9t\u00e9 men\u00e9es sur l&#8217;ensemble du territoire \u00e9quatorien.<\/li>\n\n\n\n<li><strong>4 882 arrestations<\/strong> ont \u00e9t\u00e9 effectu\u00e9es.<\/li>\n\n\n\n<li>La <strong>paix <\/strong>et la <strong>s\u00e9curit\u00e9 <\/strong>ont \u00e9t\u00e9 restaur\u00e9es dans les zones touch\u00e9es par les troubles.<\/li>\n<\/ul>\n\n\n\n<h3 class=\"wp-block-heading\">Retour \u00e0 la normale \u00e0 Quito et Guayaquil<\/h3>\n\n\n\n<p>Le Minist\u00e8re annonce le retour \u00e0 la normale dans la capitale Quito, ainsi qu&#8217;\u00e0 Guayaquil.<\/p>\n\n\n\n<h4 class=\"wp-block-heading\">T\u00e9moignage d&#8217;un journaliste<\/h4>\n\n\n\n<p>Dans son article &#8220;<em><a href=\"https:\/\/www.travelweekly.com\/Blogs\/Dispatch\/Quito-visit-during-state-of-emergency\" data-type=\"link\" data-id=\"https:\/\/www.travelweekly.com\/Blogs\/Dispatch\/Quito-visit-during-state-of-emergency\" target=\"_blank\" rel=\"noreferrer noopener nofollow\">Dispatch, Ecuador. Drug war a world away<\/a><\/em>&#8221; (comprendre &#8220;<strong>Reportage, \u00c9quateur : La guerre contre la drogue semble bien loin<\/strong>&#8220;), la journaliste de Travel Weekly souligne le calme et le retour \u00e0 la vie quotidienne dans la capitale.<\/p>\n\n\n\n<p>Le Minist\u00e8re se f\u00e9licite de ces r\u00e9sultats et r\u00e9affirme son engagement \u00e0 garantir la s\u00e9curit\u00e9 de tous les citoyens \u00e9quatoriens, expatri\u00e9s et touristes.<\/p>\n\n\n\n<h3 class=\"wp-block-heading\">Communiqu\u00e9 officiel du Minist\u00e8re du tourisme \u00e9quatorien (01\/02\/2024)<\/h3>\n\n\n\n<iframe src=\"https:\/\/www.incatrek-ecuador.com\/blog\/wp-content\/uploads\/2024\/02\/communique-1-fevrier-2024-ministere-tourisme-equateur-progres-significatifs-securite-paix.pdf\" width=\"100%\" height=\"400\"><\/iframe>\n\n\n\n<h2 class=\"wp-block-heading\" id=\"allegement-couvre-feu-decret-135-23-janvier\">Couvre-feu en \u00c9quateur : all\u00e8gement par province le 23\/01\/2024<\/h2>\n\n\n\n<p>Le pr\u00e9sident \u00e9quatorien Daniel Noboa a annonc\u00e9 le 23 janvier 2024, d\u00e9cret N\u00b0 135, un <strong>all\u00e8gement du couvre-feu<\/strong> en vigueur depuis le 9 janvier 2024. Le couvre-feu ne sera d\u00e9sormais plus appliqu\u00e9 de mani\u00e8re uniforme sur l&#8217;ensemble du territoire, mais <strong>sera adapt\u00e9 par province en fonction du niveau de s\u00e9curit\u00e9<\/strong>.<\/p>\n\n\n\n<p>Les provinces sont r\u00e9parties en trois cat\u00e9gories :<\/p>\n\n\n\n<ul class=\"wp-block-list\">\n<li><strong>Niveau \u00e9lev\u00e9<\/strong>  : couvre-feu de 01 h 00 \u00e0 05 h 00 (depuis le 21 mars 2024 ; au lieu de 00 h 00 &#8211; 05 h 00)<\/li>\n\n\n\n<li><strong>Niveau moyen<\/strong> : couvre-feu de 02 h 00 \u00e0 05 h 00<\/li>\n\n\n\n<li><strong>Niveau bas <\/strong> : pas de couvre-feu<\/li>\n<\/ul>\n\n\n\n<p>Les exceptions au couvre-feu restent les m\u00eames pour tous les niveaux :<\/p>\n\n\n\n<ul class=\"wp-block-list\">\n<li>Les personnes qui se d\u00e9placent pour des raisons de sant\u00e9, d&#8217;urgence ou de travail.<\/li>\n\n\n\n<li>Les personnes qui se rendent \u00e0 l&#8217;a\u00e9roport ou en reviennent.<\/li>\n<\/ul>\n\n\n\n<p><strong>Cette mesure est une premi\u00e8re \u00e9tape vers un retour \u00e0 la normale dans le pays<\/strong>.<\/p>\n\n\n\n<p>Sources : &#8220;<em><a href=\"https:\/\/www.eluniverso.com\/noticias\/ecuador\/este-es-el-decreto-de-toque-de-queda-en-ecuador-con-niveles-alto-medio-y-bajo-nota\/\" target=\"_blank\" rel=\"noreferrer noopener nofollow\">C&#8217;est le d\u00e9cret du couvre-feu en Equateur avec les niveaux haut, moyen et ba<\/a><\/em>s&#8221; &#8211; El Universo (23\/01\/2024) ; &#8220;<em><a href=\"https:\/\/www.eluniverso.com\/noticias\/ecuador\/horario-de-semaforizacion-del-toque-de-queda-en-el-oro-para-este-martes-23-de-enero-nota\/\" target=\"_blank\" rel=\"noreferrer noopener nofollow\">Nouveaux horaires du couvre-feu dans la r\u00e9gion d&#8217;El Oro pour ce mardi, 23 janvier<\/a><\/em>&#8221; &#8211; El Universo (23\/01\/2024) ; &#8220;<em><a href=\"https:\/\/www.eluniverso.com\/noticias\/politica\/toque-de-queda-se-modifica-en-guayaquil-y-quito-sera-de-0000-a-0500-nota\/\" target=\"_blank\" rel=\"noreferrer noopener nofollow\">C\u2019est le nouvel horaire du couvre-feu pour Guayaquil et Quito<\/a><\/em>&#8221; &#8211; El Universo (23\/01\/2024) ; &amp; &#8220;<em><a href=\"https:\/\/apak.tv\/3d-flip-book\/decreto-ejecutivo-no-135\/\" target=\"_blank\" rel=\"noreferrer noopener nofollow\">D\u00e9cret N\u00b0 135<\/a><\/em>&#8221; &#8211; APAK (23\/01\/2024)<\/p>\n\n\n\n<h3 class=\"wp-block-heading\" id=\"tableau-nouvelles-modalites-couvre-feu\">Tableau r\u00e9capitulatif des niveaux de risque et nouvelles modalit\u00e9s du couvre-feu<\/h3>\n\n\n\n<p>Ce tableau pr\u00e9sente les nouvelles modalit\u00e9s du couvre-feu en \u00c9quateur, en vigueur depuis le 23 janvier 2024. Le couvre-feu est d\u00e9sormais adapt\u00e9 par province en fonction du niveau de s\u00e9curit\u00e9. <\/p>\n\n\n\n<p><em>(Mis \u00e0 jour le 22 mar 2024)<\/em><\/p>\n\n\n\n<table style=\"border-radius:10px!important; line-height: 1.5rem; font-size: 17px;color:black;\">\n  <thead>\n    <tr>\n      <th>NIVEAU<\/th>\n      <th>PROVINCES\/Cantons<\/th>\n      <th>Horaires<\/th>\n      <th>Exceptions<\/th>\n    <\/tr>\n  <\/thead>\n  <tbody>\n    <tr style=\"background-color:#ffbd9e;\">\n      <td>\u00c9LEV\u00c9<\/td>\n      <td><strong>CA\u00d1AR<\/strong> : La Troncal\n<br \/><strong>EL ORO<\/strong> : Arenillas, Huaquillas, Machala, Pasaje, Santa Rosa\n<br \/><strong>ESMERALDAS<\/strong> : Quinind\u00e9, San Lorenzo\n<br \/><strong>GUAYAS<\/strong>: Dur\u00e1n, Guayaquil, Balao, Balzar, Daule, El triunfo, El Empalme, Milagro, Naranjal, Naranjito, Playas, San Jacinto de Yaguachi\n<br \/><strong>LOS RIOS<\/strong> : Babahoyo, Buena Fe, Pueblo Viejo, Quevedo, Valencia, Ventanas, Vinces\n<br \/><strong>MANABI<\/strong> : Manta, Montecristi, Pedernales, Portoviejo\n<br \/><strong>PICHINCHA<\/strong> : Quito\n<br \/><strong>SANTA ELENA<\/strong> : La Libertad, Salinas, Santa Elena\n<br \/><strong>SANTO DOMINGO DE LOS TSACHILAS<\/strong> : Santo Domingo\n<br \/><strong>SUCUMBIOS<\/strong> : Lago Agrio<\/td>\n      <td>De 01h00 \u00e0 05h00<\/td>\n      <td>Personnes se d\u00e9pla\u00e7ant pour des raisons de sant\u00e9, d&#8217;urgence ou de travail ; personnes se rendant \u00e0 l&#8217;a\u00e9roport ou en revenant<\/td>\n    <\/tr>\n    <tr style=\"background-color:#ffed9e;\">\n      <td>MOYEN<\/td>\n      <td><strong>AZUAY<\/strong> : Cuenca, Camilo Ponce Enr\u00edquez\n<br \/><strong>CA\u00d1AR<\/strong> : Azogues\n<br \/><strong>CARCHI<\/strong> : Tulc\u00e1n\n<br \/><strong>CHIMBORAZO<\/strong> : Riobamba\n<br \/><strong>EL ORO<\/strong> : El Guabo \n<br \/><strong>ESMERALDAS<\/strong> : Atacames\n<br \/><strong>GUAYAS<\/strong> : Samborond\u00f3n, Colimes, Lomas de Sargentillo, Nobol, Pedro Carbo, Sim\u00f3n Bol\u00edvar\n<br \/><strong>LOS RIOS<\/strong> : Baba, Mocache, Urdaneta.\n<br \/><strong>MANABI<\/strong> : El Carmen, Sucre.\n<br \/><strong>MORONA SANTIAGO<\/strong> : Morona\n<br \/><strong>NAPO<\/strong> : Tena\n<br \/><strong>ORELLANA<\/strong> : La Joya de los Sachas\n<br \/><strong>PICHINCHA<\/strong> : Cayambe\n<br \/><strong>SANTO DOMINGO DE LOS TSACHILAS<\/strong> : La Concordia\n<\/td>\n      <td>De 02h00 \u00e0 05h00<\/td>\n      <td>M\u00eames exceptions que pour le niveau \u00e9lev\u00e9<\/td>\n    <\/tr>\n    <tr style=\"background-color:#e1ff9e;\">\n      <td>BAS<\/td>\n      <td><strong>AZUAY<\/strong> : El Pan, San Fernando, Chordeleg, Gir\u00f3n, Guachapala, Gualaceo, Nab\u00f3n, O\u00f1a, Paute, Pucar\u00e1, Santa Isabel, Sevilla de Oro, Sigsig\n<br \/><strong>BOLIVAR<\/strong> : Caluma, Chillanes, Chimbo, Echeand\u00eda, Guaranda, Las Naves, San Miguel\n<br \/><strong>CANAR<\/strong> : Bibli\u00e1n, Ca\u00f1ar, Deleg, El Tambo, Suscal\n<br \/><strong>CARCHI<\/strong> : Bol\u00edvar, Espejo, Mira, Montufar, San Pedro de Huaca\n<br \/><strong>CHIMBORAZO<\/strong> : Alaus\u00ed, Chambo, Chunchi, Colta, Cumand\u00e1, Guamote, Guano, Pallatanga, Penipe\n<br \/><strong>COTOPAXI<\/strong> : La Man\u00e1, Latacunga, Pangua, Pujil\u00ed, Salcedo, Saquicil\u00ed, Sigchos\n<br \/><strong>EL ORO<\/strong> : Atahualpa, Balsas, Chilla, Las Lajas, Marcabel\u00ed, Pi\u00f1as, Portovelo, Zaruma\n<br \/><strong>ESMERALDAS<\/strong> : Eloy Alfaro, Muisne, R\u00edo Verde\n<br \/><strong>GALAPAGOS<\/strong> : San Crist\u00f3bal, Isabela, Santa Cruz\n<br \/><strong>GUAYAS<\/strong> : Alfredo Baquerizo Moreno, Marcelino Maridue\u00f1a, Isidro Ayora, Palestina, Salitre, Santa Luc\u00eda\n<br \/><strong>IMBABURA<\/strong> : Antonio Ante, Cotacachi, Ibarra, Otavalo, Pimampiro, San Miguel de Urcuqu\u00ed\n<br \/><strong>LOJA<\/strong> : Calvas, Catamayo, Celica, Chaguarpamba, Esp\u00edndola, Gonzaman\u00e1, Loja, Macar\u00e1, Olmedo, Paltas, Pindal, Puyando, Quilanda, Saraguro, Sozoranga, Zapotillo\n<br \/><strong>LOS RIOS<\/strong> : Montalvo, Palenque, Quinsaloma\n<br \/><strong>MANABI<\/strong> : 24 de mayo, Olmedo, Bol\u00edvar, Chone. Flavio Alfaro, Jama, Jaramij\u00f3, Jipijapa, Jun\u00edn, Paj\u00e1n, Pichincha, Puerto L\u00f3pez, Rocafuerte, San Vicente, Santa Ana, Tosagua\n<br \/><strong>MORONA SANTIAGO<\/strong> : Gualaquiza, Huamboya, Lim\u00f3n Indanza, Logro\u00f1o, Palora, Santiago, Suc\u00faa, Taisha, Pablo Sexto, Tiwintza, San Juan Bosco\n<br \/><strong>NAPO<\/strong> : Archidona, Carlos Julio Arosemena Tola, El Chaco, Quijos\n<br \/><strong>ORELLANA<\/strong> : Aguarico, Loreto, Orellana\n<br \/><strong>PASTAZA<\/strong> : Arajuno, Mera, Pastaza, Santa Clara\n<br \/><strong>PICHINCHA<\/strong> : Mej\u00eda, Pedro Moncayo, Pedro Vicente Maldonado, Puerto Quito, Rumi\u00f1ahui, San Miguel de los Bancos\n<br \/><strong>SUCUMBIOS<\/strong> : Cascales, Cuyabeno, Gonz\u00e1lo Pizarro, Putumayo, Shushufindi, Sucumb\u00edos\n<br \/><strong>TUNGURAHUA<\/strong> : Ambato, Ba\u00f1os de Agua Santa, Cevallos, Mocha, Patate, Quero, San Pedro de Pelileo, Santiago de Pillaro, Tisaleo\n<br \/><strong>ZAMORA CHINCHIPE<\/strong> : Centinela del C\u00f3ndor, Chinchipe, El Pangui, Palanda, Paquisha, Yantzaza, Zamora, Nangaritza, Yacuambi<\/td>\n      <td>Pas de couvre-feu<\/td>\n      <td>Aucune<\/td>\n    <\/tr>\n  <\/tbody>\n<\/table>\n\n\n\n<h2 class=\"wp-block-heading\" id=\"voyager-equateur-2024\">Voyager en \u00c9quateur pendant l&#8217;\u00e9tat d&#8217;urgence : est-ce possible ?<\/h2>\n\n\n\n<p>Les <a href=\"#garanties-voyage-2024\">autorit\u00e9s \u00e9quatoriennes ont assur\u00e9 que le pays reste une destination s\u00fbre<\/a> pour les touristes. Que les <strong>mesures de s\u00e9curit\u00e9<\/strong> prises par le gouvernement sont destin\u00e9es <strong>\u00e0 r\u00e9tablir l&#8217;ordre et \u00e0 lutter contre le narcotrafic.<\/strong><\/p>\n\n\n\n<figure class=\"wp-block-embed is-type-video is-provider-youtube wp-block-embed-youtube wp-embed-aspect-16-9 wp-has-aspect-ratio\"><div class=\"wp-block-embed__wrapper\">\n<div class=\"ast-oembed-container \" style=\"height: 100%;\"><iframe title=\"Tourisme en Equateur pendant l&#039;\u00e9tat d&#039;urgence : des cars de touristes devant la basilique de Quito\" width=\"500\" height=\"281\" src=\"https:\/\/www.youtube.com\/embed\/5yyG6vhhRPA?feature=oembed\" frameborder=\"0\" allow=\"accelerometer; autoplay; clipboard-write; encrypted-media; gyroscope; picture-in-picture; web-share\" referrerpolicy=\"strict-origin-when-cross-origin\" allowfullscreen><\/iframe><\/div>\n<\/div><figcaption class=\"wp-element-caption\"><em>Raul, guide anglophone et chauffeur pour ITK Voyage, commente la situation en Equateur depuis la Basilique de Quito (17\/01\/2024)<\/em><\/figcaption><\/figure>\n\n\n\n<p>Pour ce qui est de l&#8217;avis des profesionnels du tourisme sur place, il est tout \u00e0 fait <strong>possible de voyager en \u00c9quateur pendant l&#8217;\u00e9tat d&#8217;urgence et l&#8217;\u00e9tat de conflit arm\u00e9 interne<\/strong>. Ce qui change, c&#8217;est la notion de prudence et de respect des consignes du gouvernement, le couvre-feu, et bien entendu la pr\u00e9sence des militaires et de la police sur tout le territoire sans pour autant que tout le territoire ne soit touch\u00e9 par les violences r\u00e9centes car de nombreuses r\u00e9gions sont \u00e9pargn\u00e9es.<\/p>\n\n\n\n<p class=\"has-background has-medium-font-size\" style=\"background-color:#fffd9e\">La <a href=\"https:\/\/travel.state.gov\/content\/travel\/en\/traveladvisories\/traveladvisories\/ecuador-travel-advisory.html\" target=\"_blank\" rel=\"noreferrer noopener\">note actuelle du Conseils aux voyageurs pour l&#8217;\u00c9quateur<\/a> (une agence gouvernementale am\u00e9ricaine) est de niveau 2 : <strong>Faites preuve d&#8217;une plus grande prudence<\/strong>.<\/p>\n\n\n\n<ul class=\"wp-block-list\">\n<li>Niveau 1 : Faites preuve d&#8217;une prudence normale<\/li>\n\n\n\n<li><strong>Niveau 2 : Faites preuve d&#8217;une plus grande prudence<\/strong> <strong>(02\/01\/2024-02\/02\/2024)<\/strong><\/li>\n\n\n\n<li>Niveau 3 : \u00c9valuez attentivement votre choix de voyager<\/li>\n\n\n\n<li>Niveau 4 : Ne voyagez pas<\/li>\n<\/ul>\n\n\n\n<p class=\"has-small-font-size\">Quant au gouvernement fran\u00e7ais, s&#8217;il invitait &#8220;\u00e0 <a href=\"https:\/\/www.diplomatie.gouv.fr\/fr\/conseils-aux-voyageurs\/conseils-par-pays-destination\/equateur\/\" target=\"_blank\" rel=\"noreferrer noopener\">diff\u00e9rer leurs projets [de voyage]<\/a> dans toute la mesure du possible&#8221; (12\/01\/2024), il conseille d\u00e9sormais &#8220;d&#8217;\u00e9viter les province c\u00f4ti\u00e8res ainsi que les zones frontali\u00e8res&#8221; (30\/01\/2024) et &#8220;une vigilance renforc\u00e9e est recommand\u00e9e&#8221; (30\/01\/2024). Celui de Suisse indique &#8220;qu&#8217;<a href=\"https:\/\/www.eda.admin.ch\/countries\/ecuador\/fr\/home\/conseils-pour-les-voyages\/conseils-sur-place.html\" target=\"_blank\" rel=\"noreferrer noopener\">une attention particuli\u00e8re doit \u00eatre accord\u00e9e \u00e0 la s\u00e9curit\u00e9 personnelle<\/a>&#8220;- (12\/01\/2024). Le Minist\u00e8re des Affaires \u00e9trang\u00e8res de Belgique &#8220;<a href=\"https:\/\/diplomatie.belgium.be\/fr\/pays\/equateur\/voyager-en-equateur-conseils-aux-voyageurs\/securite-generale-en-equateur\" target=\"_blank\" rel=\"noreferrer noopener\">d\u00e9conseille aux voyageurs tout s\u00e9jour non-essentiel en Equateur<\/a>&#8221; &#8211; (12\/01\/2024). L&#8217;ambassade du Canada conseille de &#8220;<a href=\"https:\/\/voyage.gc.ca\/destinations\/equateur\" target=\"_blank\" rel=\"noreferrer noopener\">faire preuve d&#8217;une grande prudence (avec avertissements r\u00e9gionaux)<\/a>&#8221; &#8211; (12\/01\/2024). Le cabinet du ministre luxembourgeois Xavier Bettel (DP) \u00e0 fait savoir que &#8220;<a href=\"https:\/\/www.virgule.lu\/luxembourg\/le-luxembourg-surveille-la-situation-de-lequateur-plonge-dans-un-conflit-arme-interne\/7028485.html\" target=\"_blank\" rel=\"noreferrer noopener nofollow\">l\u2019\u00e9volution de la situation est surveill\u00e9e et il est conseill\u00e9 de se tenir \u00e9loign\u00e9 des rassemblements de personnes, de s\u2019informer par les m\u00e9dias de l\u2019\u00e9volution de la situation et de suivre les consignes de s\u00e9curit\u00e9 locales<\/a>&#8221; &#8211; (10\/01\/2024).<\/p>\n\n\n\n<p>Ce qu&#8217;il faut retenir :<\/p>\n\n\n\n<ol class=\"wp-block-list\">\n<li><strong>Le couvre-feu est en vigueur et doit \u00eatre respect\u00e9 dans toutes les provinces, \u00e0 l&#8217;exception de <a href=\"#tableau-nouvelles-modalites-couvre-feu\">liste des provinces et cantons exempt\u00e9s<\/a>.<\/strong><\/li>\n\n\n\n<li><strong>Une exception existe pour les voyageurs ayant des vols pendant ledit couvre-feu<\/strong><\/li>\n\n\n\n<li><strong>Voyageurs, touristes, expatri\u00e9s et civils doivent faire preuvent d&#8217;une plus grande prudence qu&#8217;\u00e0 l&#8217;habitude<\/strong><\/li>\n\n\n\n<li><strong>La ville la plus touch\u00e9e reste <a href=\"https:\/\/www.incatrek-ecuador.com\/blog\/que-faire-a-guayaquil-et-autour-de-guayaquil\/\" target=\"_blank\" rel=\"noreferrer noopener\">Guayaquil<\/a> <\/strong><\/li>\n\n\n\n<li><strong>De nombreux lieux sont \u00e9pargn\u00e9s, dont les Galapagos, les parcs nationaux, l&#8217;Amazonie, et la plupart des lieux touristiques<\/strong><\/li>\n\n\n\n<li><strong>Passage en \u00c9quateur par voie terrestre : pr\u00e9sentation obligatoire d&#8217;un casier judiciaire apostill\u00e9, sauf si vous \u00eates citoyen \u00e9quatorien<\/strong><\/li>\n<\/ol>\n\n\n\n<h3 class=\"wp-block-heading\" id=\"carte-2024-zones-vigilance-securite-equateur-voyage\">Tension s\u00e9curitaire en \u00c9quateur : les zones \u00e0 \u00e9viter en 2024<\/h3>\n\n\n\n<p>Carte des zones et r\u00e9gions d&#8217;Equateur \u00e0 \u00e9viter pour question de s\u00e9curit\u00e9, en date du 9 janvier 2024.<\/p>\n\n\n\n<figure data-wp-context=\"{&quot;imageId&quot;:&quot;69f5c6db69c15&quot;}\" data-wp-interactive=\"core\/image\" class=\"wp-block-image size-large wp-lightbox-container\"><img decoding=\"async\" width=\"1024\" height=\"576\" data-wp-class--hide=\"state.isContentHidden\" data-wp-class--show=\"state.isContentVisible\" data-wp-init=\"callbacks.setButtonStyles\" data-wp-on-async--click=\"actions.showLightbox\" data-wp-on-async--load=\"callbacks.setButtonStyles\" data-wp-on-async-window--resize=\"callbacks.setButtonStyles\" src=\"https:\/\/www.incatrek-ecuador.com\/blog\/wp-content\/uploads\/2024\/01\/voyager-en-equateur-pendant-l-etat-d-urgence-zones-de-vigilance-2024-1024x576.png\" alt=\"\" class=\"wp-image-2262\" srcset=\"https:\/\/www.incatrek-ecuador.com\/blog\/wp-content\/uploads\/2024\/01\/voyager-en-equateur-pendant-l-etat-d-urgence-zones-de-vigilance-2024-1024x576.png 1024w, https:\/\/www.incatrek-ecuador.com\/blog\/wp-content\/uploads\/2024\/01\/voyager-en-equateur-pendant-l-etat-d-urgence-zones-de-vigilance-2024-300x169.png 300w, https:\/\/www.incatrek-ecuador.com\/blog\/wp-content\/uploads\/2024\/01\/voyager-en-equateur-pendant-l-etat-d-urgence-zones-de-vigilance-2024-768x432.png 768w, https:\/\/www.incatrek-ecuador.com\/blog\/wp-content\/uploads\/2024\/01\/voyager-en-equateur-pendant-l-etat-d-urgence-zones-de-vigilance-2024-1536x864.png 1536w, https:\/\/www.incatrek-ecuador.com\/blog\/wp-content\/uploads\/2024\/01\/voyager-en-equateur-pendant-l-etat-d-urgence-zones-de-vigilance-2024.png 1920w\" sizes=\"(max-width: 1024px) 100vw, 1024px\" \/><button\n\t\t\tclass=\"lightbox-trigger\"\n\t\t\ttype=\"button\"\n\t\t\taria-haspopup=\"dialog\"\n\t\t\taria-label=\"Agrandir l\u2018image\"\n\t\t\tdata-wp-init=\"callbacks.initTriggerButton\"\n\t\t\tdata-wp-on-async--click=\"actions.showLightbox\"\n\t\t\tdata-wp-style--right=\"state.imageButtonRight\"\n\t\t\tdata-wp-style--top=\"state.imageButtonTop\"\n\t\t>\n\t\t\t<svg xmlns=\"http:\/\/www.w3.org\/2000\/svg\" width=\"12\" height=\"12\" fill=\"none\" viewBox=\"0 0 12 12\">\n\t\t\t\t<path fill=\"#fff\" d=\"M2 0a2 2 0 0 0-2 2v2h1.5V2a.5.5 0 0 1 .5-.5h2V0H2Zm2 10.5H2a.5.5 0 0 1-.5-.5V8H0v2a2 2 0 0 0 2 2h2v-1.5ZM8 12v-1.5h2a.5.5 0 0 0 .5-.5V8H12v2a2 2 0 0 1-2 2H8Zm2-12a2 2 0 0 1 2 2v2h-1.5V2a.5.5 0 0 0-.5-.5H8V0h2Z\" \/>\n\t\t\t<\/svg>\n\t\t<\/button><\/figure>\n\n\n\n<p>Les zones c\u00f4ti\u00e8res entre les Andes et l&#8217;oc\u00e9an Pacifique sont g\u00e9n\u00e9ralement en zone tendue, hors \u00e9tat d&#8217;urgence.<\/p>\n\n\n\n<p>La carte montre que les grandes zones urbaines, telles que Quito, Guayaquil et Cuenca, sont effectivement tendues. Ces zones sont susceptibles de conna\u00eetre des manifestations, des troubles et des actes de violence.<\/p>\n\n\n\n<p>Les zones rurales et l&#8217;Amazonie sont, quant \u00e0 elles, g\u00e9n\u00e9ralement \u00e9pargn\u00e9es par la violence m\u00eame s&#8217;il est toujours important de faire preuve de prudence dans ces r\u00e9gions. Car, qu&#8217;il s&#8217;agisse de la France ou de l&#8217;Equateur, le facteur risque 0 n&#8217;existe r\u00e9ellement jamais. <\/p>\n\n\n\n<p>Les Galapagos, en revanche, sont une destination s\u00fbre. La criminalit\u00e9, les violences et autres troubles y sont g\u00e9n\u00e9ralement nuls ou presque inexistants.<\/p>\n\n\n\n<h4 class=\"wp-block-heading\">S\u00e9curit\u00e9 en Equateur : nouvelle carte actualis\u00e9e et zones \u00e0 risques identifi\u00e9es (17\/01\/2024)<\/h4>\n\n\n\n<figure data-wp-context=\"{&quot;imageId&quot;:&quot;69f5c6db6a2a3&quot;}\" data-wp-interactive=\"core\/image\" class=\"wp-block-image size-large wp-lightbox-container\"><img decoding=\"async\" width=\"1024\" height=\"576\" data-wp-class--hide=\"state.isContentHidden\" data-wp-class--show=\"state.isContentVisible\" data-wp-init=\"callbacks.setButtonStyles\" data-wp-on-async--click=\"actions.showLightbox\" data-wp-on-async--load=\"callbacks.setButtonStyles\" data-wp-on-async-window--resize=\"callbacks.setButtonStyles\" src=\"https:\/\/www.incatrek-ecuador.com\/blog\/wp-content\/uploads\/2024\/01\/voyager-en-equateur-pendant-l-etat-d-urgence-zones-de-vigilance-13-janvier-2024-22h-1024x576.png\" alt=\"\" class=\"wp-image-2462\" srcset=\"https:\/\/www.incatrek-ecuador.com\/blog\/wp-content\/uploads\/2024\/01\/voyager-en-equateur-pendant-l-etat-d-urgence-zones-de-vigilance-13-janvier-2024-22h-1024x576.png 1024w, https:\/\/www.incatrek-ecuador.com\/blog\/wp-content\/uploads\/2024\/01\/voyager-en-equateur-pendant-l-etat-d-urgence-zones-de-vigilance-13-janvier-2024-22h-300x169.png 300w, https:\/\/www.incatrek-ecuador.com\/blog\/wp-content\/uploads\/2024\/01\/voyager-en-equateur-pendant-l-etat-d-urgence-zones-de-vigilance-13-janvier-2024-22h-768x432.png 768w, https:\/\/www.incatrek-ecuador.com\/blog\/wp-content\/uploads\/2024\/01\/voyager-en-equateur-pendant-l-etat-d-urgence-zones-de-vigilance-13-janvier-2024-22h-1536x864.png 1536w, https:\/\/www.incatrek-ecuador.com\/blog\/wp-content\/uploads\/2024\/01\/voyager-en-equateur-pendant-l-etat-d-urgence-zones-de-vigilance-13-janvier-2024-22h.png 1920w\" sizes=\"(max-width: 1024px) 100vw, 1024px\" \/><button\n\t\t\tclass=\"lightbox-trigger\"\n\t\t\ttype=\"button\"\n\t\t\taria-haspopup=\"dialog\"\n\t\t\taria-label=\"Agrandir l\u2018image\"\n\t\t\tdata-wp-init=\"callbacks.initTriggerButton\"\n\t\t\tdata-wp-on-async--click=\"actions.showLightbox\"\n\t\t\tdata-wp-style--right=\"state.imageButtonRight\"\n\t\t\tdata-wp-style--top=\"state.imageButtonTop\"\n\t\t>\n\t\t\t<svg xmlns=\"http:\/\/www.w3.org\/2000\/svg\" width=\"12\" height=\"12\" fill=\"none\" viewBox=\"0 0 12 12\">\n\t\t\t\t<path fill=\"#fff\" d=\"M2 0a2 2 0 0 0-2 2v2h1.5V2a.5.5 0 0 1 .5-.5h2V0H2Zm2 10.5H2a.5.5 0 0 1-.5-.5V8H0v2a2 2 0 0 0 2 2h2v-1.5ZM8 12v-1.5h2a.5.5 0 0 0 .5-.5V8H12v2a2 2 0 0 1-2 2H8Zm2-12a2 2 0 0 1 2 2v2h-1.5V2a.5.5 0 0 0-.5-.5H8V0h2Z\" \/>\n\t\t\t<\/svg>\n\t\t<\/button><\/figure>\n\n\n\n<p>L&#8217;ambassade du Canada met en garde contre la pr\u00e9sence de <strong>mines antipersonnel<\/strong> dans le <strong>sud et le sud-est de la fronti\u00e8re entre l&#8217;\u00c9quateur et le P\u00e9rou<\/strong>. Ces mines sont des <strong>vestiges de la guerre de 1995<\/strong> entre les deux pays. Elles se trouvent dans des zones sauvages, sans routes ni infrastructures touristiques.<\/p>\n\n\n\n<p>Les grandes villes de l&#8217;\u00c9quateur, comme Quito, sont \u00e0 nouveau class\u00e9es en zone de prudence habituelle, \u00e0 l&#8217;exception des villes c\u00f4ti\u00e8res (<strong>notamment Guayaquil<\/strong>).<\/p>\n\n\n\n<p><strong>Voici quelques conseils pour rester en s\u00e9curit\u00e9 en \u00c9quateur :<\/strong><\/p>\n\n\n\n<pre class=\"wp-block-code\"><code>*Renseignez-vous sur la situation s\u00e9curitaire avant de voyager. Consultez les sites Web du gouvernement, des organisations touristiques et des m\u00e9dias pour obtenir des informations \u00e0 jour.\n*Soyez conscient de votre environnement. Faites attention \u00e0 ce qui se passe autour de vous et ne laissez pas vos affaires sans surveillance.\n*Prenez des pr\u00e9cautions \u00e9l\u00e9mentaires de s\u00e9curit\u00e9. Fermez les portes et les fen\u00eatres de votre chambre d'h\u00f4tel \u00e0 cl\u00e9, ne laissez pas vos objets de valeur sans surveillance et ne marchez pas seul la nuit.\n*\u00c9vitez les situations \u00e0 risque. Ne vous promenez pas dans des zones isol\u00e9es ou dangereuses, et ne vous m\u00ealez pas \u00e0 des groupes ou des activit\u00e9s suspectes.<\/code><\/pre>\n\n\n\n<p>Si vous vous trouvez dans une situation dangereuse, appelez imm\u00e9diatement les autorit\u00e9s locales.<\/p>\n\n\n\n<p>En suivant ces conseils, vous pouvez aider \u00e0 vous prot\u00e9ger et \u00e0 profiter de votre voyage en toute s\u00e9curit\u00e9.<\/p>\n\n\n\n<h2 class=\"wp-block-heading\" id=\"voyager-galapagos-2024\">Est-ce possible de voyager aux Galapagos pendant l&#8217;\u00e9tat d&#8217;urgence ?<\/h2>\n\n\n\n<p>La r\u00e9ponse \u00e0 cette question est claire : <strong>oui<\/strong>, il est possible de voyager aux Galapagos pendant l&#8217;\u00e9tat d&#8217;urgence. L&#8217;archipel est situ\u00e9 \u00e0 environ 1 000 kilom\u00e8tres du continent \u00e9quatorien et est compl\u00e8tement \u00e9pargn\u00e9. <\/p>\n\n\n\n<p>Le <strong>seul b\u00e9mol de ce voyage<\/strong> est l&#8217;escale de un ou deux jours \u00e0 Quito avant de s&#8217;envoler pour San Cristobal aux Galapagos. Notamment \u00e0 cause du couvre-feu en vigueur de 23 h \u00e0 5 h du matin. Il est donc important de s&#8217;organiser en cons\u00e9quence et de pr\u00e9voir des activit\u00e9s \u00e0 faire en journ\u00e9e pendant votre court s\u00e9jour \u00e0 Quito.<\/p>\n\n\n\n<h2 class=\"wp-block-heading\" id=\"garanties-voyage-2024\">8 garanties du gouvernement \u00e9quatorien pour un voyage serein en \u00c9quateur : Lettre du Minist\u00e8re du Tourisme du 9 janvier 2024<\/h2>\n\n\n\n<p>Selon le Minist\u00e8re du tourisme \u00e9quatorien, la situation actuelle est expliqu\u00e9e en ces termes : <\/p>\n\n\n\n<ol class=\"wp-block-list\">\n<li><strong>Les \u00e9tats d&#8217;urgence<\/strong> d\u00e9clar\u00e9s par le Pr\u00e9sident de la R\u00e9publique <strong>visent \u00e0 r\u00e9tablir la coexistence pacifique <\/strong>dans le pays, tant <strong>pour les citoyens \u00e9quatoriens<\/strong> que <strong>pour les visiteurs.<\/strong> [&#8230;] <\/li>\n\n\n\n<li>Nous tenons \u00e0 souligner que, malgr\u00e9 l&#8217;\u00e9tat d\u2019urgence, <strong>la circulation vers et depuis les a\u00e9roports est autoris\u00e9e.<\/strong> Cette exception garantit que les voyageurs peuvent arriver et partir d&#8217;\u00c9quateur. [&#8230;]<\/li>\n\n\n\n<li>La connectivit\u00e9 avec <strong>toutes les destinations a\u00e9riennes<\/strong> est <strong>disponible<\/strong>. Les <strong>ports maritimes et les a\u00e9roports fonctionnent normalement<\/strong> et des mesures de s\u00e9curit\u00e9 suppl\u00e9mentaires ont \u00e9t\u00e9 mises enplace dans les terminaux <strong>pour garantir la s\u00e9curit\u00e9 des voyageurs<\/strong>. [&#8230;]<\/li>\n\n\n\n<li>La <strong>pr\u00e9sence polici\u00e8re et militaire<\/strong> est maintenue, <strong>pour prot\u00e9ger les citoyens et les visiteurs<\/strong>. [&#8230;]<\/li>\n\n\n\n<li>\u00c0 l&#8217;heure actuelle, il n&#8217;existe <strong>aucune interdiction d&#8217;entr\u00e9e et aucun incident de violence<\/strong> n&#8217;est signal\u00e9 <strong>dans les \u00eeles Gal\u00e1pagos<\/strong>, la <strong>r\u00e9gion amazonienne <\/strong>ou les <strong>parcs nationaux, principales destinations <\/strong>touristiques de l&#8217;\u00c9quateur.[&#8230;]<\/li>\n\n\n\n<li>Les h\u00f4tels et autres services touristiques offrent une attention et une assistance \u00e0 nos clients comme d&#8217;habitude. Cependant, <strong>il est recommand\u00e9 aux visiteurs de rester inform\u00e9s <\/strong>et de<strong> suivre les<\/strong> <strong>recommandations de s\u00e9curit\u00e9 <\/strong>fournies par leurs <strong>h\u00e9bergements <\/strong>et <strong>op\u00e9rateurs touristiques.<\/strong> [&#8230;]<\/li>\n\n\n\n<li>Le gouvernement de la R\u00e9publique de l&#8217;\u00c9quateur, les forces de l&#8217;ordre et les autorit\u00e9s touristiques travaillent sans rel\u00e2che pour garantir que la visite des touristes dans notre pays soit aussi enrichissante et s\u00fbre que toujours<strong>.<\/strong> [&#8230;]<\/li>\n\n\n\n<li>Nous voulons transmettre <strong>un message de confiance \u00e0 nos futurs visiteurs<\/strong> : l&#8217;\u00c9quateur [&#8230;]<\/li>\n<\/ol>\n\n\n\n<p><em>Source : Lettre du Minist\u00e8re du Tourisme de l&#8217;\u00c9quateur \u00e0 la communaut\u00e9 touristique et au public en g\u00e9n\u00e9ral du 9 janvier 2024 sign\u00e9e par Niels Olsen Peet, Ministre du Tourisme en \u00c9quateur.<\/em><\/p>\n\n\n\n<h3 class=\"wp-block-heading\" id=\"communiqu\u00e9-ministere-du-tourisme-equateur-15-janvier\">Derni\u00e8re minute : Communiqu\u00e9 officiel du Minist\u00e8re du tourisme \u00e9quatorien (15\/01\/2024)<\/h3>\n\n\n\n<p>Ce communiqu\u00e9 officiel du Minist\u00e8re du tourisme \u00e9quatorien, re\u00e7u le 17 janvier et envoy\u00e9 le 15, confirme le retour progressif \u00e0 la normale dans le pays. Il donne \u00e9galement quelques indications importantes concernant les transports, les voyages et le tourisme en, de et vers l&#8217;\u00c9quateur.<\/p>\n\n\n\n<blockquote class=\"wp-block-quote is-layout-flow wp-block-quote-is-layout-flow\" style=\"font-size:16px\">\n<p><strong>\u00c0 l&#8217;industrie du tourisme et au grand public,<\/strong><\/p>\n\n\n\n<p>Poursuivant <strong>notre engagement \u00e0 maintenir une communication constante et transparente sur l&#8217;\u00e9tat de la situation<\/strong>, le minist\u00e8re du Tourisme de l&#8217;\u00c9quateur vous communique le rapport suivant.<\/p>\n\n\n\n<p>[&#8230;] <strong>Aujourd&#8217;hui, 15 janvier<\/strong>, nous sommes <strong>en train de revenir progressivement \u00e0 la normale<\/strong>. Les mesures de s\u00e9curit\u00e9 les plus strictes sont maintenues dans des zones sp\u00e9cifiques du pays, tandis que, <strong>dans la majeure partie du territoire, des mesures plus souples sont en place.<\/strong><\/p>\n\n\n\n<p>En <strong>Amazonie <\/strong>et aux <strong>\u00eeles Galapagos<\/strong>, les op\u00e9rations touristiques se d\u00e9roulent <strong>sans interruption<\/strong>. <strong>Aucun incident<\/strong> violent n&#8217;a \u00e9t\u00e9 signal\u00e9. Les h\u00f4tels, les guides et la population en g\u00e9n\u00e9ral se trouvent dans un <strong>\u00e9tat de tranquillit\u00e9, \u00e0 l&#8217;\u00e9cart des troubles<\/strong>. <strong>L&#8217;activit\u00e9 des croisi\u00e8res se poursuit comme d&#8217;habitude<\/strong>, tandis que la <strong>connectivit\u00e9 <\/strong>a\u00e9rienne et maritime a<strong>vec l&#8217;archipel et l&#8217;Amazonie reste op\u00e9rationnelle et r\u00e9guli\u00e8re<\/strong>, garantissant l&#8217;accessibilit\u00e9 et la mobilit\u00e9 <strong>sans perturbations<\/strong>.<\/p>\n\n\n\n<p>[&#8230;] <strong>Le minist\u00e8re du Tourisme invite nos futurs visiteurs \u00e0 maintenir leurs projets de voyage vers notre pays.<\/strong> L&#8217;\u00c9quateur est et continuera d&#8217;\u00eatre une destination fascinante, pleine de richesse culturelle, de beaut\u00e9 naturelle et d&#8217;une chaleur humaine incomparable. Nous continuerons \u00e0 \u00eatre, pendant encore longtemps, ce lieu magique et captivant qui accueille des voyageurs du monde entier. [&#8230;]<\/p>\n\n\n\n<p><\/p>\n<cite>Niels Olsen Peet<br>Ministry of Tourism of Ecuador<\/cite><\/blockquote>\n\n\n\n<iframe src=\"https:\/\/www.incatrek-ecuador.com\/blog\/wp-content\/uploads\/2024\/01\/derniere-minute-communique-ministere-tourisme-equateur-15-janvier-2024.pdf\" width=\"100%\" height=\"400\"><\/iframe>\n\n\n\n<h3 class=\"wp-block-heading\" id=\"equateur-retour-normal-communiqu\u00e9-gouvernement\">Communiqu\u00e9 officiel du Minist\u00e8re du tourisme \u00e9quatorien (11\/01\/2024)<\/h3>\n\n\n\n<p>Dans ce communiqu\u00e9 envoy\u00e9 le 11 janvier et re\u00e7u dimanche 14 janvier 2024, le Minist\u00e8re du Tourisme et le gouvernement \u00e9quatorien observe ce que nous avions \u00e9galement observ\u00e9 et indique :<\/p>\n\n\n\n<blockquote class=\"wp-block-quote is-layout-flow wp-block-quote-is-layout-flow\" style=\"font-size:16px\">\n<p>[&#8230;] La promulgation des d\u00e9crets ex\u00e9cutifs 110 et 111 par le gouvernement national a \u00e9t\u00e9 une \u00e9tape essentielle pour doter nos forces arm\u00e9es et notre police du cadre juridique n\u00e9cessaire pour agir de mani\u00e8re d\u00e9cisive. Ces actions sont guid\u00e9es par un objectif clair : <strong>r\u00e9tablir la paix et la s\u00e9curit\u00e9 pour les citoyens \u00e9quatoriens et nos visiteurs, un objectif que nous atteignons avec succ\u00e8s jour apr\u00e8s jour.<\/strong><\/p>\n\n\n\n<p><strong>Depuis le 10 janvier, nous observons une r\u00e9duction drastique des incidents dans tout l\u2019\u00c9quateur.<\/strong> Les op\u00e9rations men\u00e9es par les forces arm\u00e9es et la police avec l\u2019aide des alli\u00e9s internationaux ont \u00e9t\u00e9 efficaces. Ces actions incisives du gouvernement ont \u00e9t\u00e9 pleinement soutenues par le peuple \u00e9quatorien. <\/p>\n\n\n\n<p><strong>Aujourd\u2019hui, 11 janvier, nous vivons progressivement un retour \u00e0 la normale.<\/strong> Des mesures de s\u00e9curit\u00e9 plus strictes sont maintenues dans des zones sp\u00e9cifiques, tandis que des op\u00e9rations de routine se poursuivent dans le reste du pays. <\/p>\n\n\n\n<p><strong>En Amazonie et dans les \u00eeles Galapagos, les op\u00e9rations touristiques fonctionnent tout \u00e0 fait normalement. <\/strong>Aucun incident violent n\u2019a \u00e9t\u00e9 signal\u00e9. Les h\u00f4tels, les guides et la communaut\u00e9 en g\u00e9n\u00e9ral sont calmes.<\/p>\n\n\n\n<p>L&#8217;activit\u00e9 de croisi\u00e8re dans les \u00eeles se poursuit comme d&#8217;habitude, tandis que la connectivit\u00e9 a\u00e9rienne vers l&#8217;archipel et l&#8217;Amazonie reste op\u00e9rationnelle et r\u00e9guli\u00e8re, <strong>garantissant une accessibilit\u00e9 et une mobilit\u00e9 sans entrave.<\/strong><\/p>\n\n\n\n<p>Dans la capitale <strong>Quito<\/strong>, les h\u00f4tels, les attractions et les services touristiques fonctionnent. <strong>Aucune interruption des services touristiques n\u2019a \u00e9t\u00e9 signal\u00e9e.<\/strong><\/p>\n\n\n\n<p>Nos <strong>a\u00e9roports<\/strong>, <strong>ports maritimes<\/strong> et <strong>routes <\/strong>sont <strong>op\u00e9rationnels<\/strong>, avec des mesures de s\u00e9curit\u00e9 renforc\u00e9es pour assurer la s\u00e9curit\u00e9 de tous les voyageurs. Ces \u00e9l\u00e9ments cl\u00e9s de l\u2019infrastructure de notre pays ont continu\u00e9 \u00e0 fonctionner sans interruption. Les quelques fr\u00e9quences de vols modifi\u00e9es ou annul\u00e9es fonctionnent d\u00e9sormais normalement.<\/p>\n\n\n\n<p>Les rues et routes de l&#8217;\u00c9quateur restent ouvertes et accessibles, en respectant les horaires de couvre-feu \u00e9tablis \u00e0 partir de 23 heures et ce jusqu\u2019\u00e0 5 heures du matin. <strong>La s\u00e9curit\u00e9 sur ces itin\u00e9raires est garantie par des contr\u00f4les efficaces effectu\u00e9s par les forces de d\u00e9fense aux points strat\u00e9giques<\/strong>, garantissant la s\u00e9curit\u00e9 de tous les usagers, aussi bien de jour que pendant les heures de couvre-feu.<\/p>\n\n\n\n<p><strong>Malgr\u00e9 les images inqui\u00e9tantes diffus\u00e9es par certains m\u00e9dias, l\u2019\u00c9quateur \u0153uvre avec succ\u00e8s au retour \u00e0 la normale dans tout le pays. <\/strong>Tous ses citoyens et son industrie touristique sont impatients d&#8217;accueillir les visiteurs avec la m\u00eame chaleur et la m\u00eame hospitalit\u00e9 dont ils ont toujours fait preuve. Le Minist\u00e8re du Tourisme invite les visiteurs qui envisagent de nous rendre visite prochainement \u00e0 maintenir leurs projets de voyage. [&#8230;] <\/p>\n<cite>Niels Olsen Peet<br>Ministry of Tourism of Ecuador<\/cite><\/blockquote>\n\n\n\n<iframe src=\"https:\/\/www.incatrek-ecuador.com\/blog\/wp-content\/uploads\/2024\/01\/derniere-minute-communique-ministere-tourisme-equateur-11-janvier-2024-retour-a-la-normale.pdf\" width=\"100%\" height=\"400\"><\/iframe>\n\n\n\n<h3 class=\"wp-block-heading\" id=\"comunique-officiel-tourisme-couvre-feu-2024\">Communiqu\u00e9 officiel concernant l&#8217;exercice de toute activit\u00e9 touristique et la libre circulation des touristes pendant le couvre-feu (09\/01\/2024)<\/h3>\n\n\n\n<iframe src=\"https:\/\/www.incatrek-ecuador.com\/blog\/wp-content\/uploads\/2024\/01\/communique-officiel-confirmation-d-activites-touristiques-autorisees-en-equateur-pendant-le-couvre-feu-ministere-du-tourisme-equatorien.pdf\" width=\"100%\" height=\"400\"><\/iframe>\n\n\n\n<h3 class=\"wp-block-heading\" id=\"lettre-ministre-tourisme-aux-touristes\">Lettre de Niels Olsen Peet, Ministre du Tourisme en \u00c9quateur (09\/01\/2024)<\/h3>\n\n\n\n<iframe src=\"https:\/\/www.incatrek-ecuador.com\/blog\/wp-content\/uploads\/2024\/01\/9-janvier-2024Communique-du-Ministere-du-Tourisme-de-lEquateur-a-la-communaute-touristique-et-au-public-en-General.pdf\" width=\"100%\" height=\"400\"><\/iframe>\n\n\n\n<h2 class=\"wp-block-heading\" id=\"garanties-securite-voyage-equateur\">ITK Voyage Equateur &amp; Galapagos pendant l&#8217;\u00e9tat d&#8217;urgence<\/h2>\n\n\n\n<p>Malgr\u00e9 la fin des violences li\u00e9es \u00e0 l&#8217;\u00e9vasion du narcotrafiquant Fito, il est plus que jamais important de voyager avec une agence de voyage en \u00c9quateur telle ITK Voyage Equateur &amp; Galapagos. <strong>Votre s\u00e9curit\u00e9 est notre priorit\u00e9<\/strong>, <strong>votre flexibilit\u00e9 notre engagement, et votre exp\u00e9rience de s\u00e9jour en Equateur notre passion.<\/strong><\/p>\n\n\n\n<p><strong>Garanties de voyage avec notre agence francophone locale :<\/strong><\/p>\n\n\n\n<h3 class=\"wp-block-heading\">S\u00e9curit\u00e9<\/h3>\n\n\n\n<ul class=\"wp-block-list\">\n<li><strong>Exp\u00e9rience et expertise<\/strong> : 14 ann\u00e9es sur le terrain nous ont permis de tisser un r\u00e9seau et de bien conna\u00eetre le terrain. Notre agence, nos agents, nos guides et nos chauffeurs locaux sont des professionnels qualifi\u00e9s et exp\u00e9riment\u00e9s. <\/li>\n\n\n\n<li><strong>Actualit\u00e9s <\/strong>: En tant qu&#8217;agence touristique enregistr\u00e9e en \u00c9quateur, nous sommes inform\u00e9s directement par le minist\u00e8re du tourisme. Nous sommes donc au fait des derni\u00e8res informations et \u00e9v\u00e9nements.<\/li>\n<\/ul>\n\n\n\n<h3 class=\"wp-block-heading\">Flexibilit\u00e9<\/h3>\n\n\n\n<ul class=\"wp-block-list\">\n<li><strong>Adaptation <\/strong>: Nous organisons et adaptons d\u00e9j\u00e0 nos s\u00e9jours habituellement. En cas de besoin, nous ferons preuve d&#8217;encore plus de flexibilit\u00e9 afin d&#8217;optimiser les circuits et activit\u00e9s pour une exp\u00e9rience de voyage optimale.<\/li>\n<\/ul>\n\n\n\n<h3 class=\"wp-block-heading\">Accompagnement<\/h3>\n\n\n\n<ul class=\"wp-block-list\">\n<li><strong>Soutien <\/strong>: Nous r\u00e9pondrons \u00e0 toutes vos questions et vous tiendrons inform\u00e9 de tout changement de situation en cas d&#8217;urgence.<\/li>\n\n\n\n<li><strong>Assistance <\/strong>: Nous vous assisterons 24 heures sur 24 et 7 jours sur 7 en cas d&#8217;urgence.<\/li>\n<\/ul>\n\n\n\n<h3 class=\"wp-block-heading\">Exemples concrets<\/h3>\n\n\n\n<ul class=\"wp-block-list\">\n<li>Nos guides locaux <strong>connaissent les meilleures routes et les endroits \u00e0 \u00e9viter.<\/strong> Ils vous aideront \u00e0 vous d\u00e9placer <strong>en toute s\u00e9curit\u00e9 dans l&#8217;\u00c9quateur<\/strong>. Ils sont \u00e9galement en mesure de vous aider \u00e0 n\u00e9gocier les prix et \u00e0 \u00e9viter les arnaques. Ils vous prot\u00e9geront de votre argent et de votre temps.<\/li>\n\n\n\n<li>Si vous souhaitez, ou deviez, prolonger votre s\u00e9jour ou changer d&#8217;itin\u00e9raire, nous ferons tout notre possible pour r\u00e9pondre \u00e0 vos demandes. <strong>Nous nous adaptons \u00e0 vos besoins<\/strong>. Nous serons \u00e9galement <strong>l\u00e0 pour vous soutenir en cas de besoin<\/strong>. Nous vous aiderons \u00e0 surmonter les impr\u00e9vus.<\/li>\n\n\n\n<li>Nous <strong>vous aiderons dans toutes les d\u00e9marches et \u00e9v\u00e8nements possibles qui surviendraient.<\/strong> Nous nous occupons de tout pour que vous puissiez profiter de votre voyage. <\/li>\n\n\n\n<li>Nous nous engageons \u00e0 ne faire <strong>aucune nuit\u00e9es pass\u00e9es \u00e0 Guayaquil<\/strong>. Cette ville reste dangereuse de nuit.<\/li>\n\n\n\n<li>Nous <strong>nous engageons \u00e0 limiter les nuit\u00e9es dans les grandes villes et aglom\u00e9rations<\/strong>. Nous pr\u00e9f\u00e9rons vous faire d\u00e9couvrir les petits villages et les paysages naturels de l&#8217;\u00c9quateur (<strong>hormis Quito et Cuenca<\/strong> class\u00e9s par l&#8217;UNESCO).<\/li>\n\n\n\n<li>Nous vous ferons d\u00e9couvrir les plus beaux endroits de l&#8217;\u00c9quateur, loin des foules et des sentiers battus. <strong>Nous vous ferons vivre un s\u00e9jour inoubliable.<\/strong><\/li>\n<\/ul>\n\n\n\n<h3 class=\"wp-block-heading\">Conseils<\/h3>\n\n\n\n<ul class=\"wp-block-list\">\n<li><strong>\u00c9vitez les bo\u00eetes de nuit<\/strong> <strong>et les f\u00eates tardives<\/strong> apr\u00e8s 23 h. Les forces arm\u00e9es sont d\u00e9ploy\u00e9es dans le pays et des contr\u00f4les peuvent \u00eatre effectu\u00e9s.<\/li>\n\n\n\n<li>Si vous souhaitez voyager en <strong>autotour<\/strong>, il est <strong>pr\u00e9f\u00e9rable de le faire avec un guide ou un chauffeur.<\/strong><\/li>\n\n\n\n<li>Les <strong>backpackers <\/strong>qui souhaitent s&#8217;aventurer seuls dans le pays sans conna\u00eetre la situation actuelle <strong>devraient reconsid\u00e9rer leur voyage.<\/strong><\/li>\n\n\n\n<li>En cas d&#8217;urgence en Equateur,<strong> appelez le 911<\/strong> ou <strong>1-800-DELITO<\/strong> (<strong>1-800-335-486<\/strong>), le num\u00e9ro d&#8217;urgence pour les crimes en \u00c9quateur.<\/li>\n<\/ul>\n\n\n\n<h2 class=\"wp-block-heading\">Non loin de l&#8217;agence ITK dans les rues calmes de Sangolqui, ce vendredi 12 janvier 2024<\/h2>\n\n\n\n<p>Quelques jours apr\u00e8s les \u00e9v\u00e8nements qui ont secou\u00e9 le monde entier, les <strong>rues <\/strong>sont <strong>calmes<\/strong>, les <strong>commerces <\/strong>ont <strong>repris leurs activit\u00e9s<\/strong> et <strong>les passants aussi<\/strong>. Ci-dessous, quelques clich\u00e9s pris vendredi 12 janvier 2024 dans les rues proches de l&#8217;<a href=\"https:\/\/www.incatrek-ecuador.com\" data-type=\"link\" data-id=\"https:\/\/www.incatrek-ecuador.com\" target=\"_blank\" rel=\"noreferrer noopener\">agence ITK Voyage Equateur &amp; Galapagos<\/a> \u00e0 Sangolqui, dans le secteur m\u00e9tropolitain de Quito.<\/p>\n\n\n\n<figure class=\"wp-block-gallery has-nested-images columns-default is-cropped wp-block-gallery-1 is-layout-flex wp-block-gallery-is-layout-flex\">\n<figure class=\"wp-block-image size-large\"><img loading=\"lazy\" decoding=\"async\" width=\"1024\" height=\"685\" data-id=\"2360\" src=\"https:\/\/www.incatrek-ecuador.com\/blog\/wp-content\/uploads\/2024\/01\/sangolqui-equateur-12-01-2024-vendeur-de-rue-et-pietons-rue-calme-1024x685.jpg\" alt=\"\" class=\"wp-image-2360\" srcset=\"https:\/\/www.incatrek-ecuador.com\/blog\/wp-content\/uploads\/2024\/01\/sangolqui-equateur-12-01-2024-vendeur-de-rue-et-pietons-rue-calme-1024x685.jpg 1024w, https:\/\/www.incatrek-ecuador.com\/blog\/wp-content\/uploads\/2024\/01\/sangolqui-equateur-12-01-2024-vendeur-de-rue-et-pietons-rue-calme-300x201.jpg 300w, https:\/\/www.incatrek-ecuador.com\/blog\/wp-content\/uploads\/2024\/01\/sangolqui-equateur-12-01-2024-vendeur-de-rue-et-pietons-rue-calme-768x514.jpg 768w, https:\/\/www.incatrek-ecuador.com\/blog\/wp-content\/uploads\/2024\/01\/sangolqui-equateur-12-01-2024-vendeur-de-rue-et-pietons-rue-calme-1536x1028.jpg 1536w, https:\/\/www.incatrek-ecuador.com\/blog\/wp-content\/uploads\/2024\/01\/sangolqui-equateur-12-01-2024-vendeur-de-rue-et-pietons-rue-calme.jpg 1600w\" sizes=\"(max-width: 1024px) 100vw, 1024px\" \/><\/figure>\n\n\n\n<figure class=\"wp-block-image size-large\"><img loading=\"lazy\" decoding=\"async\" width=\"1024\" height=\"685\" data-id=\"2361\" src=\"https:\/\/www.incatrek-ecuador.com\/blog\/wp-content\/uploads\/2024\/01\/sangolqui-equateur-12-01-2024-voitures-et-pietons-rue-calme-1024x685.jpg\" alt=\"\" class=\"wp-image-2361\" srcset=\"https:\/\/www.incatrek-ecuador.com\/blog\/wp-content\/uploads\/2024\/01\/sangolqui-equateur-12-01-2024-voitures-et-pietons-rue-calme-1024x685.jpg 1024w, https:\/\/www.incatrek-ecuador.com\/blog\/wp-content\/uploads\/2024\/01\/sangolqui-equateur-12-01-2024-voitures-et-pietons-rue-calme-300x201.jpg 300w, https:\/\/www.incatrek-ecuador.com\/blog\/wp-content\/uploads\/2024\/01\/sangolqui-equateur-12-01-2024-voitures-et-pietons-rue-calme-768x514.jpg 768w, https:\/\/www.incatrek-ecuador.com\/blog\/wp-content\/uploads\/2024\/01\/sangolqui-equateur-12-01-2024-voitures-et-pietons-rue-calme-1536x1028.jpg 1536w, https:\/\/www.incatrek-ecuador.com\/blog\/wp-content\/uploads\/2024\/01\/sangolqui-equateur-12-01-2024-voitures-et-pietons-rue-calme.jpg 1600w\" sizes=\"(max-width: 1024px) 100vw, 1024px\" \/><\/figure>\n\n\n\n<figure class=\"wp-block-image size-large\"><img loading=\"lazy\" decoding=\"async\" width=\"1024\" height=\"685\" data-id=\"2359\" src=\"https:\/\/www.incatrek-ecuador.com\/blog\/wp-content\/uploads\/2024\/01\/sangolqui-equateur-12-01-2024-rue-calme-1024x685.jpg\" alt=\"\" class=\"wp-image-2359\" srcset=\"https:\/\/www.incatrek-ecuador.com\/blog\/wp-content\/uploads\/2024\/01\/sangolqui-equateur-12-01-2024-rue-calme-1024x685.jpg 1024w, https:\/\/www.incatrek-ecuador.com\/blog\/wp-content\/uploads\/2024\/01\/sangolqui-equateur-12-01-2024-rue-calme-300x201.jpg 300w, https:\/\/www.incatrek-ecuador.com\/blog\/wp-content\/uploads\/2024\/01\/sangolqui-equateur-12-01-2024-rue-calme-768x514.jpg 768w, https:\/\/www.incatrek-ecuador.com\/blog\/wp-content\/uploads\/2024\/01\/sangolqui-equateur-12-01-2024-rue-calme-1536x1028.jpg 1536w, https:\/\/www.incatrek-ecuador.com\/blog\/wp-content\/uploads\/2024\/01\/sangolqui-equateur-12-01-2024-rue-calme.jpg 1600w\" sizes=\"(max-width: 1024px) 100vw, 1024px\" \/><\/figure>\n<\/figure>\n\n\n\n<div style=\"height:40px\" aria-hidden=\"true\" class=\"wp-block-spacer\"><\/div>\n\n\n\n<h2 class=\"wp-block-heading\" id=\"securite-equateur-presse-locale-2024\">La s\u00e9curit\u00e9 en \u00c9quateur pendant l&#8217;\u00e9tat d&#8217;urgence : le point de vue de la presse \u00e9quatorienne<\/h2>\n\n\n\n<p>Suite aux violences extr\u00eames qui ont boulevers\u00e9 l&#8217;\u00c9quateur le 9 janvier dernier, le gouvernement a pris des mesures rapides et efficaces pour r\u00e9tablir l&#8217;ordre.<\/p>\n\n\n\n<p>Le premier jour, la <strong>population <\/strong>a \u00e9t\u00e9 <strong>choqu\u00e9e<\/strong>. Le deuxi\u00e8me jour, <strong>l&#8217;inqui\u00e9tude <\/strong>s&#8217;est <strong>install\u00e9e<\/strong>, tandis que le troisi\u00e8me jour, <strong>la peur a gagn\u00e9 les esprits<\/strong>. Mais le quatri\u00e8me jour, <strong>les sc\u00e8nes de vie ont commenc\u00e9 \u00e0 ressembler \u00e0 celles d&#8217;avant les \u00e9v\u00e9nements,<\/strong> \u00e0 l&#8217;exception, bien entendu, de la pr\u00e9sence militaire et du couvre-feu.<\/p>\n\n\n\n<figure data-wp-context=\"{&quot;imageId&quot;:&quot;69f5c6db6b1a9&quot;}\" data-wp-interactive=\"core\/image\" class=\"wp-block-image size-large wp-lightbox-container\"><img loading=\"lazy\" decoding=\"async\" width=\"1024\" height=\"523\" data-wp-class--hide=\"state.isContentHidden\" data-wp-class--show=\"state.isContentVisible\" data-wp-init=\"callbacks.setButtonStyles\" data-wp-on-async--click=\"actions.showLightbox\" data-wp-on-async--load=\"callbacks.setButtonStyles\" data-wp-on-async-window--resize=\"callbacks.setButtonStyles\" src=\"https:\/\/www.incatrek-ecuador.com\/blog\/wp-content\/uploads\/2024\/01\/copie-ecran-el-universo-plus-grand-journal-equatorien-vendredi-12-janvier-2024-1024x523.png\" alt=\"\" class=\"wp-image-2321\" srcset=\"https:\/\/www.incatrek-ecuador.com\/blog\/wp-content\/uploads\/2024\/01\/copie-ecran-el-universo-plus-grand-journal-equatorien-vendredi-12-janvier-2024-1024x523.png 1024w, https:\/\/www.incatrek-ecuador.com\/blog\/wp-content\/uploads\/2024\/01\/copie-ecran-el-universo-plus-grand-journal-equatorien-vendredi-12-janvier-2024-300x153.png 300w, https:\/\/www.incatrek-ecuador.com\/blog\/wp-content\/uploads\/2024\/01\/copie-ecran-el-universo-plus-grand-journal-equatorien-vendredi-12-janvier-2024-768x392.png 768w, https:\/\/www.incatrek-ecuador.com\/blog\/wp-content\/uploads\/2024\/01\/copie-ecran-el-universo-plus-grand-journal-equatorien-vendredi-12-janvier-2024-1536x784.png 1536w, https:\/\/www.incatrek-ecuador.com\/blog\/wp-content\/uploads\/2024\/01\/copie-ecran-el-universo-plus-grand-journal-equatorien-vendredi-12-janvier-2024.png 1586w\" sizes=\"(max-width: 1024px) 100vw, 1024px\" \/><button\n\t\t\tclass=\"lightbox-trigger\"\n\t\t\ttype=\"button\"\n\t\t\taria-haspopup=\"dialog\"\n\t\t\taria-label=\"Agrandir l\u2018image\"\n\t\t\tdata-wp-init=\"callbacks.initTriggerButton\"\n\t\t\tdata-wp-on-async--click=\"actions.showLightbox\"\n\t\t\tdata-wp-style--right=\"state.imageButtonRight\"\n\t\t\tdata-wp-style--top=\"state.imageButtonTop\"\n\t\t>\n\t\t\t<svg xmlns=\"http:\/\/www.w3.org\/2000\/svg\" width=\"12\" height=\"12\" fill=\"none\" viewBox=\"0 0 12 12\">\n\t\t\t\t<path fill=\"#fff\" d=\"M2 0a2 2 0 0 0-2 2v2h1.5V2a.5.5 0 0 1 .5-.5h2V0H2Zm2 10.5H2a.5.5 0 0 1-.5-.5V8H0v2a2 2 0 0 0 2 2h2v-1.5ZM8 12v-1.5h2a.5.5 0 0 0 .5-.5V8H12v2a2 2 0 0 1-2 2H8Zm2-12a2 2 0 0 1 2 2v2h-1.5V2a.5.5 0 0 0-.5-.5H8V0h2Z\" \/>\n\t\t\t<\/svg>\n\t\t<\/button><figcaption class=\"wp-element-caption\"><em>El Universo &#8211; vendredi 12 janvier 2024. Copie d&#8217;\u00e9cran des gros titres concernant l&#8217;actialit\u00e9 en Equateur.<\/em><\/figcaption><\/figure>\n\n\n\n<p><strong>Dans l&#8217;actualit\u00e9 des journaux locaux du vendredi 12 janvier 2024<\/strong>, dont <a href=\"https:\/\/www.eluniverso.com\/\" data-type=\"link\" data-id=\"https:\/\/www.eluniverso.com\/\" target=\"_blank\" rel=\"noreferrer noopener nofollow\">El Universo<\/a>, le plus grand quotidien \u00e9quatorien, les gros titres \u00e9taient domin\u00e9s par la <strong>hausse du prix de l&#8217;\u00e9lectricit\u00e9<\/strong>, les <strong>violences intrafamiliales<\/strong>, la <strong>contamination des riz<\/strong> par les m\u00e9taux toxiques, les contr\u00f4les renforc\u00e9s des <strong>v\u00e9hicules sans plaques d&#8217;immatriculation<\/strong>, les <strong>pr\u00e9occupations du sous-directeur \u00e9tranger de Human Rights Watch<\/strong>, la situation des prisonniers dans les <strong>prisons de Machala<\/strong>, une <strong>d\u00e9couverte arch\u00e9ologique<\/strong>, des questions sur le <strong>r\u00e9f\u00e9rendum<\/strong>, des <strong>explosifs pr\u00e9sum\u00e9s au sud de Quito<\/strong>, la <strong>hausse de 3% de la TVA<\/strong>, la <strong>politique locale<\/strong>, les <strong>horaires d&#8217;ouverture des supermarch\u00e9s<\/strong>, les contr\u00f4les routiers, les <strong>amendes pour les vitres teint\u00e9es<\/strong> dans les voitures particuli\u00e8res et <strong>l&#8217;horaire du couvre-feu<\/strong>.<\/p>\n\n\n\n<p>Tandis qu&#8217;en France :<\/p>\n\n\n\n<ul class=\"wp-block-list\">\n<li>&#8220;<em><a href=\"https:\/\/www.mediapart.fr\/journal\/international\/120124\/comment-l-equateur-bascule-dans-le-chaos\" target=\"_blank\" rel=\"noreferrer noopener\">Comment l&#8217;\u00c9quateur a bascul\u00e9 dans le chaos<\/a><\/em>&#8221; &#8211; M\u00e9diapart (12\/01\/2024)<\/li>\n\n\n\n<li>&#8220;<em><a href=\"https:\/\/www.ledevoir.com\/opinion\/idees\/805190\/criminalite-equateur-est-crise-situation-va-probablement-envenimer\" target=\"_blank\" rel=\"noreferrer noopener\">L&#8217;\u00c9quateur est en crise, et la situation va probablement s&#8217;envenimer<\/a><\/em>&#8221; &#8211; Le Devoir (12\/01\/2024)<\/li>\n\n\n\n<li>&#8220;<a href=\"https:\/\/www.nouvelobs.com\/monde\/20240112.OBS83196\/equateur-10-choses-a-savoir-sur-la-guerre-des-narcos-qui-met-le-pays-en-etat-de-choc.html\" target=\"_blank\" rel=\"noreferrer noopener\"><em>Equateur : 10 choses \u00e0 savoir sur la \u00ab guerre des narcos <\/em>\u00bb qui met le pays en \u00e9tat de choc<\/a>&#8221; &#8211; L&#8217;Obs (12\/01\/2024)<\/li>\n\n\n\n<li>&#8220;<em><a href=\"https:\/\/www.la-croix.com\/international\/l-equateur-symbole-de-limpasse-securitaire-liee-au-narcotrafic-en-amerique-latine-20240112\" target=\"_blank\" rel=\"noreferrer noopener\">L&#8217;\u00c9quateur, symbole de l&#8217;impasse s\u00e9curitaire li\u00e9e au narcotrafic en Am\u00e9rique latine<\/a><\/em>&#8221; &#8211; La Croix (12\/01\/2024)<\/li>\n\n\n\n<li>&#8220;<em><a href=\"https:\/\/www.cath.ch\/newsf\/mgr-antonio-crameri-lequateur-est-au-bord-de-la-guerre-civile\/\" target=\"_blank\" rel=\"noreferrer noopener nofollow\">Mgr Antonio Crameri: \u00abl&#8217;Equateur est au bord de la guerre civile\u00bb \u2013 Portail catholique suisse<\/a><\/em>&#8221; &#8211; cath.ch (12\/01\/2024)<\/li>\n\n\n\n<li>&#8220;<em><a href=\"https:\/\/www.tf1info.fr\/international\/reportage-apres-l-evasion-d-un-chef-de-gang-adolfo-macias-fito-l-equateur-plonge-dans-la-terreur-2282431.html\" target=\"_blank\" rel=\"noreferrer noopener\">REPORTAGE &#8211; Crise s\u00e9curitaire en \u00c9quateur : au c\u0153ur d\u2019un pays plong\u00e9 dans le chaos<\/a><\/em>&#8221; &#8211; TF1 (12\/01\/2024)<\/li>\n\n\n\n<li>&#8220;<a href=\"https:\/\/www.latribune.ca\/chroniques\/karine-tremblay\/2024\/01\/12\/une-partie-de-mon-coeur-est-en-equateur-TTRY6SK3NVCYRCXLB3WGXGJ5NM\/\" target=\"_blank\" rel=\"noopener\"><em>Les bandes criminelles ont pris les rues d&#8217;assaut<\/em><\/a>&#8221; &#8211; La Tribune (12\/01\/2024)<\/li>\n\n\n\n<li>&#8220;<em><a href=\"https:\/\/www.tf1.fr\/tf1\/bonjour-la-matinale-tf1\/videos\/bonjour-la-matinale-tf1-equateur-le-pays-en-etat-de-siege-10265046.html\" target=\"_blank\" rel=\"noreferrer noopener\">Bonjour ! La Matinale TF1 &#8211; Equateur : le pays en \u00e9tat de si\u00e8ge<\/a><\/em>&#8221; &#8211; TF1 (12\/01\/2024)<\/li>\n\n\n\n<li>&#8220;<em><a href=\"https:\/\/www.radiofrance.fr\/franceinter\/podcasts\/on-va-en-reparler\/on-va-en-reparler-du-samedi-13-janvier-2024-7302860\" target=\"_blank\" rel=\"noreferrer noopener\">Daniel Noboa, pr\u00e9sident du chaos \u00e9quatorien<\/a><\/em>&#8221; &#8211; Radio France (13\/01\/2024)<\/li>\n\n\n\n<li>&#8220;<em><a href=\"https:\/\/www.tf1.fr\/tf1\/jt-20h\/videos\/equateur-au-coeur-dune-ville-en-etat-de-siege-24746961.html\" target=\"_blank\" rel=\"noreferrer noopener\">\u00c9quateur : au c\u0153ur d&#8217;une ville en \u00e9tat de si\u00e8ge<\/a><\/em>&#8221; &#8211; TF1 (14\/01\/2024)<\/li>\n<\/ul>\n\n\n\n<p>Contrairement \u00e0 la presse internationale, qui rapporte une situation extr\u00e8mement tendue sur le point de s&#8217;empirer en Equateur, <strong>les journaux locaux confirment une situation redevenue calme<\/strong> (ce que nous aussi, \u00e9tant \u00e0 Quito, pouvons confirmer).<\/p>\n\n\n\n<p>D&#8217;un point de vu objectif, les <strong>faits de violence du 9 et 10 janvier<\/strong> sont ind\u00e9niables et ont \u00e9t\u00e9 suivis d&#8217;une <strong>offensive muscl\u00e9e du gouvernement<\/strong> puis d&#8217;un <strong>couvre-feu<\/strong> et d&#8217;une forte <strong>pr\u00e9sence des forces arm\u00e9es<\/strong> dans les rues. Mais ces mesures semblent avoir permis de <strong>ramener le calme dans tout le pays <\/strong>malgr\u00e9 la pr\u00e9sence arm\u00e9e, le couvre-feu et l&#8217;incompr\u00e9hension s\u00e9mantique ou politique face \u00e0 ce d\u00e9cret constitutionnel de &#8220;<em>conflicto armado interno<\/em>&#8221; (ce &#8220;conflit arm\u00e9 interne&#8221; de la constitution \u00e9quatorienne).<\/p>\n\n\n\n<p><strong>La situation est donc aujourd&#8217;hui revenue \u00e0 la normale<\/strong>, m\u00eame si le risque de nouveaux incidents n&#8217;est pas \u00e9cart\u00e9.<\/p>\n\n\n\n<h3 class=\"wp-block-heading\" id=\"chronologie-de-la-peur\">Chronologie de la peur<\/h3>\n\n\n\n<ul class=\"wp-block-list\">\n<li><strong>7 janvier 2024<\/strong> : \u00e9vasion d&#8217;Adolfo Macias, alias \u00ab Fito \u00bb, chef du plus grand cartel \u00e9quatorien, et soul\u00e8vements dans certaines prisons \u00e9quatoriennes<\/li>\n\n\n\n<li><strong>8-10 janvier 2024<\/strong> : r\u00e9ponse forte et imm\u00e9diate du gouvernement \u00e9quatorien avec de nombreuses mesures dont <strong>1.<\/strong> L&#8217;\u00e9tat d&#8217;urgence ; <strong>2.<\/strong> L&#8217;\u00e9tat de conflit arm\u00e9 ; <strong>3.<\/strong> Le couvre-feu; <strong>4.<\/strong> La lib\u00e9ration d&#8217;otages ; <strong>5.<\/strong> Environ 300 narcotrafiquants arr\u00eat\u00e9s et plusieurs autres neutralis\u00e9s<\/li>\n\n\n\n<li><strong>9 janvier 2024<\/strong> : tentative de d\u00e9stabilisation du gouvernement \u00e9quatorien par les narcotrafiquants<\/li>\n\n\n\n<li><strong>8<\/strong>&#8211;<strong>10 janvier 2024<\/strong> : grande prudence dans tout le pays et sentiment de peur g\u00e9n\u00e9ral<\/li>\n\n\n\n<li><strong>11 janvier 2024<\/strong> : calme, routine et quotidien r\u00e9tablis. Le gouvernement de l&#8217;\u00c9quateur a annonc\u00e9 que tous les \u00e9trangers entrant dans le pays via des points de passage frontaliers terrestres depuis la Colombie ou le P\u00e9rou sont tenus de <strong>pr\u00e9senter un certificat de casier judiciaire apostill\u00e9<\/strong> attestant d&#8217;une absence de casier judiciaire. (\u00e0 noter que les ambassades des pays francophones ne peuvent pas aider \u00e0 obtenir ces certificats.)<\/li>\n\n\n\n<li><strong>12 janvier 2024<\/strong> : vendredi soir, au moins 5 d\u00e9tenus du p\u00e9nitencier de <strong>Guayaquil <\/strong>se sont \u00e9vad\u00e9s<\/li>\n\n\n\n<li><strong>13 janvier 2024<\/strong> : quarante et un otages lib\u00e9r\u00e9s de la prison de <strong>Guayaquil<\/strong><\/li>\n\n\n\n<li><strong>14 janvier 2024<\/strong> : apr\u00e8s une semaine d&#8217;op\u00e9rations militaires et polici\u00e8res, le pr\u00e9sident \u00e9quatorien Daniel Noboa annonce la fin des violences et de l&#8217;ins\u00e9curit\u00e9 qui s\u00e9vissaient dans les prisons du pays<\/li>\n\n\n\n<li><strong>15 janvier 2024<\/strong> : El Universo fait le point d&#8217;une semaine record pour la police \u00e9quatorienne, avec l&#8217;arrestation de 1 327 criminels, dont 143 pour d\u00e9lit pr\u00e9sum\u00e9 de terrorisme, en seulement 7 jours<\/li>\n\n\n\n<li><strong>16 janvier 2024<\/strong> : les ministres des Affaires \u00e9trang\u00e8res, de l\u2019Int\u00e9rieur et de la D\u00e9fense des pays andins se r\u00e9uniront dimanche 21 janvier \u00e0 Lima  pour \u00e9voquer les probl\u00e8mes li\u00e9s \u00e0 la criminalit\u00e9 transfrontali\u00e8re issue du narcotrafic, \u00e0 l&#8217;origine des mesures prises par l\u2019Equateur lors de la crise s\u00e9curitaire <\/li>\n\n\n\n<li><strong>17 janvier 2024 <\/strong>: le juge charg\u00e9 de l&#8217;enqu\u00eate sur la prise d&#8217;otages \u00e0 la t\u00e9l\u00e9vision a \u00e9t\u00e9 assassin\u00e9<\/li>\n\n\n\n<li><strong>19 janvier 2024<\/strong> : la femme et les enfants du chef de gang de Los Choneros, Adolfo Macias alias &#8220;Fito&#8221;, ont \u00e9t\u00e9 arret\u00e9s en Argentine puis expuls\u00e9s vers l&#8217;Equateur<\/li>\n<\/ul>\n\n\n\n<h2 class=\"wp-block-heading etat-conflit-arme-interne-explique\" id=\"etat-conflit-arme-interne-explique\">Qu&#8217;est-ce que &#8220;l&#8217;\u00e9tat de conflit arm\u00e9 interne&#8221; ?<\/h2>\n\n\n\n<p>L&#8217;\u00e9tat de conflit arm\u00e9 interne est un &#8220;<strong>\u00e9tat d&#8217;exception<\/strong>&#8220;, un \u00e9tat d&#8217;urgence, d\u00e9clar\u00e9 par le pr\u00e9sident de l&#8217;\u00c9quateur. Il permet \u00e0 l&#8217;\u00c9tat de prendre des mesures exceptionnelles pour faire face \u00e0 une situation de violence grave et prolong\u00e9e.<\/p>\n\n\n\n<figure class=\"wp-block-image size-full\"><img loading=\"lazy\" decoding=\"async\" width=\"1005\" height=\"670\" src=\"https:\/\/www.incatrek-ecuador.com\/blog\/wp-content\/uploads\/2024\/01\/militaires-chars-rues-quito-janvier-2024.jpg\" alt=\"\" class=\"wp-image-2164\" srcset=\"https:\/\/www.incatrek-ecuador.com\/blog\/wp-content\/uploads\/2024\/01\/militaires-chars-rues-quito-janvier-2024.jpg 1005w, https:\/\/www.incatrek-ecuador.com\/blog\/wp-content\/uploads\/2024\/01\/militaires-chars-rues-quito-janvier-2024-300x200.jpg 300w, https:\/\/www.incatrek-ecuador.com\/blog\/wp-content\/uploads\/2024\/01\/militaires-chars-rues-quito-janvier-2024-768x512.jpg 768w\" sizes=\"(max-width: 1005px) 100vw, 1005px\" \/><figcaption class=\"wp-element-caption\">Cr\u00e9dit Photo : <a href=\"https:\/\/www.eluniverso.com\/\" target=\"_blank\" rel=\"noreferrer noopener\">El Universo<\/a><\/figcaption><\/figure>\n\n\n\n<p>L&#8217;\u00e9tat de conflit arm\u00e9 interne donne au pr\u00e9sident les pouvoirs suivants :<\/p>\n\n\n\n<ul class=\"wp-block-list\">\n<li>&nbsp; &nbsp;Il peut <strong>mobiliser les forces arm\u00e9es<\/strong> <strong>et la police<\/strong> pour faire face aux groupes arm\u00e9s.<\/li>\n\n\n\n<li>&nbsp; &nbsp;Il peut <strong>suspendre les garanties constitutionnelles<\/strong>, telles que la libert\u00e9 de r\u00e9union et la libert\u00e9 d&#8217;expression.<\/li>\n\n\n\n<li>&nbsp; &nbsp;Il peut d\u00e9cr\u00e9ter la <strong>loi martiale<\/strong> dans certaines zones du pays.<\/li>\n<\/ul>\n\n\n\n<p>L&#8217;\u00e9tat de conflit arm\u00e9 interne est valable pour une dur\u00e9e de <strong>60 jours<\/strong>. Il peut \u00eatre prolong\u00e9 si la situation de violence persiste.<\/p>\n\n\n\n<p>En \u00c9quateur, l&#8217;\u00e9tat de conflit arm\u00e9 interne est une mesure controvers\u00e9e. Certains estiment qu&#8217;elle est n\u00e9cessaire pour r\u00e9tablir l&#8217;ordre, tandis que d&#8217;autres craignent qu&#8217;elle ne conduise \u00e0 une violation des droits humains.<\/p>\n\n\n\n<p>Voici quelques exemples de mesures qui ont \u00e9t\u00e9 prises en \u00c9quateur dans le cadre de l&#8217;\u00e9tat de conflit arm\u00e9 interne :<\/p>\n\n\n\n<ul class=\"wp-block-list\">\n<li>&nbsp; &nbsp; Les forces arm\u00e9es ont \u00e9t\u00e9 d\u00e9ploy\u00e9es dans les zones les plus touch\u00e9es par la violence.<\/li>\n\n\n\n<li>&nbsp; &nbsp; La police a \u00e9t\u00e9 autoris\u00e9e \u00e0 utiliser la force l\u00e9tale contre les groupes arm\u00e9s.<\/li>\n\n\n\n<li>&nbsp; &nbsp; Des lois ont \u00e9t\u00e9 adopt\u00e9es pour renforcer les peines pour les crimes li\u00e9s au trafic de drogue.<\/li>\n<\/ul>\n\n\n\n<p><strong>Il est encore trop t\u00f4t<\/strong> pour dire si l&#8217;\u00e9tat de conflit arm\u00e9 interne permettra de r\u00e9tablir l&#8217;ordre en \u00c9quateur mais depuis mardi soir, 9 janvier 2024, 5 narco-trafiquants ont d\u00e9j\u00e0 \u00e9t\u00e9 neutralis\u00e9s et 300 sont d\u00e9sormais d\u00e9tenus. (Mise \u00e0 jour : 12\/01\/2024)<\/p>\n\n\n\n<h2 class=\"wp-block-heading\" id=\"prise-otages-guayaquil\">Prise d&#8217;otages en direct \u00e0 la t\u00e9l\u00e9vision \u00e9quatorienne : les forces de l&#8217;ordre neutralisent les preneurs d&#8217;otages<\/h2>\n\n\n\n<p>Guayaquil, \u00c9quateur &#8211; 9 janvier 2024<\/p>\n\n\n\n<p>Une prise d&#8217;otages s&#8217;est produite mardi apr\u00e8s-midi dans les locaux de la cha\u00eene de t\u00e9l\u00e9vision \u00e9quatorienne TC Televisi\u00f3n, \u00e0 Guayaquil. Des hommes arm\u00e9s, identifi\u00e9s comme des narcotrafiquants, ont pris en otage des journalistes et des employ\u00e9s de la cha\u00eene.<\/p>\n\n\n\n<p>La prise d&#8217;otages a \u00e9t\u00e9 diffus\u00e9e en direct \u00e0 la t\u00e9l\u00e9vision, ce qui a suscit\u00e9 une vive inqui\u00e9tude dans le pays. Les assaillants ont exig\u00e9 la lib\u00e9ration d&#8217;un chef de gang incarc\u00e9r\u00e9, Adolfo Macias Villamar, alias \u00ab <a href=\"https:\/\/fr.wikipedia.org\/wiki\/Jos%C3%A9_Adolfo_Mac%C3%ADas_Villamar\" target=\"_blank\" rel=\"noreferrer noopener\">Fito <\/a>\u00bb.<\/p>\n\n\n\n<p>Apr\u00e8s plusieurs heures de n\u00e9gociations, les forces de l&#8217;ordre ont donn\u00e9 l&#8217;assaut aux locaux de la cha\u00eene. Les preneurs d&#8217;otages ont \u00e9t\u00e9 neutralis\u00e9s et tous les otages ont \u00e9t\u00e9 lib\u00e9r\u00e9s sains et saufs.<\/p>\n\n\n\n<p>Ci-dessous, vid\u00e9o en direct depuis Quito, chez Vanessa, <a href=\"https:\/\/www.incatrek-ecuador.com\/circuit-a-la-carte-equateur\/guides-francophones\/\" target=\"_blank\" rel=\"noreferrer noopener\">guide et responsable des voyageurs francophones<\/a> pour ITK Voyage.<\/p>\n\n\n\n<figure class=\"wp-block-embed is-type-video is-provider-youtube wp-block-embed-youtube wp-embed-aspect-16-9 wp-has-aspect-ratio\"><div class=\"wp-block-embed__wrapper\">\n<div class=\"ast-oembed-container \" style=\"height: 100%;\"><iframe title=\"Prise d&#039;otages en direct \u00e0 la t\u00e9l\u00e9vision \u00e9quatorienne (Guayaquil, \u00c9quateur - 9 janvier 2024)\" width=\"500\" height=\"281\" src=\"https:\/\/www.youtube.com\/embed\/oYeBCqu1638?feature=oembed\" frameborder=\"0\" allow=\"accelerometer; autoplay; clipboard-write; encrypted-media; gyroscope; picture-in-picture; web-share\" referrerpolicy=\"strict-origin-when-cross-origin\" allowfullscreen><\/iframe><\/div>\n<\/div><\/figure>\n\n\n\n<h2 class=\"wp-block-heading\" id=\"etals-vides-panamericaine-deserte\">Le 10 janvier 2024, une route panam\u00e9ricaine d\u00e9serte et les march\u00e9s proches de la prison sont vides<\/h2>\n\n\n\n<h4 class=\"wp-block-heading\">Sur la Panam\u00e9ricaine \u00e9quatorienne<\/h4>\n\n\n\n<p>Une autoroute d\u00e9serte. La voiture de notre photographe et guide local Fernando traverse la Panam\u00e9ricaine, l&#8217;autoroute transam\u00e9ricaine qui traverse l&#8217;\u00c9quateur. C&#8217;est un contraste saisissant avec la circulation habituelle, dense et bruyante.<\/p>\n\n\n\n<p>La raison de ce calme est simple : l&#8217;\u00e9tat d&#8217;urgence et l&#8217;\u00e9tat de conflit arm\u00e9 interne.<\/p>\n\n\n\n<figure class=\"wp-block-embed is-type-video is-provider-youtube wp-block-embed-youtube wp-embed-aspect-16-9 wp-has-aspect-ratio\"><div class=\"wp-block-embed__wrapper\">\n<div class=\"ast-oembed-container \" style=\"height: 100%;\"><iframe title=\"\u00c9tat d&#039;urgence &amp; conflit arm\u00e9 interne en \u00c9quateur : Une route panam\u00e9ricaine d\u00e9serte\" width=\"500\" height=\"281\" src=\"https:\/\/www.youtube.com\/embed\/gNgeDGeAbLw?feature=oembed\" frameborder=\"0\" allow=\"accelerometer; autoplay; clipboard-write; encrypted-media; gyroscope; picture-in-picture; web-share\" referrerpolicy=\"strict-origin-when-cross-origin\" allowfullscreen><\/iframe><\/div>\n<\/div><\/figure>\n\n\n\n<h4 class=\"wp-block-heading\">Au march\u00e9 de Pujili en Equateur (10\/01\/2024)<\/h4>\n\n\n\n<p>Au march\u00e9 de Pujili, les \u00e9tals sont vides. Les vendeurs, qui s&#8217;y pressent habituellement d\u00e8s l&#8217;aube, sont rest\u00e9s chez eux, terr\u00e9s dans leurs maisons.<\/p>\n\n\n\n<p>&#8220;<strong>C&#8217;est par peur de la prison de <a href=\"https:\/\/fr.wikipedia.org\/wiki\/Latacunga\" target=\"_blank\" rel=\"noreferrer noopener\">Latacunga<\/a><\/strong>, nous dit l&#8217;un d&#8217;eux. <strong>On a peur des prisonniers qui s&#8217;\u00e9chappent.<\/strong>&#8220;<\/p>\n\n\n\n<figure class=\"wp-block-image size-large\"><img loading=\"lazy\" decoding=\"async\" width=\"1024\" height=\"473\" src=\"https:\/\/www.incatrek-ecuador.com\/blog\/wp-content\/uploads\/2024\/01\/marche-de-pujili-equateur-10-janvier-2024-1024x473.jpg\" alt=\"\" class=\"wp-image-2110\" srcset=\"https:\/\/www.incatrek-ecuador.com\/blog\/wp-content\/uploads\/2024\/01\/marche-de-pujili-equateur-10-janvier-2024-1024x473.jpg 1024w, https:\/\/www.incatrek-ecuador.com\/blog\/wp-content\/uploads\/2024\/01\/marche-de-pujili-equateur-10-janvier-2024-300x139.jpg 300w, https:\/\/www.incatrek-ecuador.com\/blog\/wp-content\/uploads\/2024\/01\/marche-de-pujili-equateur-10-janvier-2024-768x355.jpg 768w, https:\/\/www.incatrek-ecuador.com\/blog\/wp-content\/uploads\/2024\/01\/marche-de-pujili-equateur-10-janvier-2024.jpg 1052w\" sizes=\"(max-width: 1024px) 100vw, 1024px\" \/><\/figure>\n\n\n\n<div style=\"height:28px\" aria-hidden=\"true\" class=\"wp-block-spacer\"><\/div>\n\n\n\n<h2 class=\"wp-block-heading\" id=\"marche-saquisili-province-cotopaxi\">Au march\u00e9 de Saquisili le 11 janvier 2024, la vie reprend son cours<\/h2>\n\n\n\n<p>Le march\u00e9 de Saquisili se trouve dans la province du Cotopaxi, pr\u00e8s de Quito en Equateur. Loin des troubles r\u00e9cents, contrastant avec le march\u00e9 de Latacunga la veille, les communaut\u00e9s indig\u00e8nes locales reprennent leurs vielles habitudes et festivit\u00e9s.<\/p>\n\n\n\n<figure class=\"wp-block-gallery has-nested-images columns-default is-cropped wp-block-gallery-2 is-layout-flex wp-block-gallery-is-layout-flex\">\n<figure data-wp-context=\"{&quot;imageId&quot;:&quot;69f5c6db6be35&quot;}\" data-wp-interactive=\"core\/image\" class=\"wp-block-image size-large wp-lightbox-container\"><img loading=\"lazy\" decoding=\"async\" width=\"1024\" height=\"472\" data-wp-class--hide=\"state.isContentHidden\" data-wp-class--show=\"state.isContentVisible\" data-wp-init=\"callbacks.setButtonStyles\" data-wp-on-async--click=\"actions.showLightbox\" data-wp-on-async--load=\"callbacks.setButtonStyles\" data-wp-on-async-window--resize=\"callbacks.setButtonStyles\" data-id=\"2287\" src=\"https:\/\/www.incatrek-ecuador.com\/blog\/wp-content\/uploads\/2024\/01\/marche-de-saquisili-equateur-janvier-2024-lama-dans-les-bras-province-cotopaxi-1024x472.jpg\" alt=\"\" class=\"wp-image-2287\" srcset=\"https:\/\/www.incatrek-ecuador.com\/blog\/wp-content\/uploads\/2024\/01\/marche-de-saquisili-equateur-janvier-2024-lama-dans-les-bras-province-cotopaxi-1024x472.jpg 1024w, https:\/\/www.incatrek-ecuador.com\/blog\/wp-content\/uploads\/2024\/01\/marche-de-saquisili-equateur-janvier-2024-lama-dans-les-bras-province-cotopaxi-300x138.jpg 300w, https:\/\/www.incatrek-ecuador.com\/blog\/wp-content\/uploads\/2024\/01\/marche-de-saquisili-equateur-janvier-2024-lama-dans-les-bras-province-cotopaxi-768x354.jpg 768w, https:\/\/www.incatrek-ecuador.com\/blog\/wp-content\/uploads\/2024\/01\/marche-de-saquisili-equateur-janvier-2024-lama-dans-les-bras-province-cotopaxi.jpg 1280w\" sizes=\"(max-width: 1024px) 100vw, 1024px\" \/><button\n\t\t\tclass=\"lightbox-trigger\"\n\t\t\ttype=\"button\"\n\t\t\taria-haspopup=\"dialog\"\n\t\t\taria-label=\"Agrandir l\u2018image\"\n\t\t\tdata-wp-init=\"callbacks.initTriggerButton\"\n\t\t\tdata-wp-on-async--click=\"actions.showLightbox\"\n\t\t\tdata-wp-style--right=\"state.imageButtonRight\"\n\t\t\tdata-wp-style--top=\"state.imageButtonTop\"\n\t\t>\n\t\t\t<svg xmlns=\"http:\/\/www.w3.org\/2000\/svg\" width=\"12\" height=\"12\" fill=\"none\" viewBox=\"0 0 12 12\">\n\t\t\t\t<path fill=\"#fff\" d=\"M2 0a2 2 0 0 0-2 2v2h1.5V2a.5.5 0 0 1 .5-.5h2V0H2Zm2 10.5H2a.5.5 0 0 1-.5-.5V8H0v2a2 2 0 0 0 2 2h2v-1.5ZM8 12v-1.5h2a.5.5 0 0 0 .5-.5V8H12v2a2 2 0 0 1-2 2H8Zm2-12a2 2 0 0 1 2 2v2h-1.5V2a.5.5 0 0 0-.5-.5H8V0h2Z\" \/>\n\t\t\t<\/svg>\n\t\t<\/button><figcaption class=\"wp-element-caption\">Equatorienne avec un lama dans les bras au march\u00e9 de Saquisil (01\/2024)<\/figcaption><\/figure>\n\n\n\n<figure data-wp-context=\"{&quot;imageId&quot;:&quot;69f5c6db6c387&quot;}\" data-wp-interactive=\"core\/image\" class=\"wp-block-image size-large wp-lightbox-container\"><img loading=\"lazy\" decoding=\"async\" width=\"1024\" height=\"472\" data-wp-class--hide=\"state.isContentHidden\" data-wp-class--show=\"state.isContentVisible\" data-wp-init=\"callbacks.setButtonStyles\" data-wp-on-async--click=\"actions.showLightbox\" data-wp-on-async--load=\"callbacks.setButtonStyles\" data-wp-on-async-window--resize=\"callbacks.setButtonStyles\" data-id=\"2288\" src=\"https:\/\/www.incatrek-ecuador.com\/blog\/wp-content\/uploads\/2024\/01\/marche-de-saquisili-equateur-janvier-2024-cochon-sur-le-dos-province-cotopaxi-1024x472.jpg\" alt=\"\" class=\"wp-image-2288\" srcset=\"https:\/\/www.incatrek-ecuador.com\/blog\/wp-content\/uploads\/2024\/01\/marche-de-saquisili-equateur-janvier-2024-cochon-sur-le-dos-province-cotopaxi-1024x472.jpg 1024w, https:\/\/www.incatrek-ecuador.com\/blog\/wp-content\/uploads\/2024\/01\/marche-de-saquisili-equateur-janvier-2024-cochon-sur-le-dos-province-cotopaxi-300x138.jpg 300w, https:\/\/www.incatrek-ecuador.com\/blog\/wp-content\/uploads\/2024\/01\/marche-de-saquisili-equateur-janvier-2024-cochon-sur-le-dos-province-cotopaxi-768x354.jpg 768w, https:\/\/www.incatrek-ecuador.com\/blog\/wp-content\/uploads\/2024\/01\/marche-de-saquisili-equateur-janvier-2024-cochon-sur-le-dos-province-cotopaxi.jpg 1280w\" sizes=\"(max-width: 1024px) 100vw, 1024px\" \/><button\n\t\t\tclass=\"lightbox-trigger\"\n\t\t\ttype=\"button\"\n\t\t\taria-haspopup=\"dialog\"\n\t\t\taria-label=\"Agrandir l\u2018image\"\n\t\t\tdata-wp-init=\"callbacks.initTriggerButton\"\n\t\t\tdata-wp-on-async--click=\"actions.showLightbox\"\n\t\t\tdata-wp-style--right=\"state.imageButtonRight\"\n\t\t\tdata-wp-style--top=\"state.imageButtonTop\"\n\t\t>\n\t\t\t<svg xmlns=\"http:\/\/www.w3.org\/2000\/svg\" width=\"12\" height=\"12\" fill=\"none\" viewBox=\"0 0 12 12\">\n\t\t\t\t<path fill=\"#fff\" d=\"M2 0a2 2 0 0 0-2 2v2h1.5V2a.5.5 0 0 1 .5-.5h2V0H2Zm2 10.5H2a.5.5 0 0 1-.5-.5V8H0v2a2 2 0 0 0 2 2h2v-1.5ZM8 12v-1.5h2a.5.5 0 0 0 .5-.5V8H12v2a2 2 0 0 1-2 2H8Zm2-12a2 2 0 0 1 2 2v2h-1.5V2a.5.5 0 0 0-.5-.5H8V0h2Z\" \/>\n\t\t\t<\/svg>\n\t\t<\/button><figcaption class=\"wp-element-caption\">Indig\u00e8ne avec cochon sur le dos au march\u00e9 de Saquisil (01\/2024)<\/figcaption><\/figure>\n<\/figure>\n\n\n\n<div style=\"height:8px\" aria-hidden=\"true\" class=\"wp-block-spacer\"><\/div>\n\n\n\n<figure class=\"wp-block-embed is-type-video is-provider-youtube wp-block-embed-youtube wp-embed-aspect-16-9 wp-has-aspect-ratio\"><div class=\"wp-block-embed__wrapper\">\n<div class=\"ast-oembed-container \" style=\"height: 100%;\"><iframe title=\"March\u00e9 de Saquisili en Equateur\" width=\"500\" height=\"281\" src=\"https:\/\/www.youtube.com\/embed\/O18A-pFXpHQ?feature=oembed\" frameborder=\"0\" allow=\"accelerometer; autoplay; clipboard-write; encrypted-media; gyroscope; picture-in-picture; web-share\" referrerpolicy=\"strict-origin-when-cross-origin\" allowfullscreen><\/iframe><\/div>\n<\/div><\/figure>\n\n\n\n<h2 class=\"wp-block-heading\" id=\"plaza-san-francisco-vie-normale\">La Plaza San Francisco de Quito, un symbole de la vie quotidienne qui revient \u00e0 la normale<\/h2>\n\n\n\n<p>Vendredi 12 janvier 2024, sur la c\u00e9l\u00e8bre place de l&#8217;\u00e9glise San Francisco \u00e0 Quito (UNESCO) , la vie quotidienne reprend aussi son cours.<\/p>\n\n\n\n<figure class=\"wp-block-embed is-type-video is-provider-youtube wp-block-embed-youtube wp-embed-aspect-16-9 wp-has-aspect-ratio\"><div class=\"wp-block-embed__wrapper\">\n<div class=\"ast-oembed-container \" style=\"height: 100%;\"><iframe title=\"Plaza San Francisco - Quito (UNESCO) : la vie quotidienne reprend son cours\" width=\"500\" height=\"281\" src=\"https:\/\/www.youtube.com\/embed\/TCmwXX0og9c?feature=oembed\" frameborder=\"0\" allow=\"accelerometer; autoplay; clipboard-write; encrypted-media; gyroscope; picture-in-picture; web-share\" referrerpolicy=\"strict-origin-when-cross-origin\" allowfullscreen><\/iframe><\/div>\n<\/div><\/figure>\n\n\n\n<h2 class=\"wp-block-heading\" id=\"bilan\">Bilan de la situation en Equateur 10 jours apr\u00e8s l&#8217;\u00e9vasion du narcotrafiquant &#8220;Fito&#8221;<\/h2>\n\n\n\n<p>Les gouvernements n&#8217;ont pas encore modifi\u00e9 leurs recommandations et conseils de voyage concernant les voyages en \u00c9quateur, mais la presse confirme le retour au calme :<\/p>\n\n\n\n<ul class=\"wp-block-list\">\n<li>&#8220;<a href=\"https:\/\/www.lemonde.fr\/international\/article\/2024\/01\/15\/en-equateur-avec-la-liberation-d-otages-et-les-prisons-sous-controle-la-situation-se-normalise_6210852_3210.html\" target=\"_blank\" rel=\"noreferrer noopener\"><em>En Equateur, avec la lib\u00e9ration d\u2019otages et les prisons sous contr\u00f4le, la situation se normalise<\/em><\/a>&#8221; &#8211; Le Monde (15\/01\/2024)<\/li>\n\n\n\n<li>&#8220;<em><a href=\"https:\/\/www.bfmtv.com\/international\/amerique-latine\/equateur-la-situation-se-normalise-apres-une-semaine-de-chaos_AN-202401150265.html\" target=\"_blank\" rel=\"noreferrer noopener nofollow\">\u00c9quateur: la situation se normalise apr\u00e8s une semaine de chaos<\/a><\/em>&#8221; &#8211; BFMTV (15\/01\/2024)<\/li>\n\n\n\n<li>&#8220;<em><a href=\"https:\/\/www.ouest-france.fr\/monde\/equateur\/equateur-otages-liberes-prisons-sous-controle-la-situation-se-normalise-e2efefb6-b27b-40f7-a262-ad6aeb70dcad\" target=\"_blank\" rel=\"noreferrer noopener nofollow\">\u00c9quateur. Otages lib\u00e9r\u00e9s, prisons sous contr\u00f4le\u2026 la situation se normalise<\/a><\/em>&#8221; &#8211; Ouest-France (15\/01\/2024)<\/li>\n<\/ul>\n\n\n\n<h2 class=\"wp-block-heading\" id=\"aider-demarches\">Pour vous aider dans vos d\u00e9marches<\/h2>\n\n\n\n<ul class=\"wp-block-list\">\n<li>Effectuer une demande de casier judiciaire en France : <a href=\"https:\/\/faq.casier-judiciaire.justice.gouv.fr\/selfservice\/fr-fr\/194\/i-demande-de-bulletin-n-3-a-destination-d-un-autre-pays\/53\/comment-obtenir-un-extrait-de-casier-judiciaire-bulletin-n-3-apostille\" target=\"_blank\" rel=\"noopener\">Comment obtenir un extrait de casier judiciaire (bulletin n\u00b03) apostill\u00e9 ? &#8211; I &#8211; Demande de bulletin n\u00b03 \u00e0 destination d&#8217;un autre pays &#8211; Eptica Self Service (justice.gouv.fr)<\/a><\/li>\n\n\n\n<li>Demande d&#8217;apostille sur un extrait de casier judiciaire en France : <strong>1.<\/strong> <a href=\"https:\/\/www.justice.fr\/notice\/idtdb206-authentification-d%E2%80%99-extrait-casier-judiciaire-apostille\" target=\"_blank\" rel=\"noopener\">Authentification d\u2019un extrait de casier judiciaire (apostille) | Justice.fr<\/a> ; <strong>2.<\/strong> <a href=\"https:\/\/www.justice.fr\/sites\/default\/files\/NDemande%20apostille%20sur%20un%20extrait%20de%20casier%20judiciaire.pdf\" target=\"_blank\" rel=\"noopener\">NDemande apostille sur un extrait de casier judiciaire.pdf (justice.fr)<\/a> ; <strong>3.<\/strong> <a href=\"https:\/\/www.service-public.fr\/particuliers\/vosdroits\/R47867\" target=\"_blank\" rel=\"noopener\">Demande d&#8217;apostille (Formulaire 15703*01) | Service-Public.fr<\/a><\/li>\n<\/ul>\n","protected":false},"excerpt":{"rendered":"<p>\u00c9quateur : \u00c9tats d&#8217;Urgence (\u26a0 Derni\u00e8re mise \u00e0 jour, mardi 7 avril 2024) \u00c9tat d&#8217;urgence en \u00c9quateur : prolongation de [&hellip;]<\/p>\n","protected":false},"author":11,"featured_media":2082,"comment_status":"open","ping_status":"closed","sticky":true,"template":"","format":"standard","meta":{"_eb_attr":"","_exactmetrics_skip_tracking":false,"_exactmetrics_sitenote_active":false,"_exactmetrics_sitenote_note":"","_exactmetrics_sitenote_category":0,"_monsterinsights_skip_tracking":false,"_monsterinsights_sitenote_active":false,"_monsterinsights_sitenote_note":"","_monsterinsights_sitenote_category":0,"site-sidebar-layout":"default","site-content-layout":"","ast-site-content-layout":"","site-content-style":"default","site-sidebar-style":"default","ast-global-header-display":"","ast-banner-title-visibility":"","ast-main-header-display":"","ast-hfb-above-header-display":"","ast-hfb-below-header-display":"","ast-hfb-mobile-header-display":"","site-post-title":"","ast-breadcrumbs-content":"","ast-featured-img":"","footer-sml-layout":"","theme-transparent-header-meta":"","adv-header-id-meta":"","stick-header-meta":"","header-above-stick-meta":"","header-main-stick-meta":"","header-below-stick-meta":"","astra-migrate-meta-layouts":"default","ast-page-background-enabled":"default","ast-page-background-meta":{"desktop":{"background-color":"var(--ast-global-color-4)","background-image":"","background-repeat":"repeat","background-position":"center center","background-size":"auto","background-attachment":"scroll","background-type":"","background-media":"","overlay-type":"","overlay-color":"","overlay-opacity":"","overlay-gradient":""},"tablet":{"background-color":"","background-image":"","background-repeat":"repeat","background-position":"center center","background-size":"auto","background-attachment":"scroll","background-type":"","background-media":"","overlay-type":"","overlay-color":"","overlay-opacity":"","overlay-gradient":""},"mobile":{"background-color":"","background-image":"","background-repeat":"repeat","background-position":"center center","background-size":"auto","background-attachment":"scroll","background-type":"","background-media":"","overlay-type":"","overlay-color":"","overlay-opacity":"","overlay-gradient":""}},"ast-content-background-meta":{"desktop":{"background-color":"var(--ast-global-color-5)","background-image":"","background-repeat":"repeat","background-position":"center center","background-size":"auto","background-attachment":"scroll","background-type":"","background-media":"","overlay-type":"","overlay-color":"","overlay-opacity":"","overlay-gradient":""},"tablet":{"background-color":"var(--ast-global-color-5)","background-image":"","background-repeat":"repeat","background-position":"center center","background-size":"auto","background-attachment":"scroll","background-type":"","background-media":"","overlay-type":"","overlay-color":"","overlay-opacity":"","overlay-gradient":""},"mobile":{"background-color":"var(--ast-global-color-5)","background-image":"","background-repeat":"repeat","background-position":"center center","background-size":"auto","background-attachment":"scroll","background-type":"","background-media":"","overlay-type":"","overlay-color":"","overlay-opacity":"","overlay-gradient":""}},"_joinchat":[],"footnotes":""},"categories":[8,54,24,53,55],"tags":[47,40,38,39],"class_list":["post-2080","post","type-post","status-publish","format-standard","has-post-thumbnail","hentry","category-actualite-dequateur","category-amerique-du-sud","category-breaking-news","category-destination","category-equateur","tag-communiques-officiels","tag-equateur","tag-etat-durgence","tag-etat-de-conflit-arme"],"_links":{"self":[{"href":"https:\/\/www.incatrek-ecuador.com\/blog\/wp-json\/wp\/v2\/posts\/2080","targetHints":{"allow":["GET"]}}],"collection":[{"href":"https:\/\/www.incatrek-ecuador.com\/blog\/wp-json\/wp\/v2\/posts"}],"about":[{"href":"https:\/\/www.incatrek-ecuador.com\/blog\/wp-json\/wp\/v2\/types\/post"}],"author":[{"embeddable":true,"href":"https:\/\/www.incatrek-ecuador.com\/blog\/wp-json\/wp\/v2\/users\/11"}],"replies":[{"embeddable":true,"href":"https:\/\/www.incatrek-ecuador.com\/blog\/wp-json\/wp\/v2\/comments?post=2080"}],"version-history":[{"count":0,"href":"https:\/\/www.incatrek-ecuador.com\/blog\/wp-json\/wp\/v2\/posts\/2080\/revisions"}],"wp:featuredmedia":[{"embeddable":true,"href":"https:\/\/www.incatrek-ecuador.com\/blog\/wp-json\/wp\/v2\/media\/2082"}],"wp:attachment":[{"href":"https:\/\/www.incatrek-ecuador.com\/blog\/wp-json\/wp\/v2\/media?parent=2080"}],"wp:term":[{"taxonomy":"category","embeddable":true,"href":"https:\/\/www.incatrek-ecuador.com\/blog\/wp-json\/wp\/v2\/categories?post=2080"},{"taxonomy":"post_tag","embeddable":true,"href":"https:\/\/www.incatrek-ecuador.com\/blog\/wp-json\/wp\/v2\/tags?post=2080"}],"curies":[{"name":"wp","href":"https:\/\/api.w.org\/{rel}","templated":true}]}}