{"id":251,"date":"2017-04-11T00:07:18","date_gmt":"2017-04-10T22:07:18","guid":{"rendered":"http:\/\/www.incatrek-ecuador.com\/blog\/?p=251"},"modified":"2024-04-01T22:12:09","modified_gmt":"2024-04-01T20:12:09","slug":"oswaldo-guayasamin-artiste-equateur","status":"publish","type":"post","link":"https:\/\/www.incatrek-ecuador.com\/blog\/oswaldo-guayasamin-artiste-equateur\/","title":{"rendered":"La vie et l&#8217;oeuvre d&#8217;Oswaldo Guayasamin"},"content":{"rendered":"<figure id=\"attachment_252\" aria-describedby=\"caption-attachment-252\" style=\"width: 500px\" class=\"wp-caption aligncenter\"><img fetchpriority=\"high\" decoding=\"async\" class=\"wp-image-252 size-full\" title=\"portrait du peintre \u00e9quatorien Guayasim\" src=\"http:\/\/www.incatrek-ecuador.com\/blog\/wp-content\/uploads\/2017\/04\/guayasamin.jpg\" alt=\"equateur-peintre\" width=\"500\" height=\"375\" srcset=\"https:\/\/www.incatrek-ecuador.com\/blog\/wp-content\/uploads\/2017\/04\/guayasamin.jpg 500w, https:\/\/www.incatrek-ecuador.com\/blog\/wp-content\/uploads\/2017\/04\/guayasamin-300x225.jpg 300w, https:\/\/www.incatrek-ecuador.com\/blog\/wp-content\/uploads\/2017\/04\/guayasamin-370x278.jpg 370w\" sizes=\"(max-width: 500px) 100vw, 500px\" \/><figcaption id=\"caption-attachment-252\" class=\"wp-caption-text\">Oswaldo Guayasamin<\/figcaption><\/figure>\n<h1 style=\"text-align: center;\">Son enfance<\/h1>\n<p>&nbsp;<\/p>\n<p>Oswaldo Guayasamin est n\u00e9 en 1919, \u00e0 Quito,\u00a0ville dont il est amoureux et \u00e0 laquelle il tient particuli\u00e8rement. Guayasamin se revendique fi\u00e8rement comme m\u00e9tis, son p\u00e8re \u00e9tant indig\u00e8ne d&#8217;origine Kichwa, et sa m\u00e8re d&#8217;origine Espagnole. Oswaldo est le plus jeune d&#8217;une fratrie de 10 enfants, vivant tous tr\u00e8s humblement. Leur m\u00e8re restant \u00e0 la maison afin de s&#8217;occuper de ses enfants, et leur p\u00e8re, seule source de revenu du foyer avec son humble salaire de chauffeur de taxi.<\/p>\n<p>C&#8217;est depuis ses 7 ans, sur les places de Quito, qu&#8217;Oswaldo Guayasamin commence \u00e0 vendre ses\u00a0peintures afin de subvenir un petit peu aux besoins de sa grande famille et malgr\u00e9 sa volont\u00e9 d&#8217;apprentissage, Guayasamin fut expuls\u00e9 de 6 coll\u00e8ges pour mauvais r\u00e9sultats. En cours, il s&#8217;amusait \u00e0 faire les portraits, ou plut\u00f4t les caricatures des professeurs qu&#8217;il n&#8217;aimait pas. L&#8217;un d&#8217;eux, voyant sa non-discipline en cours, lui a dit &#8220;Devient bottier (d\u00e9fini comme sous m\u00e9tier ici) &#8230; parce que tu ne sers \u00e0 rien&#8221;. L&#8217;avenir lui donnera tort, puisque quelques ann\u00e9es plus tard, toujours passionn\u00e9 par l&#8217;art, Oswaldo Guayasamin entre, en 1932, \u00e0 l&#8217;\u00e9cole des beaux-arts de Quito contre l&#8217;avis de son p\u00e8re qui r\u00eavait d&#8217;avoir un fils faisant un vrai m\u00e9tier, tout comme ses 9 fr\u00e8res et soeurs.<\/p>\n<p>Tout comme son parcours scolaire agit\u00e9, Oswaldo Guayasamin eut des premi\u00e8res ann\u00e9es difficiles \u00e0 l&#8217;\u00e9cole des beaux-arts. En effet, Oswaldo avait d\u00e9j\u00e0 son propre style. Il n&#8217;avait aucun int\u00e9r\u00eat pour les codes traditionnels de l&#8217;art pictural. Oswaldo ne rentrait, et ne voulait pas rentrer, dans le moule classique des autres \u00e9tudiants. Cependant, ce prodige de la peinture se distingue rapidement comme l&#8217;\u00e9l\u00e8ve le plus talentueux avec la reconnaissance de ses professeurs. Son parcours et son \u00e9volution furent tr\u00e8s rapides au sein de cette \u00e9cole puisque le futur ma\u00eetre devient rapidement professeur \u00e0 l&#8217;\u00e9cole des beaux-arts de Quito. D\u00e9j\u00e0 \u00e0 cette \u00e9poque, ses toiles ont un impact fort sur tous ceux qui ont la chance d&#8217;admirer ses oeuvres; son style tortur\u00e9 et d\u00e9nonciateur fait beaucoup parler.<\/p>\n<p>Ses premi\u00e8res rencontres avec les fl\u00e9aux de la vie, comme la violence ou les assassinats au sein des rues de Quito, le bouleversent \u00e9norm\u00e9ment et le mettent dans un esprit de col\u00e8re et de r\u00e9volte. De tout cela est n\u00e9e sa toile &#8220;Los Ni\u00f1os Muertos&#8221; (les enfants morts) repr\u00e9sentant plusieurs enfants entass\u00e9s dans les rues de Quito, dont son meilleur ami, Manjarr\u00e9s, mort d&#8217;une balle perdue.<\/p>\n<figure id=\"attachment_253\" aria-describedby=\"caption-attachment-253\" style=\"width: 537px\" class=\"wp-caption aligncenter\"><img decoding=\"async\" class=\"wp-image-253 size-full\" src=\"http:\/\/www.incatrek-ecuador.com\/blog\/wp-content\/uploads\/2017\/04\/guayasamin-los-nin\u0303os-muertos.jpg\" alt=\"peinture-quito-guayasamin\" width=\"537\" height=\"386\" srcset=\"https:\/\/www.incatrek-ecuador.com\/blog\/wp-content\/uploads\/2017\/04\/guayasamin-los-nin\u0303os-muertos.jpg 537w, https:\/\/www.incatrek-ecuador.com\/blog\/wp-content\/uploads\/2017\/04\/guayasamin-los-nin\u0303os-muertos-300x216.jpg 300w, https:\/\/www.incatrek-ecuador.com\/blog\/wp-content\/uploads\/2017\/04\/guayasamin-los-nin\u0303os-muertos-370x266.jpg 370w\" sizes=\"(max-width: 537px) 100vw, 537px\" \/><figcaption id=\"caption-attachment-253\" class=\"wp-caption-text\">Los Ni\u00f1os Muertos (1941), Oswaldo Guayasamin (credit photo: Juan Carlos Boveri)<\/figcaption><\/figure>\n<p>Depuis cette toile, Oswaldo Guayasamin s&#8217;est clairement positionn\u00e9 comme militant anti-violences, contre les cruaut\u00e9s et les injustices d&#8217;une soci\u00e9t\u00e9 qui discrimine les pauvres, les indig\u00e8nes, les noirs et les handicap\u00e9s. Avec son nom d&#8217;origine indig\u00e8ne, la pauvret\u00e9 durant son enfance, les assassinats successifs de ses meilleurs amis ainsi que les crises successives (crise des ann\u00e9es 30 et la guerre civile espagnole), Oswaldo Guayasamin fut marqu\u00e9 au fer rouge. Cela se voit \u00e0 travers ses peintures, dont il se sert afin de d\u00e9noncer et de montrer au monde sa r\u00e9alit\u00e9 de la vie.<\/p>\n<figure id=\"attachment_255\" aria-describedby=\"caption-attachment-255\" style=\"width: 1599px\" class=\"wp-caption alignnone\"><img decoding=\"async\" class=\"wp-image-255 size-full\" src=\"http:\/\/www.incatrek-ecuador.com\/blog\/wp-content\/uploads\/2017\/04\/guayasamin-desesperacion.jpg\" alt=\"guaysamin-desespoir\" width=\"1599\" height=\"820\" srcset=\"https:\/\/www.incatrek-ecuador.com\/blog\/wp-content\/uploads\/2017\/04\/guayasamin-desesperacion.jpg 1599w, https:\/\/www.incatrek-ecuador.com\/blog\/wp-content\/uploads\/2017\/04\/guayasamin-desesperacion-300x154.jpg 300w, https:\/\/www.incatrek-ecuador.com\/blog\/wp-content\/uploads\/2017\/04\/guayasamin-desesperacion-768x394.jpg 768w, https:\/\/www.incatrek-ecuador.com\/blog\/wp-content\/uploads\/2017\/04\/guayasamin-desesperacion-1024x525.jpg 1024w, https:\/\/www.incatrek-ecuador.com\/blog\/wp-content\/uploads\/2017\/04\/guayasamin-desesperacion-370x190.jpg 370w, https:\/\/www.incatrek-ecuador.com\/blog\/wp-content\/uploads\/2017\/04\/guayasamin-desesperacion-570x292.jpg 570w, https:\/\/www.incatrek-ecuador.com\/blog\/wp-content\/uploads\/2017\/04\/guayasamin-desesperacion-770x395.jpg 770w, https:\/\/www.incatrek-ecuador.com\/blog\/wp-content\/uploads\/2017\/04\/guayasamin-desesperacion-1170x600.jpg 1170w, https:\/\/www.incatrek-ecuador.com\/blog\/wp-content\/uploads\/2017\/04\/guayasamin-desesperacion-1131x580.jpg 1131w\" sizes=\"(max-width: 1599px) 100vw, 1599px\" \/><figcaption id=\"caption-attachment-255\" class=\"wp-caption-text\">Desesperaci\u00f3n (d\u00e9sespoir), Oswaldo Guayasamin<\/figcaption><\/figure>\n<p>C&#8217;est en 1940 qu&#8217;il dev\u00eent dipl\u00f4m\u00e9 de l&#8217;\u00e9cole des beaux-arts de Quito. Puis, en 1942, il organise sa premi\u00e8re exposition au salon Mariano Aguilera. C&#8217;est lors de cette exposition que Nelson Rockefeller, ancien vice-pr\u00e9sident des \u00c9tats-Unis, lui ach\u00e8te 5\u00a0toiles. Par la suite, cet homme deviendra un des\u00a0m\u00e9c\u00e8nes d&#8217;Oswaldo Guayasamin.<\/p>\n<p>En 1956, il effectue sa seconde exposition o\u00f9 il remporte le premier prix de la troisi\u00e8me biennale d&#8217;art Hispano-Am\u00e9ricain \u00e0 Barcelone avec son oeuvre &#8220;El ata\u00fad blanco&#8221; (le cercueil blanc).<\/p>\n<figure id=\"attachment_257\" aria-describedby=\"caption-attachment-257\" style=\"width: 400px\" class=\"wp-caption aligncenter\"><img loading=\"lazy\" decoding=\"async\" class=\"wp-image-257 size-full\" src=\"http:\/\/www.incatrek-ecuador.com\/blog\/wp-content\/uploads\/2017\/04\/ataud-blanco-guayasamin.jpg\" alt=\"guayasamin\" width=\"400\" height=\"286\" srcset=\"https:\/\/www.incatrek-ecuador.com\/blog\/wp-content\/uploads\/2017\/04\/ataud-blanco-guayasamin.jpg 400w, https:\/\/www.incatrek-ecuador.com\/blog\/wp-content\/uploads\/2017\/04\/ataud-blanco-guayasamin-300x215.jpg 300w, https:\/\/www.incatrek-ecuador.com\/blog\/wp-content\/uploads\/2017\/04\/ataud-blanco-guayasamin-370x265.jpg 370w\" sizes=\"(max-width: 400px) 100vw, 400px\" \/><figcaption id=\"caption-attachment-257\" class=\"wp-caption-text\">El ata\u00fad Blanco (1955), Oswaldo Guayasamin<\/figcaption><\/figure>\n<p>&nbsp;<\/p>\n<h1 style=\"text-align: center;\"><strong>Son Oeuvre<\/strong><\/h1>\n<p>&nbsp;<\/p>\n<p>Au \u00a0cours de sa vie, Oswaldo Guayasamin voyagea beaucoup \u00e0 travers le monde et visita de nombreux pays comme en Europe, mais aussi, par exemple, la Chine, l&#8217;URSS et l&#8217;\u00c9gypte. C&#8217;est lors de son premier voyage \u00e0 Cuba qu&#8217;il fit la rencontre de celui qui deviendra son ami, Fidel Castro. Guayasamin a r\u00e9alis\u00e9 plusieurs portraits du chef d&#8217;\u00c9tat Cubain.<\/p>\n<p>&nbsp;<\/p>\n<p style=\"text-align: center;\"><strong>PORTRAITS DE FIDEL CASTRO<\/strong><\/p>\n<div id='gallery-1' class='gallery galleryid-251 gallery-columns-3 gallery-size-medium'><figure class='gallery-item'>\n\t\t\t<div class='gallery-icon portrait'>\n\t\t\t\t<a href='https:\/\/www.incatrek-ecuador.com\/blog\/oswaldo-guayasamin-artiste-equateur\/portrait-castro\/'><img loading=\"lazy\" decoding=\"async\" width=\"198\" height=\"300\" src=\"https:\/\/www.incatrek-ecuador.com\/blog\/wp-content\/uploads\/2017\/04\/portrait-castro-198x300.jpg\" class=\"attachment-medium size-medium\" alt=\"castro-guaysamin\" aria-describedby=\"gallery-1-259\" srcset=\"https:\/\/www.incatrek-ecuador.com\/blog\/wp-content\/uploads\/2017\/04\/portrait-castro-198x300.jpg 198w, https:\/\/www.incatrek-ecuador.com\/blog\/wp-content\/uploads\/2017\/04\/portrait-castro-370x562.jpg 370w, https:\/\/www.incatrek-ecuador.com\/blog\/wp-content\/uploads\/2017\/04\/portrait-castro-382x580.jpg 382w, https:\/\/www.incatrek-ecuador.com\/blog\/wp-content\/uploads\/2017\/04\/portrait-castro.jpg 461w\" sizes=\"(max-width: 198px) 100vw, 198px\" \/><\/a>\n\t\t\t<\/div>\n\t\t\t\t<figcaption class='wp-caption-text gallery-caption' id='gallery-1-259'>\n\t\t\t\tpremier portrait de Fidel Castro (1961), Oswaldo Guayasamin \n\t\t\t\t<\/figcaption><\/figure><figure class='gallery-item'>\n\t\t\t<div class='gallery-icon portrait'>\n\t\t\t\t<a href='https:\/\/www.incatrek-ecuador.com\/blog\/oswaldo-guayasamin-artiste-equateur\/castro-guaysamin-portrai\/'><img loading=\"lazy\" decoding=\"async\" width=\"220\" height=\"300\" src=\"https:\/\/www.incatrek-ecuador.com\/blog\/wp-content\/uploads\/2017\/04\/castro-guaysamin-portrai-220x300.jpg\" class=\"attachment-medium size-medium\" alt=\"\" aria-describedby=\"gallery-1-260\" srcset=\"https:\/\/www.incatrek-ecuador.com\/blog\/wp-content\/uploads\/2017\/04\/castro-guaysamin-portrai-220x300.jpg 220w, https:\/\/www.incatrek-ecuador.com\/blog\/wp-content\/uploads\/2017\/04\/castro-guaysamin-portrai-370x505.jpg 370w, https:\/\/www.incatrek-ecuador.com\/blog\/wp-content\/uploads\/2017\/04\/castro-guaysamin-portrai-425x580.jpg 425w, https:\/\/www.incatrek-ecuador.com\/blog\/wp-content\/uploads\/2017\/04\/castro-guaysamin-portrai.jpg 449w\" sizes=\"(max-width: 220px) 100vw, 220px\" \/><\/a>\n\t\t\t<\/div>\n\t\t\t\t<figcaption class='wp-caption-text gallery-caption' id='gallery-1-260'>\n\t\t\t\tportrait de Fidel Castro (1981), Oswaldo Guayasamin\n\t\t\t\t<\/figcaption><\/figure><figure class='gallery-item'>\n\t\t\t<div class='gallery-icon landscape'>\n\t\t\t\t<a href='https:\/\/www.incatrek-ecuador.com\/blog\/oswaldo-guayasamin-artiste-equateur\/guayasamin-castro\/'><img loading=\"lazy\" decoding=\"async\" width=\"300\" height=\"225\" src=\"https:\/\/www.incatrek-ecuador.com\/blog\/wp-content\/uploads\/2017\/04\/guayasamin-castro-300x225.jpg\" class=\"attachment-medium size-medium\" alt=\"oswaldo-peintre\" aria-describedby=\"gallery-1-258\" srcset=\"https:\/\/www.incatrek-ecuador.com\/blog\/wp-content\/uploads\/2017\/04\/guayasamin-castro-300x225.jpg 300w, https:\/\/www.incatrek-ecuador.com\/blog\/wp-content\/uploads\/2017\/04\/guayasamin-castro-768x575.jpg 768w, https:\/\/www.incatrek-ecuador.com\/blog\/wp-content\/uploads\/2017\/04\/guayasamin-castro-1024x767.jpg 1024w, https:\/\/www.incatrek-ecuador.com\/blog\/wp-content\/uploads\/2017\/04\/guayasamin-castro-370x277.jpg 370w, https:\/\/www.incatrek-ecuador.com\/blog\/wp-content\/uploads\/2017\/04\/guayasamin-castro-570x427.jpg 570w, https:\/\/www.incatrek-ecuador.com\/blog\/wp-content\/uploads\/2017\/04\/guayasamin-castro-770x576.jpg 770w, https:\/\/www.incatrek-ecuador.com\/blog\/wp-content\/uploads\/2017\/04\/guayasamin-castro-775x580.jpg 775w, https:\/\/www.incatrek-ecuador.com\/blog\/wp-content\/uploads\/2017\/04\/guayasamin-castro.jpg 1026w\" sizes=\"(max-width: 300px) 100vw, 300px\" \/><\/a>\n\t\t\t<\/div>\n\t\t\t\t<figcaption class='wp-caption-text gallery-caption' id='gallery-1-258'>\n\t\t\t\tFidel Castro avec son ami Oswaldo Guayasamin devant l&#8217;oeuvre de l&#8217;artiste (1996)\n\t\t\t\t<\/figcaption><\/figure>\n\t\t<\/div>\n\n<p>&nbsp;<\/p>\n<p>En 1945, Oswaldo Guayasamin d\u00e9buta\u00a0sa premi\u00e8re s\u00e9rie de 103 peintures, &#8220;Huacay\u00f1an&#8221; (route g\u00e9missante en Kichwa), s\u00e9rie qu&#8217;il effectue\u00a0lors d&#8217;un voyage commen\u00e7ant\u00a0au Mexique et se terminant en Patagonie. Cette s\u00e9rie relate la pauvret\u00e9 et de la souffrance qu&#8217;Oswaldo a crois\u00e9es au sein des peuples aborig\u00e8nes durant ce p\u00e9riple.<\/p>\n<p>&nbsp;<\/p>\n<p style=\"text-align: center;\"><strong>HUACAY\u00d1AN<\/strong><\/p>\n<div id='gallery-2' class='gallery galleryid-251 gallery-columns-3 gallery-size-medium'><figure class='gallery-item'>\n\t\t\t<div class='gallery-icon portrait'>\n\t\t\t\t<a href='https:\/\/www.incatrek-ecuador.com\/blog\/oswaldo-guayasamin-artiste-equateur\/cartuchos-guayasamin\/'><img loading=\"lazy\" decoding=\"async\" width=\"244\" height=\"300\" src=\"https:\/\/www.incatrek-ecuador.com\/blog\/wp-content\/uploads\/2017\/04\/cartuchos-guayasamin-244x300.jpg\" class=\"attachment-medium size-medium\" alt=\"equateur-peintre\" aria-describedby=\"gallery-2-261\" srcset=\"https:\/\/www.incatrek-ecuador.com\/blog\/wp-content\/uploads\/2017\/04\/cartuchos-guayasamin-244x300.jpg 244w, https:\/\/www.incatrek-ecuador.com\/blog\/wp-content\/uploads\/2017\/04\/cartuchos-guayasamin-370x455.jpg 370w, https:\/\/www.incatrek-ecuador.com\/blog\/wp-content\/uploads\/2017\/04\/cartuchos-guayasamin-472x580.jpg 472w, https:\/\/www.incatrek-ecuador.com\/blog\/wp-content\/uploads\/2017\/04\/cartuchos-guayasamin.jpg 481w\" sizes=\"(max-width: 244px) 100vw, 244px\" \/><\/a>\n\t\t\t<\/div>\n\t\t\t\t<figcaption class='wp-caption-text gallery-caption' id='gallery-2-261'>\n\t\t\t\tCartuchos, Oswaldo Guayasamin\n\t\t\t\t<\/figcaption><\/figure><figure class='gallery-item'>\n\t\t\t<div class='gallery-icon landscape'>\n\t\t\t\t<a href='https:\/\/www.incatrek-ecuador.com\/blog\/oswaldo-guayasamin-artiste-equateur\/la-corrida-guayasamin\/'><img loading=\"lazy\" decoding=\"async\" width=\"300\" height=\"222\" src=\"https:\/\/www.incatrek-ecuador.com\/blog\/wp-content\/uploads\/2017\/04\/la-corrida-guayasamin-300x222.jpg\" class=\"attachment-medium size-medium\" alt=\"guaysamin\" aria-describedby=\"gallery-2-263\" srcset=\"https:\/\/www.incatrek-ecuador.com\/blog\/wp-content\/uploads\/2017\/04\/la-corrida-guayasamin-300x222.jpg 300w, https:\/\/www.incatrek-ecuador.com\/blog\/wp-content\/uploads\/2017\/04\/la-corrida-guayasamin-768x568.jpg 768w, https:\/\/www.incatrek-ecuador.com\/blog\/wp-content\/uploads\/2017\/04\/la-corrida-guayasamin-1024x758.jpg 1024w, https:\/\/www.incatrek-ecuador.com\/blog\/wp-content\/uploads\/2017\/04\/la-corrida-guayasamin-370x274.jpg 370w, https:\/\/www.incatrek-ecuador.com\/blog\/wp-content\/uploads\/2017\/04\/la-corrida-guayasamin-570x422.jpg 570w, https:\/\/www.incatrek-ecuador.com\/blog\/wp-content\/uploads\/2017\/04\/la-corrida-guayasamin-770x570.jpg 770w, https:\/\/www.incatrek-ecuador.com\/blog\/wp-content\/uploads\/2017\/04\/la-corrida-guayasamin-784x580.jpg 784w, https:\/\/www.incatrek-ecuador.com\/blog\/wp-content\/uploads\/2017\/04\/la-corrida-guayasamin.jpg 1038w\" sizes=\"(max-width: 300px) 100vw, 300px\" \/><\/a>\n\t\t\t<\/div>\n\t\t\t\t<figcaption class='wp-caption-text gallery-caption' id='gallery-2-263'>\n\t\t\t\tLa Corrida (1947), Oswaldo Guayasamin\n\t\t\t\t<\/figcaption><\/figure><figure class='gallery-item'>\n\t\t\t<div class='gallery-icon portrait'>\n\t\t\t\t<a href='https:\/\/www.incatrek-ecuador.com\/blog\/oswaldo-guayasamin-artiste-equateur\/prisionero-guaysamin-1949\/'><img loading=\"lazy\" decoding=\"async\" width=\"212\" height=\"300\" src=\"https:\/\/www.incatrek-ecuador.com\/blog\/wp-content\/uploads\/2017\/04\/prisionero-guaysamin-1949-212x300.jpg\" class=\"attachment-medium size-medium\" alt=\"equateur-oswaldo\" aria-describedby=\"gallery-2-262\" srcset=\"https:\/\/www.incatrek-ecuador.com\/blog\/wp-content\/uploads\/2017\/04\/prisionero-guaysamin-1949-212x300.jpg 212w, https:\/\/www.incatrek-ecuador.com\/blog\/wp-content\/uploads\/2017\/04\/prisionero-guaysamin-1949.jpg 768w, https:\/\/www.incatrek-ecuador.com\/blog\/wp-content\/uploads\/2017\/04\/prisionero-guaysamin-1949-724x1024.jpg 724w, https:\/\/www.incatrek-ecuador.com\/blog\/wp-content\/uploads\/2017\/04\/prisionero-guaysamin-1949-370x523.jpg 370w, https:\/\/www.incatrek-ecuador.com\/blog\/wp-content\/uploads\/2017\/04\/prisionero-guaysamin-1949-570x806.jpg 570w, https:\/\/www.incatrek-ecuador.com\/blog\/wp-content\/uploads\/2017\/04\/prisionero-guaysamin-1949-410x580.jpg 410w\" sizes=\"(max-width: 212px) 100vw, 212px\" \/><\/a>\n\t\t\t<\/div>\n\t\t\t\t<figcaption class='wp-caption-text gallery-caption' id='gallery-2-262'>\n\t\t\t\tPrisionero (1949), Oswaldo Guayasamin\n\t\t\t\t<\/figcaption><\/figure>\n\t\t<\/div>\n\n<p>&nbsp;<\/p>\n<p>En 1961, Oswaldo Guayasamin a commenc\u00e9 sa seconde s\u00e9rie s&#8217;intitulant &#8220;La Edad de la Ira&#8221; (l&#8217;\u00e2ge de la col\u00e8re), avec laquelle il souhaite montrer les lieux et faits de tuerie du XX\u00e8me si\u00e8cle comme\u00a0les camps de concentration nazis, la guerre civile espagnole, les dictatures d&#8217;Am\u00e9rique Latine et les bombardements d&#8217;Hiroshima et Nagasaki.<\/p>\n<p style=\"text-align: center;\">&#8220;<em>Esta serie quedar\u00e1 inevitablemente inconclusa, puesto que es parte de un proceso hist\u00f3rico todav\u00eda en marcha.&#8221; \u00a0 \u00a0 \u00a0OSWALDO GUAYASAMIN<\/em><\/p>\n<p style=\"text-align: center;\">(Cette s\u00e9rie restera in\u00e9vitablement incompl\u00e8te, car elle fait partie d&#8217;un processus historique en cours)<\/p>\n<p style=\"text-align: center;\"><strong>LA EDAD DE LA IRA<\/strong><\/p>\n<div id='gallery-3' class='gallery galleryid-251 gallery-columns-3 gallery-size-medium'><figure class='gallery-item'>\n\t\t\t<div class='gallery-icon portrait'>\n\t\t\t\t<a href='https:\/\/www.incatrek-ecuador.com\/blog\/oswaldo-guayasamin-artiste-equateur\/larmes-sang-guayasamin\/'><img loading=\"lazy\" decoding=\"async\" width=\"225\" height=\"300\" src=\"https:\/\/www.incatrek-ecuador.com\/blog\/wp-content\/uploads\/2017\/04\/larmes-sang-guayasamin-225x300.jpg\" class=\"attachment-medium size-medium\" alt=\"peintre-equateur\" aria-describedby=\"gallery-3-264\" srcset=\"https:\/\/www.incatrek-ecuador.com\/blog\/wp-content\/uploads\/2017\/04\/larmes-sang-guayasamin-225x300.jpg 225w, https:\/\/www.incatrek-ecuador.com\/blog\/wp-content\/uploads\/2017\/04\/larmes-sang-guayasamin-370x493.jpg 370w, https:\/\/www.incatrek-ecuador.com\/blog\/wp-content\/uploads\/2017\/04\/larmes-sang-guayasamin-435x580.jpg 435w, https:\/\/www.incatrek-ecuador.com\/blog\/wp-content\/uploads\/2017\/04\/larmes-sang-guayasamin.jpg 480w\" sizes=\"(max-width: 225px) 100vw, 225px\" \/><\/a>\n\t\t\t<\/div>\n\t\t\t\t<figcaption class='wp-caption-text gallery-caption' id='gallery-3-264'>\n\t\t\t\tLagrimas de Sangre, Oswaldo Guayasamin. Ce tableau relate les horreur faites sous le r\u00e9gime du dictateur Chilien, Pinochet\n\t\t\t\t<\/figcaption><\/figure><figure class='gallery-item'>\n\t\t\t<div class='gallery-icon landscape'>\n\t\t\t\t<a href='https:\/\/www.incatrek-ecuador.com\/blog\/oswaldo-guayasamin-artiste-equateur\/la-espera-guayasamin-sdg-juif\/'><img loading=\"lazy\" decoding=\"async\" width=\"300\" height=\"209\" src=\"https:\/\/www.incatrek-ecuador.com\/blog\/wp-content\/uploads\/2017\/04\/la-espera-guayasamin-sdg-juif-300x209.jpg\" class=\"attachment-medium size-medium\" alt=\"guyasamin-guerre\" aria-describedby=\"gallery-3-265\" srcset=\"https:\/\/www.incatrek-ecuador.com\/blog\/wp-content\/uploads\/2017\/04\/la-espera-guayasamin-sdg-juif-300x209.jpg 300w, https:\/\/www.incatrek-ecuador.com\/blog\/wp-content\/uploads\/2017\/04\/la-espera-guayasamin-sdg-juif-370x258.jpg 370w, https:\/\/www.incatrek-ecuador.com\/blog\/wp-content\/uploads\/2017\/04\/la-espera-guayasamin-sdg-juif-570x397.jpg 570w, https:\/\/www.incatrek-ecuador.com\/blog\/wp-content\/uploads\/2017\/04\/la-espera-guayasamin-sdg-juif.jpg 700w\" sizes=\"(max-width: 300px) 100vw, 300px\" \/><\/a>\n\t\t\t<\/div>\n\t\t\t\t<figcaption class='wp-caption-text gallery-caption' id='gallery-3-265'>\n\t\t\t\tLa Espera, Oswaldo Guayasamin. Toile pr\u00e9sentant les horreurs que le peuple juif a subi durant la seconde guerre mondiale\n\t\t\t\t<\/figcaption><\/figure><figure class='gallery-item'>\n\t\t\t<div class='gallery-icon landscape'>\n\t\t\t\t<a href='https:\/\/www.incatrek-ecuador.com\/blog\/oswaldo-guayasamin-artiste-equateur\/cabeza-de-napalm-guayasamin-japon\/'><img loading=\"lazy\" decoding=\"async\" width=\"300\" height=\"300\" src=\"https:\/\/www.incatrek-ecuador.com\/blog\/wp-content\/uploads\/2017\/04\/cabeza-de-napalm-guayasamin-japon-300x300.jpg\" class=\"attachment-medium size-medium\" alt=\"equateur-peinture\" aria-describedby=\"gallery-3-266\" srcset=\"https:\/\/www.incatrek-ecuador.com\/blog\/wp-content\/uploads\/2017\/04\/cabeza-de-napalm-guayasamin-japon-300x300.jpg 300w, https:\/\/www.incatrek-ecuador.com\/blog\/wp-content\/uploads\/2017\/04\/cabeza-de-napalm-guayasamin-japon-150x150.jpg 150w, https:\/\/www.incatrek-ecuador.com\/blog\/wp-content\/uploads\/2017\/04\/cabeza-de-napalm-guayasamin-japon-370x370.jpg 370w, https:\/\/www.incatrek-ecuador.com\/blog\/wp-content\/uploads\/2017\/04\/cabeza-de-napalm-guayasamin-japon.jpg 500w\" sizes=\"(max-width: 300px) 100vw, 300px\" \/><\/a>\n\t\t\t<\/div>\n\t\t\t\t<figcaption class='wp-caption-text gallery-caption' id='gallery-3-266'>\n\t\t\t\tCabeza de Napalm, Oswaldo Guayasamin. Toile pr\u00e9sentant le visage d&#8217;un Japonnais durant le bombardement d&#8217;Hiroshima\n\t\t\t\t<\/figcaption><\/figure>\n\t\t<\/div>\n\n<p style=\"text-align: left;\">En 1976, avec ses enfants, il cr\u00e9a la fondation Guayasamin. C&#8217;est gr\u00e2ce \u00e0 cette fondation qu&#8217;Oswaldo donna tout son patrimoine artistique \u00e0 l&#8217;\u00c9quateur. Le pays en a profit\u00e9 pour ouvrir trois mus\u00e9es: Art pr\u00e9colombien (2000 pi\u00e8ces), Art colonial (500 pi\u00e8ces) et un mus\u00e9e d&#8217;Art contemporain (200 pi\u00e8ces). Ses deux s\u00e9ries de tableaux (Huacay\u00f1an et La Edad de la Ira), les plus embl\u00e9matiques pour Oswaldo Guayasamin, seront l\u00e9gu\u00e9es\u00a0en int\u00e9gralit\u00e9 au pays afin que cela reste comme patrimoine culturel et pour \u00e9viter leurs dispersions.<\/p>\n<p style=\"text-align: left;\">En 1988, il a commenc\u00e9 son ultime s\u00e9rie de toiles, &#8220;La Ternura&#8221;, en hommage \u00e0 sa maman qui est d\u00e9c\u00e9d\u00e9e \u00e0 46 ans \u00a0et qui joua un r\u00f4le tr\u00e8s important dans son orientation et son inspiration artistique. Cette collection correspond \u00e0 plus de 100 oeuvres d\u00e9di\u00e9es \u00e0 toutes les m\u00e8res du monde.<\/p>\n<p style=\"text-align: center;\"><em>\u00a0 \u00a0 \u00a0 \u00a0 \u00a0 \u00a0 \u00a0 \u00a0 \u00a0 \u00a0 \u00a0 \u00a0 \u00a0 \u00a0 \u00a0\u201cHomenaje a las mujeres de la Tierra, una defensa de la vida, la defensa de los Derechos Humanos\u201d \u00a0 \u00a0 \u00a0 \u00a0 \u00a0 \u00a0 \u00a0 \u00a0 \u00a0 \u00a0 \u00a0 \u00a0 \u00a0 \u00a0 <\/em>\u00a0 \u00a0 \u00a0 \u00a0OSWALDO GUAYASAMIN<\/p>\n<p style=\"text-align: center;\">\u00a0 \u00a0 (Hommage aux femmes de la Terre, une d\u00e9fense de la vie, la d\u00e9fense des droits de l&#8217;Homme)<\/p>\n<p style=\"text-align: center;\"><strong>LA TERNURA<\/strong><\/p>\n<div id='gallery-4' class='gallery galleryid-251 gallery-columns-3 gallery-size-medium'><figure class='gallery-item'>\n\t\t\t<div class='gallery-icon portrait'>\n\t\t\t\t<a href='https:\/\/www.incatrek-ecuador.com\/blog\/oswaldo-guayasamin-artiste-equateur\/ternura-madre-nin%cc%83o\/'><img loading=\"lazy\" decoding=\"async\" width=\"223\" height=\"300\" src=\"https:\/\/www.incatrek-ecuador.com\/blog\/wp-content\/uploads\/2017\/04\/ternura-madre-nin\u0303o-223x300.jpg\" class=\"attachment-medium size-medium\" alt=\"equateur-peinture\" aria-describedby=\"gallery-4-267\" srcset=\"https:\/\/www.incatrek-ecuador.com\/blog\/wp-content\/uploads\/2017\/04\/ternura-madre-nin\u0303o-223x300.jpg 223w, https:\/\/www.incatrek-ecuador.com\/blog\/wp-content\/uploads\/2017\/04\/ternura-madre-nin\u0303o-370x497.jpg 370w, https:\/\/www.incatrek-ecuador.com\/blog\/wp-content\/uploads\/2017\/04\/ternura-madre-nin\u0303o.jpg 400w\" sizes=\"(max-width: 223px) 100vw, 223px\" \/><\/a>\n\t\t\t<\/div>\n\t\t\t\t<figcaption class='wp-caption-text gallery-caption' id='gallery-4-267'>\n\t\t\t\tMadre y ni\u00f1o, Oswaldo Guayasamin\n\t\t\t\t<\/figcaption><\/figure><figure class='gallery-item'>\n\t\t\t<div class='gallery-icon portrait'>\n\t\t\t\t<a href='https:\/\/www.incatrek-ecuador.com\/blog\/oswaldo-guayasamin-artiste-equateur\/dos-cabezas-ternura\/'><img loading=\"lazy\" decoding=\"async\" width=\"292\" height=\"295\" src=\"https:\/\/www.incatrek-ecuador.com\/blog\/wp-content\/uploads\/2017\/04\/dos-cabezas-ternura.jpg\" class=\"attachment-medium size-medium\" alt=\"equateur\" aria-describedby=\"gallery-4-268\" \/><\/a>\n\t\t\t<\/div>\n\t\t\t\t<figcaption class='wp-caption-text gallery-caption' id='gallery-4-268'>\n\t\t\t\tDos Cabezas, Oswaldo Guayasamin\n\t\t\t\t<\/figcaption><\/figure><figure class='gallery-item'>\n\t\t\t<div class='gallery-icon portrait'>\n\t\t\t\t<a href='https:\/\/www.incatrek-ecuador.com\/blog\/oswaldo-guayasamin-artiste-equateur\/ternura-rojo-cayena\/'><img loading=\"lazy\" decoding=\"async\" width=\"151\" height=\"300\" src=\"https:\/\/www.incatrek-ecuador.com\/blog\/wp-content\/uploads\/2017\/04\/ternura-rojo-cayena-151x300.jpg\" class=\"attachment-medium size-medium\" alt=\"\" aria-describedby=\"gallery-4-269\" srcset=\"https:\/\/www.incatrek-ecuador.com\/blog\/wp-content\/uploads\/2017\/04\/ternura-rojo-cayena-151x300.jpg 151w, https:\/\/www.incatrek-ecuador.com\/blog\/wp-content\/uploads\/2017\/04\/ternura-rojo-cayena-370x737.jpg 370w, https:\/\/www.incatrek-ecuador.com\/blog\/wp-content\/uploads\/2017\/04\/ternura-rojo-cayena-291x580.jpg 291w, https:\/\/www.incatrek-ecuador.com\/blog\/wp-content\/uploads\/2017\/04\/ternura-rojo-cayena.jpg 400w\" sizes=\"(max-width: 151px) 100vw, 151px\" \/><\/a>\n\t\t\t<\/div>\n\t\t\t\t<figcaption class='wp-caption-text gallery-caption' id='gallery-4-269'>\n\t\t\t\tRojo Cayena, Oswaldo Guayasamin\n\t\t\t\t<\/figcaption><\/figure>\n\t\t<\/div>\n\n<p>Guayasamin a voulu trancher avec ses deux pr\u00e9c\u00e9dentes s\u00e9ries, en proposant ici des peintures beaucoup moins tortur\u00e9es, plus reposantes.<\/p>\n<p>On ne peut pas consid\u00e9rer cela comme une s\u00e9rie, mais Oswaldo Guayasamin \u00e9tait \u00e9galement un grand portraitiste. En effet, les plus grands de ce monde, comme Castro, ont eu le droit d&#8217;avoir leur portrait par le ma\u00eetre Guayasamin. Sa technique particuli\u00e8re lui permettait de r\u00e9aliser ses portraits en tr\u00e8s peu de temps ( 3 heures environ pour une toile). Son analyse parfaite des expressions du visage et des d\u00e9tails symboliques de chaque personne ressortent d&#8217;une mani\u00e8re impressionnante.<\/p>\n<p style=\"text-align: center;\"><strong>PORTRAITS<\/strong><\/p>\n<div id='gallery-5' class='gallery galleryid-251 gallery-columns-3 gallery-size-medium'><figure class='gallery-item'>\n\t\t\t<div class='gallery-icon portrait'>\n\t\t\t\t<a href='https:\/\/www.incatrek-ecuador.com\/blog\/oswaldo-guayasamin-artiste-equateur\/paco-lucia-guayasamin\/'><img loading=\"lazy\" decoding=\"async\" width=\"147\" height=\"300\" src=\"https:\/\/www.incatrek-ecuador.com\/blog\/wp-content\/uploads\/2017\/04\/paco-lucia-guayasamin-147x300.jpg\" class=\"attachment-medium size-medium\" alt=\"\" aria-describedby=\"gallery-5-272\" srcset=\"https:\/\/www.incatrek-ecuador.com\/blog\/wp-content\/uploads\/2017\/04\/paco-lucia-guayasamin-147x300.jpg 147w, https:\/\/www.incatrek-ecuador.com\/blog\/wp-content\/uploads\/2017\/04\/paco-lucia-guayasamin.jpg 236w\" sizes=\"(max-width: 147px) 100vw, 147px\" \/><\/a>\n\t\t\t<\/div>\n\t\t\t\t<figcaption class='wp-caption-text gallery-caption' id='gallery-5-272'>\n\t\t\t\tLe guitariste de Flamenco, Paco Lucia, Oswaldo Guayasamin\n\t\t\t\t<\/figcaption><\/figure><figure class='gallery-item'>\n\t\t\t<div class='gallery-icon portrait'>\n\t\t\t\t<a href='https:\/\/www.incatrek-ecuador.com\/blog\/oswaldo-guayasamin-artiste-equateur\/princesse-monaco-guayasamin\/'><img loading=\"lazy\" decoding=\"async\" width=\"150\" height=\"300\" src=\"https:\/\/www.incatrek-ecuador.com\/blog\/wp-content\/uploads\/2017\/04\/princesse-monaco-guayasamin-150x300.jpg\" class=\"attachment-medium size-medium\" alt=\"\" aria-describedby=\"gallery-5-273\" srcset=\"https:\/\/www.incatrek-ecuador.com\/blog\/wp-content\/uploads\/2017\/04\/princesse-monaco-guayasamin-150x300.jpg 150w, https:\/\/www.incatrek-ecuador.com\/blog\/wp-content\/uploads\/2017\/04\/princesse-monaco-guayasamin.jpg 236w\" sizes=\"(max-width: 150px) 100vw, 150px\" \/><\/a>\n\t\t\t<\/div>\n\t\t\t\t<figcaption class='wp-caption-text gallery-caption' id='gallery-5-273'>\n\t\t\t\tPrincesse de Monaco, Oswaldo Guayasamin\n\t\t\t\t<\/figcaption><\/figure><figure class='gallery-item'>\n\t\t\t<div class='gallery-icon portrait'>\n\t\t\t\t<a href='https:\/\/www.incatrek-ecuador.com\/blog\/oswaldo-guayasamin-artiste-equateur\/miterrand-guayasamin\/'><img loading=\"lazy\" decoding=\"async\" width=\"201\" height=\"300\" src=\"https:\/\/www.incatrek-ecuador.com\/blog\/wp-content\/uploads\/2017\/04\/miterrand-guayasamin-201x300.jpg\" class=\"attachment-medium size-medium\" alt=\"\" aria-describedby=\"gallery-5-274\" srcset=\"https:\/\/www.incatrek-ecuador.com\/blog\/wp-content\/uploads\/2017\/04\/miterrand-guayasamin-201x300.jpg 201w, https:\/\/www.incatrek-ecuador.com\/blog\/wp-content\/uploads\/2017\/04\/miterrand-guayasamin-370x553.jpg 370w, https:\/\/www.incatrek-ecuador.com\/blog\/wp-content\/uploads\/2017\/04\/miterrand-guayasamin-388x580.jpg 388w, https:\/\/www.incatrek-ecuador.com\/blog\/wp-content\/uploads\/2017\/04\/miterrand-guayasamin.jpg 564w\" sizes=\"(max-width: 201px) 100vw, 201px\" \/><\/a>\n\t\t\t<\/div>\n\t\t\t\t<figcaption class='wp-caption-text gallery-caption' id='gallery-5-274'>\n\t\t\t\tFran\u00e7ois Mitterrand, Oswaldo Guayasamin\n\t\t\t\t<\/figcaption><\/figure><figure class='gallery-item'>\n\t\t\t<div class='gallery-icon landscape'>\n\t\t\t\t<a href='https:\/\/www.incatrek-ecuador.com\/blog\/oswaldo-guayasamin-artiste-equateur\/autoportrait-guaysamin\/'><img loading=\"lazy\" decoding=\"async\" width=\"300\" height=\"295\" src=\"https:\/\/www.incatrek-ecuador.com\/blog\/wp-content\/uploads\/2017\/04\/autoportrait-guaysamin-300x295.jpg\" class=\"attachment-medium size-medium\" alt=\"\" aria-describedby=\"gallery-5-275\" \/><\/a>\n\t\t\t<\/div>\n\t\t\t\t<figcaption class='wp-caption-text gallery-caption' id='gallery-5-275'>\n\t\t\t\tautoportrait, Oswaldo Guayasamin\n\t\t\t\t<\/figcaption><\/figure><figure class='gallery-item'>\n\t\t\t<div class='gallery-icon portrait'>\n\t\t\t\t<a href='https:\/\/www.incatrek-ecuador.com\/blog\/oswaldo-guayasamin-artiste-equateur\/neruda-guyasamin\/'><img loading=\"lazy\" decoding=\"async\" width=\"271\" height=\"300\" src=\"https:\/\/www.incatrek-ecuador.com\/blog\/wp-content\/uploads\/2017\/04\/neruda-guyasamin-271x300.jpg\" class=\"attachment-medium size-medium\" alt=\"\" aria-describedby=\"gallery-5-276\" srcset=\"https:\/\/www.incatrek-ecuador.com\/blog\/wp-content\/uploads\/2017\/04\/neruda-guyasamin-271x300.jpg 271w, https:\/\/www.incatrek-ecuador.com\/blog\/wp-content\/uploads\/2017\/04\/neruda-guyasamin-370x410.jpg 370w, https:\/\/www.incatrek-ecuador.com\/blog\/wp-content\/uploads\/2017\/04\/neruda-guyasamin-524x580.jpg 524w, https:\/\/www.incatrek-ecuador.com\/blog\/wp-content\/uploads\/2017\/04\/neruda-guyasamin.jpg 542w\" sizes=\"(max-width: 271px) 100vw, 271px\" \/><\/a>\n\t\t\t<\/div>\n\t\t\t\t<figcaption class='wp-caption-text gallery-caption' id='gallery-5-276'>\n\t\t\t\tPablo Neruda, Oswaldo Guayasamin\n\t\t\t\t<\/figcaption><\/figure><figure class='gallery-item'>\n\t\t\t<div class='gallery-icon portrait'>\n\t\t\t\t<a href='https:\/\/www.incatrek-ecuador.com\/blog\/oswaldo-guayasamin-artiste-equateur\/mercedes-por-gayasamin\/'><img loading=\"lazy\" decoding=\"async\" width=\"300\" height=\"300\" src=\"https:\/\/www.incatrek-ecuador.com\/blog\/wp-content\/uploads\/2017\/04\/Mercedes-por-Gayasami\u0301n-300x300.jpg\" class=\"attachment-medium size-medium\" alt=\"\" aria-describedby=\"gallery-5-277\" srcset=\"https:\/\/www.incatrek-ecuador.com\/blog\/wp-content\/uploads\/2017\/04\/Mercedes-por-Gayasami\u0301n-300x300.jpg 300w, https:\/\/www.incatrek-ecuador.com\/blog\/wp-content\/uploads\/2017\/04\/Mercedes-por-Gayasami\u0301n-150x150.jpg 150w, https:\/\/www.incatrek-ecuador.com\/blog\/wp-content\/uploads\/2017\/04\/Mercedes-por-Gayasami\u0301n-370x371.jpg 370w, https:\/\/www.incatrek-ecuador.com\/blog\/wp-content\/uploads\/2017\/04\/Mercedes-por-Gayasami\u0301n.jpg 399w\" sizes=\"(max-width: 300px) 100vw, 300px\" \/><\/a>\n\t\t\t<\/div>\n\t\t\t\t<figcaption class='wp-caption-text gallery-caption' id='gallery-5-277'>\n\t\t\t\tLa chanteuse lyrique Mercedes Sosa, Oswaldo Guayasamin\n\t\t\t\t<\/figcaption><\/figure>\n\t\t<\/div>\n\n<p>\u00c0 partir de 1996, il entame sa plus grande oeuvre. Ainsi, il d\u00e9cida de construire la merveille architecturale &#8220;La Capilla del Hombre&#8221; juste \u00e0 c\u00f4t\u00e9 de sa maison. Cet \u00e9difice est un hommage \u00e0 l&#8217;\u00eatre humain, et plus particuli\u00e8rement aux peuples latino-am\u00e9ricains, \u00e0 ses souffrances, ses luttes et\u00a0surtout ses r\u00e9ussites, de l&#8217;\u00e8re pr\u00e9-colombienne \u00e0 l&#8217;ind\u00e9pendance, en passant par la colonisation et le m\u00e9tissage. Il est d\u00e9c\u00e9d\u00e9 en 1999 sans avoir pu contempler sa derni\u00e8re oeuvre magistrale, &#8220;La Capilla del Hombre&#8221;.<\/p>\n<div id='gallery-6' class='gallery galleryid-251 gallery-columns-2 gallery-size-large'><figure class='gallery-item'>\n\t\t\t<div class='gallery-icon landscape'>\n\t\t\t\t<a href='https:\/\/www.incatrek-ecuador.com\/blog\/oswaldo-guayasamin-artiste-equateur\/capilla-del-hombre\/'><img loading=\"lazy\" decoding=\"async\" width=\"1024\" height=\"769\" src=\"https:\/\/www.incatrek-ecuador.com\/blog\/wp-content\/uploads\/2017\/04\/capilla-del-hombre-1024x769.jpg\" class=\"attachment-large size-large\" alt=\"\" aria-describedby=\"gallery-6-270\" srcset=\"https:\/\/www.incatrek-ecuador.com\/blog\/wp-content\/uploads\/2017\/04\/capilla-del-hombre-1024x769.jpg 1024w, https:\/\/www.incatrek-ecuador.com\/blog\/wp-content\/uploads\/2017\/04\/capilla-del-hombre-300x225.jpg 300w, https:\/\/www.incatrek-ecuador.com\/blog\/wp-content\/uploads\/2017\/04\/capilla-del-hombre-768x577.jpg 768w, https:\/\/www.incatrek-ecuador.com\/blog\/wp-content\/uploads\/2017\/04\/capilla-del-hombre-370x278.jpg 370w, https:\/\/www.incatrek-ecuador.com\/blog\/wp-content\/uploads\/2017\/04\/capilla-del-hombre-570x428.jpg 570w, https:\/\/www.incatrek-ecuador.com\/blog\/wp-content\/uploads\/2017\/04\/capilla-del-hombre-770x578.jpg 770w, https:\/\/www.incatrek-ecuador.com\/blog\/wp-content\/uploads\/2017\/04\/capilla-del-hombre-1170x879.jpg 1170w, https:\/\/www.incatrek-ecuador.com\/blog\/wp-content\/uploads\/2017\/04\/capilla-del-hombre-772x580.jpg 772w\" sizes=\"(max-width: 1024px) 100vw, 1024px\" \/><\/a>\n\t\t\t<\/div>\n\t\t\t\t<figcaption class='wp-caption-text gallery-caption' id='gallery-6-270'>\n\t\t\t\tLe mus\u00e9e actuel d&#8217;Oswaldo Guayasamin. C&#8217;est aussi sa derni\u00e8re oeuvre. \n\t\t\t\t<\/figcaption><\/figure><figure class='gallery-item'>\n\t\t\t<div class='gallery-icon landscape'>\n\t\t\t\t<a href='https:\/\/www.incatrek-ecuador.com\/blog\/oswaldo-guayasamin-artiste-equateur\/maison-guayasamin\/'><img loading=\"lazy\" decoding=\"async\" width=\"1024\" height=\"769\" src=\"https:\/\/www.incatrek-ecuador.com\/blog\/wp-content\/uploads\/2017\/04\/maison-guayasamin-1024x769.jpg\" class=\"attachment-large size-large\" alt=\"\" aria-describedby=\"gallery-6-271\" srcset=\"https:\/\/www.incatrek-ecuador.com\/blog\/wp-content\/uploads\/2017\/04\/maison-guayasamin-1024x769.jpg 1024w, https:\/\/www.incatrek-ecuador.com\/blog\/wp-content\/uploads\/2017\/04\/maison-guayasamin-300x225.jpg 300w, https:\/\/www.incatrek-ecuador.com\/blog\/wp-content\/uploads\/2017\/04\/maison-guayasamin-768x577.jpg 768w, https:\/\/www.incatrek-ecuador.com\/blog\/wp-content\/uploads\/2017\/04\/maison-guayasamin-370x278.jpg 370w, https:\/\/www.incatrek-ecuador.com\/blog\/wp-content\/uploads\/2017\/04\/maison-guayasamin-570x428.jpg 570w, https:\/\/www.incatrek-ecuador.com\/blog\/wp-content\/uploads\/2017\/04\/maison-guayasamin-770x578.jpg 770w, https:\/\/www.incatrek-ecuador.com\/blog\/wp-content\/uploads\/2017\/04\/maison-guayasamin-1170x879.jpg 1170w, https:\/\/www.incatrek-ecuador.com\/blog\/wp-content\/uploads\/2017\/04\/maison-guayasamin-772x580.jpg 772w\" sizes=\"(max-width: 1024px) 100vw, 1024px\" \/><\/a>\n\t\t\t<\/div>\n\t\t\t\t<figcaption class='wp-caption-text gallery-caption' id='gallery-6-271'>\n\t\t\t\tMaison d&#8217;Oswaldo Guayasamin\n\t\t\t\t<\/figcaption><\/figure>\n\t\t<\/div>\n\n<h1 style=\"text-align: center;\">O\u00f9 voir son Oeuvre ?<\/h1>\n<p>&nbsp;<\/p>\n<p>Aujourd&#8217;hui, vous pourrez admirer l&#8217;oeuvre de ce qui est s\u00fbrement l&#8217;un des plus grands artistes plasticiens de l&#8217;Histoire \u00e9quatorienne et mondiale au mus\u00e9e &#8220;La Capilla del Hombre&#8221; et dans\u00a0sa maison o\u00f9 il regroupe une collection impressionnante d&#8217;oeuvres d&#8217;autres artistes tel que Picasso. Le palais pr\u00e9sidentiel de Quito a en son sein une fresque repr\u00e9sentant la d\u00e9couverte de l&#8217;Am\u00e9rique r\u00e9alis\u00e9e par Guayasamin. Une autre fresque est visible, en Europe, \u00e0 l&#8217;a\u00e9roport de Barajas \u00e0 Madrid.<\/p>\n<div id='gallery-7' class='gallery galleryid-251 gallery-columns-2 gallery-size-large'><figure class='gallery-item'>\n\t\t\t<div class='gallery-icon landscape'>\n\t\t\t\t<a href='https:\/\/www.incatrek-ecuador.com\/blog\/oswaldo-guayasamin-artiste-equateur\/guayasamin_barajas\/'><img loading=\"lazy\" decoding=\"async\" width=\"1024\" height=\"768\" src=\"https:\/\/www.incatrek-ecuador.com\/blog\/wp-content\/uploads\/2017\/04\/Guayasamin_Barajas-1024x768.jpg\" class=\"attachment-large size-large\" alt=\"\" aria-describedby=\"gallery-7-278\" srcset=\"https:\/\/www.incatrek-ecuador.com\/blog\/wp-content\/uploads\/2017\/04\/Guayasamin_Barajas-1024x768.jpg 1024w, https:\/\/www.incatrek-ecuador.com\/blog\/wp-content\/uploads\/2017\/04\/Guayasamin_Barajas-300x225.jpg 300w, https:\/\/www.incatrek-ecuador.com\/blog\/wp-content\/uploads\/2017\/04\/Guayasamin_Barajas-768x576.jpg 768w, https:\/\/www.incatrek-ecuador.com\/blog\/wp-content\/uploads\/2017\/04\/Guayasamin_Barajas-370x278.jpg 370w, https:\/\/www.incatrek-ecuador.com\/blog\/wp-content\/uploads\/2017\/04\/Guayasamin_Barajas-570x428.jpg 570w, https:\/\/www.incatrek-ecuador.com\/blog\/wp-content\/uploads\/2017\/04\/Guayasamin_Barajas-770x578.jpg 770w, https:\/\/www.incatrek-ecuador.com\/blog\/wp-content\/uploads\/2017\/04\/Guayasamin_Barajas-1170x878.jpg 1170w, https:\/\/www.incatrek-ecuador.com\/blog\/wp-content\/uploads\/2017\/04\/Guayasamin_Barajas-773x580.jpg 773w, https:\/\/www.incatrek-ecuador.com\/blog\/wp-content\/uploads\/2017\/04\/Guayasamin_Barajas.jpg 1200w\" sizes=\"(max-width: 1024px) 100vw, 1024px\" \/><\/a>\n\t\t\t<\/div>\n\t\t\t\t<figcaption class='wp-caption-text gallery-caption' id='gallery-7-278'>\n\t\t\t\tfresque de l&#8217;a\u00e9roport Barajas de Madrid\n\t\t\t\t<\/figcaption><\/figure><figure class='gallery-item'>\n\t\t\t<div class='gallery-icon landscape'>\n\t\t\t\t<a href='https:\/\/www.incatrek-ecuador.com\/blog\/oswaldo-guayasamin-artiste-equateur\/mosaique-guayasamine\/'><img loading=\"lazy\" decoding=\"async\" width=\"1024\" height=\"576\" src=\"https:\/\/www.incatrek-ecuador.com\/blog\/wp-content\/uploads\/2017\/04\/mosaique-guayasamine-1024x576.jpg\" class=\"attachment-large size-large\" alt=\"\" aria-describedby=\"gallery-7-279\" srcset=\"https:\/\/www.incatrek-ecuador.com\/blog\/wp-content\/uploads\/2017\/04\/mosaique-guayasamine-1024x576.jpg 1024w, https:\/\/www.incatrek-ecuador.com\/blog\/wp-content\/uploads\/2017\/04\/mosaique-guayasamine-300x169.jpg 300w, https:\/\/www.incatrek-ecuador.com\/blog\/wp-content\/uploads\/2017\/04\/mosaique-guayasamine-768x432.jpg 768w, https:\/\/www.incatrek-ecuador.com\/blog\/wp-content\/uploads\/2017\/04\/mosaique-guayasamine-370x208.jpg 370w, https:\/\/www.incatrek-ecuador.com\/blog\/wp-content\/uploads\/2017\/04\/mosaique-guayasamine-570x321.jpg 570w, https:\/\/www.incatrek-ecuador.com\/blog\/wp-content\/uploads\/2017\/04\/mosaique-guayasamine-770x433.jpg 770w, https:\/\/www.incatrek-ecuador.com\/blog\/wp-content\/uploads\/2017\/04\/mosaique-guayasamine-1170x658.jpg 1170w, https:\/\/www.incatrek-ecuador.com\/blog\/wp-content\/uploads\/2017\/04\/mosaique-guayasamine-1031x580.jpg 1031w\" sizes=\"(max-width: 1024px) 100vw, 1024px\" \/><\/a>\n\t\t\t<\/div>\n\t\t\t\t<figcaption class='wp-caption-text gallery-caption' id='gallery-7-279'>\n\t\t\t\tmosa\u00efque repr\u00e9sentant la d\u00e9couverte de l&#8217;Am\u00e9rique au palais pr\u00e9sidentiel de Quito\n\t\t\t\t<\/figcaption><\/figure>\n\t\t<\/div>\n\n<p>&nbsp;<\/p>\n","protected":false},"excerpt":{"rendered":"<p>Son enfance &nbsp; Oswaldo Guayasamin est n\u00e9 en 1919, \u00e0 Quito,\u00a0ville dont il est amoureux et \u00e0 laquelle il tient [&hellip;]<\/p>\n","protected":false},"author":3,"featured_media":255,"comment_status":"closed","ping_status":"closed","sticky":false,"template":"","format":"standard","meta":{"_eb_attr":"","_exactmetrics_skip_tracking":false,"_exactmetrics_sitenote_active":false,"_exactmetrics_sitenote_note":"","_exactmetrics_sitenote_category":0,"_monsterinsights_skip_tracking":false,"_monsterinsights_sitenote_active":false,"_monsterinsights_sitenote_note":"","_monsterinsights_sitenote_category":0,"site-sidebar-layout":"default","site-content-layout":"","ast-site-content-layout":"","site-content-style":"default","site-sidebar-style":"default","ast-global-header-display":"","ast-banner-title-visibility":"","ast-main-header-display":"","ast-hfb-above-header-display":"","ast-hfb-below-header-display":"","ast-hfb-mobile-header-display":"","site-post-title":"","ast-breadcrumbs-content":"","ast-featured-img":"","footer-sml-layout":"","theme-transparent-header-meta":"","adv-header-id-meta":"","stick-header-meta":"","header-above-stick-meta":"","header-main-stick-meta":"","header-below-stick-meta":"","astra-migrate-meta-layouts":"default","ast-page-background-enabled":"default","ast-page-background-meta":{"desktop":{"background-color":"var(--ast-global-color-4)","background-image":"","background-repeat":"repeat","background-position":"center center","background-size":"auto","background-attachment":"scroll","background-type":"","background-media":"","overlay-type":"","overlay-color":"","overlay-opacity":"","overlay-gradient":""},"tablet":{"background-color":"","background-image":"","background-repeat":"repeat","background-position":"center center","background-size":"auto","background-attachment":"scroll","background-type":"","background-media":"","overlay-type":"","overlay-color":"","overlay-opacity":"","overlay-gradient":""},"mobile":{"background-color":"","background-image":"","background-repeat":"repeat","background-position":"center center","background-size":"auto","background-attachment":"scroll","background-type":"","background-media":"","overlay-type":"","overlay-color":"","overlay-opacity":"","overlay-gradient":""}},"ast-content-background-meta":{"desktop":{"background-color":"var(--ast-global-color-5)","background-image":"","background-repeat":"repeat","background-position":"center center","background-size":"auto","background-attachment":"scroll","background-type":"","background-media":"","overlay-type":"","overlay-color":"","overlay-opacity":"","overlay-gradient":""},"tablet":{"background-color":"var(--ast-global-color-5)","background-image":"","background-repeat":"repeat","background-position":"center center","background-size":"auto","background-attachment":"scroll","background-type":"","background-media":"","overlay-type":"","overlay-color":"","overlay-opacity":"","overlay-gradient":""},"mobile":{"background-color":"var(--ast-global-color-5)","background-image":"","background-repeat":"repeat","background-position":"center center","background-size":"auto","background-attachment":"scroll","background-type":"","background-media":"","overlay-type":"","overlay-color":"","overlay-opacity":"","overlay-gradient":""}},"_joinchat":[],"footnotes":""},"categories":[7,54,53,55],"tags":[],"class_list":["post-251","post","type-post","status-publish","format-standard","has-post-thumbnail","hentry","category-traditions-dequateur","category-amerique-du-sud","category-destination","category-equateur"],"_links":{"self":[{"href":"https:\/\/www.incatrek-ecuador.com\/blog\/wp-json\/wp\/v2\/posts\/251","targetHints":{"allow":["GET"]}}],"collection":[{"href":"https:\/\/www.incatrek-ecuador.com\/blog\/wp-json\/wp\/v2\/posts"}],"about":[{"href":"https:\/\/www.incatrek-ecuador.com\/blog\/wp-json\/wp\/v2\/types\/post"}],"author":[{"embeddable":true,"href":"https:\/\/www.incatrek-ecuador.com\/blog\/wp-json\/wp\/v2\/users\/3"}],"replies":[{"embeddable":true,"href":"https:\/\/www.incatrek-ecuador.com\/blog\/wp-json\/wp\/v2\/comments?post=251"}],"version-history":[{"count":0,"href":"https:\/\/www.incatrek-ecuador.com\/blog\/wp-json\/wp\/v2\/posts\/251\/revisions"}],"wp:featuredmedia":[{"embeddable":true,"href":"https:\/\/www.incatrek-ecuador.com\/blog\/wp-json\/wp\/v2\/media\/255"}],"wp:attachment":[{"href":"https:\/\/www.incatrek-ecuador.com\/blog\/wp-json\/wp\/v2\/media?parent=251"}],"wp:term":[{"taxonomy":"category","embeddable":true,"href":"https:\/\/www.incatrek-ecuador.com\/blog\/wp-json\/wp\/v2\/categories?post=251"},{"taxonomy":"post_tag","embeddable":true,"href":"https:\/\/www.incatrek-ecuador.com\/blog\/wp-json\/wp\/v2\/tags?post=251"}],"curies":[{"name":"wp","href":"https:\/\/api.w.org\/{rel}","templated":true}]}}