{"id":2747,"date":"2024-02-22T17:25:33","date_gmt":"2024-02-22T16:25:33","guid":{"rendered":"https:\/\/www.incatrek-ecuador.com\/blog\/?p=2747"},"modified":"2024-04-01T20:09:43","modified_gmt":"2024-04-01T18:09:43","slug":"andinisme-et-ascension-du-cotopaxi-reouverture-progressive-de-la-montee-du-volcan-jusqua-son-sommet","status":"publish","type":"post","link":"https:\/\/www.incatrek-ecuador.com\/blog\/andinisme-et-ascension-du-cotopaxi-reouverture-progressive-de-la-montee-du-volcan-jusqua-son-sommet\/","title":{"rendered":"Andinisme et Ascension du Cotopaxi : r\u00e9ouverture progressive de la mont\u00e9e du volcan jusqu&#8217;\u00e0 son sommet"},"content":{"rendered":"\n<p><\/p>\n\n\n\n<figure class=\"wp-block-image size-large\"><img fetchpriority=\"high\" decoding=\"async\" width=\"1024\" height=\"681\" src=\"https:\/\/www.incatrek-ecuador.com\/blog\/wp-content\/uploads\/2024\/02\/sommet-cotopaxi-1024x681.jpg\" alt=\"Sommet du Cotopaxi\" class=\"wp-image-2824\" srcset=\"https:\/\/www.incatrek-ecuador.com\/blog\/wp-content\/uploads\/2024\/02\/sommet-cotopaxi-1024x681.jpg 1024w, https:\/\/www.incatrek-ecuador.com\/blog\/wp-content\/uploads\/2024\/02\/sommet-cotopaxi-300x199.jpg 300w, https:\/\/www.incatrek-ecuador.com\/blog\/wp-content\/uploads\/2024\/02\/sommet-cotopaxi-768x511.jpg 768w, https:\/\/www.incatrek-ecuador.com\/blog\/wp-content\/uploads\/2024\/02\/sommet-cotopaxi-1536x1021.jpg 1536w, https:\/\/www.incatrek-ecuador.com\/blog\/wp-content\/uploads\/2024\/02\/sommet-cotopaxi-2048x1362.jpg 2048w\" sizes=\"(max-width: 1024px) 100vw, 1024px\" \/><figcaption class=\"wp-element-caption\">Sommet du Cotopaxi<\/figcaption><\/figure>\n\n\n\n<p><strong>Le Cotopaxi rouvre ses portes aux alpinistes et amoureux d&#8217;<a href=\"https:\/\/www.incatrek-ecuador.com\/circuit-a-la-carte-equateur\/circuit-activites-equateur\/andinisme-equateur\/\" target=\"_blank\" rel=\"noreferrer noopener\">andinisme<\/a> : ascension progressive \u00e0 partir du 21 f\u00e9vrier 2024<\/strong><\/p>\n\n\n\n<p>Quito, 21 f\u00e9vrier 2024 &#8211; Le Minist\u00e8re de l&#8217;Environnement, de l&#8217;Eau et de la Transition \u00c9cologique a annonc\u00e9 aujourd&#8217;hui la r\u00e9ouverture progressive du <a href=\"https:\/\/www.incatrek-ecuador.com\/lequateur\/andes-equateur\/nature-des-andes\/parc-cotopaxi\/\" target=\"_blank\" rel=\"noreferrer noopener\">Parc National Cotopaxi<\/a> pour les activit\u00e9s d&#8217;<a href=\"https:\/\/www.incatrek-ecuador.com\/voyages-itk\/voyage-tradition\/circuit-montagne\/\" target=\"_blank\" rel=\"noreferrer noopener\">ascension au sommet du volcan<\/a>. Cette d\u00e9cision, effective \u00e0 partir du 21 f\u00e9vrier 2024, s&#8217;appuie sur une \u00e9valuation approfondie des conditions du n\u00e9v\u00e9, des itin\u00e9raires et des risques li\u00e9s aux gaz volcaniques.<\/p>\n\n\n\n<div class=\"wp-block-columns is-layout-flex wp-container-core-columns-is-layout-1 wp-block-columns-is-layout-flex\">\n<div class=\"wp-block-column is-layout-flow wp-block-column-is-layout-flow\">\n<figure class=\"wp-block-image size-large is-resized\"><img decoding=\"async\" width=\"1024\" height=\"575\" src=\"https:\/\/www.incatrek-ecuador.com\/blog\/wp-content\/uploads\/2018\/03\/Crate\u0300re-cotopaxi-1024x575.jpg\" alt=\"Crat\u00e8re du volcan Cotopaxi\" class=\"wp-image-716\" style=\"object-fit:cover;width:400px;height:220px\" srcset=\"https:\/\/www.incatrek-ecuador.com\/blog\/wp-content\/uploads\/2018\/03\/Crate\u0300re-cotopaxi.jpg 1024w, https:\/\/www.incatrek-ecuador.com\/blog\/wp-content\/uploads\/2018\/03\/Crate\u0300re-cotopaxi-300x168.jpg 300w, https:\/\/www.incatrek-ecuador.com\/blog\/wp-content\/uploads\/2018\/03\/Crate\u0300re-cotopaxi-768x431.jpg 768w, https:\/\/www.incatrek-ecuador.com\/blog\/wp-content\/uploads\/2018\/03\/Crate\u0300re-cotopaxi-370x208.jpg 370w, https:\/\/www.incatrek-ecuador.com\/blog\/wp-content\/uploads\/2018\/03\/Crate\u0300re-cotopaxi-570x320.jpg 570w, https:\/\/www.incatrek-ecuador.com\/blog\/wp-content\/uploads\/2018\/03\/Crate\u0300re-cotopaxi-770x432.jpg 770w\" sizes=\"(max-width: 1024px) 100vw, 1024px\" \/><figcaption class=\"wp-element-caption\">Crat\u00e8re du volcan Cotopaxi<\/figcaption><\/figure>\n<\/div>\n\n\n\n<div class=\"wp-block-column is-layout-flow wp-block-column-is-layout-flow\">\n<figure class=\"wp-block-image size-large is-resized\"><img decoding=\"async\" width=\"1024\" height=\"683\" src=\"https:\/\/www.incatrek-ecuador.com\/blog\/wp-content\/uploads\/2017\/09\/etape-cotopaxi-1024x683.jpg\" alt=\"Etape du parc Cotopaxi andes-reserve\" class=\"wp-image-520\" style=\"object-fit:cover;width:400px;height:220px\" srcset=\"https:\/\/www.incatrek-ecuador.com\/blog\/wp-content\/uploads\/2017\/09\/etape-cotopaxi-1024x683.jpg 1024w, https:\/\/www.incatrek-ecuador.com\/blog\/wp-content\/uploads\/2017\/09\/etape-cotopaxi-300x200.jpg 300w, https:\/\/www.incatrek-ecuador.com\/blog\/wp-content\/uploads\/2017\/09\/etape-cotopaxi-768x512.jpg 768w, https:\/\/www.incatrek-ecuador.com\/blog\/wp-content\/uploads\/2017\/09\/etape-cotopaxi-370x247.jpg 370w, https:\/\/www.incatrek-ecuador.com\/blog\/wp-content\/uploads\/2017\/09\/etape-cotopaxi-270x180.jpg 270w, https:\/\/www.incatrek-ecuador.com\/blog\/wp-content\/uploads\/2017\/09\/etape-cotopaxi-570x380.jpg 570w, https:\/\/www.incatrek-ecuador.com\/blog\/wp-content\/uploads\/2017\/09\/etape-cotopaxi-770x513.jpg 770w, https:\/\/www.incatrek-ecuador.com\/blog\/wp-content\/uploads\/2017\/09\/etape-cotopaxi-1170x780.jpg 1170w, https:\/\/www.incatrek-ecuador.com\/blog\/wp-content\/uploads\/2017\/09\/etape-cotopaxi-870x580.jpg 870w, https:\/\/www.incatrek-ecuador.com\/blog\/wp-content\/uploads\/2017\/09\/etape-cotopaxi.jpg 2048w\" sizes=\"(max-width: 1024px) 100vw, 1024px\" \/><figcaption class=\"wp-element-caption\">Etape du parc Cotopaxi sous les nuages<\/figcaption><\/figure>\n<\/div>\n<\/div>\n\n\n\n<p>Sur cette page :<\/p>\n\n\n\n<ul class=\"wp-block-list\">\n<li><a href=\"#reouverture-progressive-cotopaxi\">R\u00e9ouverture progressive du volcan <\/a><\/li>\n\n\n\n<li><a href=\"#conditions-ascension-sommet-volcan\">Des secteurs sans risque mais avec des zones de vigilance<\/a><\/li>\n\n\n\n<li><a href=\"#eruption-cotopaxi-fermeture\">Derni\u00e8res \u00e9ruptions du Cotopaxi : cause de la fermeture<\/a><\/li>\n\n\n\n<li><a href=\"#cotopxi-symbole-equateur\">Le Cotopaxi : Symbole touristique et fiert\u00e9 de l&#8217;Equateur<\/a><\/li>\n\n\n\n<li><a href=\"#communique-officiel-ministere-environnement-eau-transition-ecologique-equateur\">Communiqu\u00e9 officiel<\/a><\/li>\n\n\n\n<li><a href=\"#resume-article-reouverture-ascension-cotopaxi\">Ce qu&#8217;il faut retenir<\/a><\/li>\n\n\n\n<li><a href=\"#liens-utiles\">Infos utiles<\/a><\/li>\n\n\n\n<li><a href=\"#aventure-sommet-cotopaxi-itk-voyage-video\">Vid\u00e9o d&#8217;une exp\u00e9dition au sommet du Cotopaxi avec ITK Voyage<\/a><\/li>\n\n\n\n<li><a href=\"#15-ascensions-andes-equateur\">D\u00e9couvrez les 15 ascensions d&#8217;Equateur<\/a><\/li>\n\n\n\n<li><a href=\"#acclimation-haute-altitude-andes\">L&#8217;acclimation, phase indispensable avant toute ascension<\/a><\/li>\n<\/ul>\n\n\n\n<figure class=\"wp-block-image size-large\"><img loading=\"lazy\" decoding=\"async\" width=\"1024\" height=\"768\" src=\"https:\/\/www.incatrek-ecuador.com\/blog\/wp-content\/uploads\/2024\/02\/ascension-sommet-volcan-cotopaxi-1024x768.jpg\" alt=\"Ascension du sommet du volcan Cotopaxi\" class=\"wp-image-2777\" style=\"aspect-ratio:16\/9;object-fit:cover\" srcset=\"https:\/\/www.incatrek-ecuador.com\/blog\/wp-content\/uploads\/2024\/02\/ascension-sommet-volcan-cotopaxi-1024x768.jpg 1024w, https:\/\/www.incatrek-ecuador.com\/blog\/wp-content\/uploads\/2024\/02\/ascension-sommet-volcan-cotopaxi-300x225.jpg 300w, https:\/\/www.incatrek-ecuador.com\/blog\/wp-content\/uploads\/2024\/02\/ascension-sommet-volcan-cotopaxi-768x576.jpg 768w, https:\/\/www.incatrek-ecuador.com\/blog\/wp-content\/uploads\/2024\/02\/ascension-sommet-volcan-cotopaxi-1536x1152.jpg 1536w, https:\/\/www.incatrek-ecuador.com\/blog\/wp-content\/uploads\/2024\/02\/ascension-sommet-volcan-cotopaxi.jpg 1600w\" sizes=\"(max-width: 1024px) 100vw, 1024px\" \/><figcaption class=\"wp-element-caption\">Photo de l&#8217;ascension du sommet du volcan Cotopaxi avec quelques grimpeurs<\/figcaption><\/figure>\n\n\n\n<h2 class=\"wp-block-heading\" id=\"reouverture-progressive-cotopaxi\"><strong>Une r\u00e9ouverture progressive et encadr\u00e9e<\/strong><\/h2>\n\n\n\n<p>Dans un premier temps, l&#8217;ascension sera uniquement autoris\u00e9e pour les groupes organis\u00e9s : op\u00e9rateurs de tourisme et clubs de montagne l\u00e9galis\u00e9s, tels que <a href=\"https:\/\/www.incatrek-ecuador.com\" target=\"_blank\" rel=\"noreferrer noopener\">ITK Voyage Equateur &amp; Galapagos<\/a>. Ces groupes devront respecter des exigences sp\u00e9cifiques pour garantir la s\u00e9curit\u00e9 des alpinistes, notamment :<\/p>\n\n\n\n<pre class=\"wp-block-code\"><code>Encadrement par des guides exp\u00e9riment\u00e9s\nRespect des itin\u00e9raires balis\u00e9s\nPort d'\u00e9quipements de s\u00e9curit\u00e9 ad\u00e9quats\nLimitation du nombre d'alpinistes par jour<\/code><\/pre>\n\n\n\n<figure class=\"wp-block-image size-large\"><a href=\"https:\/\/www.incatrek-ecuador.com\/agence-de-voyages-itk-voyage\/#antoine-grouazel\"><img loading=\"lazy\" decoding=\"async\" width=\"1024\" height=\"681\" src=\"https:\/\/www.incatrek-ecuador.com\/blog\/wp-content\/uploads\/2024\/02\/antoine-grouazel-itk-voyage-en-train-de-gravir-volcan-cotopaxi-1024x681.jpg\" alt=\"Antoine Grouazel, g\u00e9rant d'ITK Voyage, lors d'une de ses nombreuses ascensions du sommet du Cotopaxi\" class=\"wp-image-2836\" srcset=\"https:\/\/www.incatrek-ecuador.com\/blog\/wp-content\/uploads\/2024\/02\/antoine-grouazel-itk-voyage-en-train-de-gravir-volcan-cotopaxi-1024x681.jpg 1024w, https:\/\/www.incatrek-ecuador.com\/blog\/wp-content\/uploads\/2024\/02\/antoine-grouazel-itk-voyage-en-train-de-gravir-volcan-cotopaxi-300x199.jpg 300w, https:\/\/www.incatrek-ecuador.com\/blog\/wp-content\/uploads\/2024\/02\/antoine-grouazel-itk-voyage-en-train-de-gravir-volcan-cotopaxi-768x511.jpg 768w, https:\/\/www.incatrek-ecuador.com\/blog\/wp-content\/uploads\/2024\/02\/antoine-grouazel-itk-voyage-en-train-de-gravir-volcan-cotopaxi-1536x1021.jpg 1536w, https:\/\/www.incatrek-ecuador.com\/blog\/wp-content\/uploads\/2024\/02\/antoine-grouazel-itk-voyage-en-train-de-gravir-volcan-cotopaxi-2048x1362.jpg 2048w\" sizes=\"(max-width: 1024px) 100vw, 1024px\" \/><\/a><figcaption class=\"wp-element-caption\">Antoine Grouazel, g\u00e9rant d&#8217;ITK Voyage, lors d&#8217;une de ses nombreuses ascensions du sommet du Cotopaxi<\/figcaption><\/figure>\n\n\n\n<h2 class=\"wp-block-heading\" id=\"conditions-ascension-sommet-volcan\"><strong>Des conditions d&#8217;ascension accrues<\/strong><\/h2>\n\n\n\n<p>L&#8217;\u00e9valuation des risques a r\u00e9v\u00e9l\u00e9 que certaines zones du volcan pr\u00e9sentent des conditions d&#8217;ascension plus difficiles qu&#8217;avant la fermeture du parc en 2022. C&#8217;est pourquoi une connaissance technique accrue est d\u00e9sormais n\u00e9cessaire pour gravir le Cotopaxi.<\/p>\n\n\n\n<div class=\"wp-block-columns is-layout-flex wp-container-core-columns-is-layout-2 wp-block-columns-is-layout-flex\">\n<div class=\"wp-block-column is-layout-flow wp-block-column-is-layout-flow\">\n<figure class=\"wp-block-image aligncenter size-large is-resized\"><img loading=\"lazy\" decoding=\"async\" width=\"768\" height=\"1024\" src=\"https:\/\/www.incatrek-ecuador.com\/blog\/wp-content\/uploads\/2024\/02\/grimpeurs-sommet-cotopaxi-768x1024.jpg\" alt=\"Grimpeurs en train d'escalader le Cotopaxi\" class=\"wp-image-2798\" style=\"width:auto;height:364px\" srcset=\"https:\/\/www.incatrek-ecuador.com\/blog\/wp-content\/uploads\/2024\/02\/grimpeurs-sommet-cotopaxi-768x1024.jpg 768w, https:\/\/www.incatrek-ecuador.com\/blog\/wp-content\/uploads\/2024\/02\/grimpeurs-sommet-cotopaxi-225x300.jpg 225w, https:\/\/www.incatrek-ecuador.com\/blog\/wp-content\/uploads\/2024\/02\/grimpeurs-sommet-cotopaxi-1152x1536.jpg 1152w, https:\/\/www.incatrek-ecuador.com\/blog\/wp-content\/uploads\/2024\/02\/grimpeurs-sommet-cotopaxi.jpg 1200w\" sizes=\"(max-width: 768px) 100vw, 768px\" \/><\/figure>\n<\/div>\n\n\n\n<div class=\"wp-block-column is-layout-flow wp-block-column-is-layout-flow\">\n<figure class=\"wp-block-image aligncenter size-large is-resized\"><img loading=\"lazy\" decoding=\"async\" width=\"681\" height=\"1024\" src=\"https:\/\/www.incatrek-ecuador.com\/blog\/wp-content\/uploads\/2024\/02\/grimpeuse-volcan-cotopaxi-equateur-681x1024.jpg\" alt=\"Grimpeuse en train d'escalader le Cotopaxi\" class=\"wp-image-2801\" style=\"width:auto;height:364px\" srcset=\"https:\/\/www.incatrek-ecuador.com\/blog\/wp-content\/uploads\/2024\/02\/grimpeuse-volcan-cotopaxi-equateur-681x1024.jpg 681w, https:\/\/www.incatrek-ecuador.com\/blog\/wp-content\/uploads\/2024\/02\/grimpeuse-volcan-cotopaxi-equateur-199x300.jpg 199w, https:\/\/www.incatrek-ecuador.com\/blog\/wp-content\/uploads\/2024\/02\/grimpeuse-volcan-cotopaxi-equateur-768x1155.jpg 768w, https:\/\/www.incatrek-ecuador.com\/blog\/wp-content\/uploads\/2024\/02\/grimpeuse-volcan-cotopaxi-equateur-1021x1536.jpg 1021w, https:\/\/www.incatrek-ecuador.com\/blog\/wp-content\/uploads\/2024\/02\/grimpeuse-volcan-cotopaxi-equateur-1362x2048.jpg 1362w, https:\/\/www.incatrek-ecuador.com\/blog\/wp-content\/uploads\/2024\/02\/grimpeuse-volcan-cotopaxi-equateur-scaled.jpg 1702w\" sizes=\"(max-width: 681px) 100vw, 681px\" \/><\/figure>\n<\/div>\n\n\n\n<div class=\"wp-block-column is-layout-flow wp-block-column-is-layout-flow\">\n<figure class=\"wp-block-image aligncenter size-large is-resized\"><img loading=\"lazy\" decoding=\"async\" width=\"768\" height=\"1024\" src=\"https:\/\/www.incatrek-ecuador.com\/blog\/wp-content\/uploads\/2024\/02\/client-itk-voyage-sommet-cotopaxi-768x1024.jpg\" alt=\"Un autre grimpeur en train d'escalader le Cotopaxi avec son piolet\" class=\"wp-image-2800\" style=\"width:auto;height:364px\" srcset=\"https:\/\/www.incatrek-ecuador.com\/blog\/wp-content\/uploads\/2024\/02\/client-itk-voyage-sommet-cotopaxi-768x1024.jpg 768w, https:\/\/www.incatrek-ecuador.com\/blog\/wp-content\/uploads\/2024\/02\/client-itk-voyage-sommet-cotopaxi-225x300.jpg 225w, https:\/\/www.incatrek-ecuador.com\/blog\/wp-content\/uploads\/2024\/02\/client-itk-voyage-sommet-cotopaxi-1152x1536.jpg 1152w, https:\/\/www.incatrek-ecuador.com\/blog\/wp-content\/uploads\/2024\/02\/client-itk-voyage-sommet-cotopaxi.jpg 1200w\" sizes=\"(max-width: 768px) 100vw, 768px\" \/><\/figure>\n<\/div>\n<\/div>\n\n\n\n<h2 class=\"wp-block-heading\" id=\"eruption-cotopaxi-fermeture\"><strong>\u00c9ruption du Cotopaxi : Retour sur les \u00e9v\u00e9nements qui ont conduit \u00e0 la fermeture du volcan<\/strong><\/h2>\n\n\n\n<p>Le Cotopaxi, l&#8217;un des volcans les plus actifs d&#8217;\u00c9quateur et d&#8217;Am\u00e9rique du Sud, a connu une s\u00e9rie d&#8217;<a href=\"https:\/\/www.incatrek-ecuador.com\/blog\/equateur-le-cotopaxi-entre-en-eruption-et-crache-un-nuage-de-fumee-07-05-2023\/\" target=\"_blank\" rel=\"noreferrer noopener\">\u00e9ruptions<\/a> depuis octobre 2022. Ces \u00e9v\u00e9nements ont provoqu\u00e9 la fermeture du Parc National Cotopaxi pour des raisons de s\u00e9curit\u00e9, en raison des risques accrus li\u00e9s aux lahars (coul\u00e9es de boue volcanique), aux chutes de cendres et aux \u00e9missions de gaz toxiques.<\/p>\n\n\n\n<figure class=\"wp-block-image size-large\"><img loading=\"lazy\" decoding=\"async\" width=\"1024\" height=\"681\" src=\"https:\/\/www.incatrek-ecuador.com\/blog\/wp-content\/uploads\/2024\/02\/le-cotopaxi-1024x681.jpg\" alt=\"Vue du Cotopaxi de la route\" class=\"wp-image-2805\" srcset=\"https:\/\/www.incatrek-ecuador.com\/blog\/wp-content\/uploads\/2024\/02\/le-cotopaxi-1024x681.jpg 1024w, https:\/\/www.incatrek-ecuador.com\/blog\/wp-content\/uploads\/2024\/02\/le-cotopaxi-300x199.jpg 300w, https:\/\/www.incatrek-ecuador.com\/blog\/wp-content\/uploads\/2024\/02\/le-cotopaxi-768x511.jpg 768w, https:\/\/www.incatrek-ecuador.com\/blog\/wp-content\/uploads\/2024\/02\/le-cotopaxi-1536x1021.jpg 1536w, https:\/\/www.incatrek-ecuador.com\/blog\/wp-content\/uploads\/2024\/02\/le-cotopaxi-2048x1362.jpg 2048w\" sizes=\"(max-width: 1024px) 100vw, 1024px\" \/><figcaption class=\"wp-element-caption\">Sur la route du Cotopaxi<\/figcaption><\/figure>\n\n\n\n<h2 class=\"wp-block-heading\" id=\"cotopxi-symbole-equateur\"><strong>Un symbole important pour l&#8217;\u00c9quateur<\/strong><\/h2>\n\n\n\n<p>La r\u00e9ouverture du Cotopaxi est une nouvelle importante pour l&#8217;\u00c9quateur, car ce volcan est un symbole national et une attraction touristique majeure. Cette d\u00e9cision permettra aux alpinistes du monde entier de renouer avec l&#8217;exp\u00e9rience unique de gravir ce sommet majestueux.<\/p>\n\n\n\n<h2 class=\"wp-block-heading\" id=\"communique-officiel-ministere-environnement-eau-transition-ecologique-equateur\"><strong>Communiqu\u00e9 officiel du Minist\u00e8re de l&#8217;Environnement, de l&#8217;Eau et de la Transition \u00c9cologique<\/strong><\/h2>\n\n\n\n<div data-wp-interactive=\"core\/file\" class=\"wp-block-file\"><object data-wp-bind--hidden=\"!state.hasPdfPreview\" hidden class=\"wp-block-file__embed\" data=\"https:\/\/www.incatrek-ecuador.com\/blog\/wp-content\/uploads\/2024\/02\/communique-21-fevrier-2024-ministere-environement-equatorien-ascencion-sommet-volcan-cotopaxi.pdf\" type=\"application\/pdf\" style=\"width:100%;height:600px\" aria-label=\"Contenu embarqu\u00e9 communique-21-fevrier-2024-ministere-environement-equatorien-ascencion-sommet-volcan-cotopaxi.\"><\/object><a id=\"wp-block-file--media-8f6d2acf-aae9-41e8-84b4-afb477472dc6\" href=\"https:\/\/www.incatrek-ecuador.com\/blog\/wp-content\/uploads\/2024\/02\/communique-21-fevrier-2024-ministere-environement-equatorien-ascencion-sommet-volcan-cotopaxi.pdf\">communique-21-fevrier-2024-ministere-environement-equatorien-ascencion-sommet-volcan-cotopaxi<\/a><a href=\"https:\/\/www.incatrek-ecuador.com\/blog\/wp-content\/uploads\/2024\/02\/communique-21-fevrier-2024-ministere-environement-equatorien-ascencion-sommet-volcan-cotopaxi.pdf\" class=\"wp-block-file__button wp-element-button\" download aria-describedby=\"wp-block-file--media-8f6d2acf-aae9-41e8-84b4-afb477472dc6\">T\u00e9l\u00e9charger<\/a><\/div>\n\n\n\n<h2 class=\"wp-block-heading\" id=\"resume-article-reouverture-ascension-cotopaxi\"><strong>En r\u00e9sum\u00e9 : ce qu&#8217;il faut retenir<\/strong><\/h2>\n\n\n\n<ul class=\"wp-block-list\">\n<li>Le <strong>volcan Cotopaxi en \u00c9quateur est \u00e0 nouveau accessible<\/strong> aux alpinistes apr\u00e8s une fermeture de plusieurs mois due \u00e0 des \u00e9ruptions en 2022.<\/li>\n\n\n\n<li>L&#8217;ascension est pour l&#8217;instant <strong>limit\u00e9e aux agences et groupes organis\u00e9s encadr\u00e9s par des guides exp\u00e9riment\u00e9s.<\/strong><\/li>\n\n\n\n<li>Dans certains secteurs, les <strong>conditions d&#8217;ascension sont plus difficiles<\/strong> qu&#8217;avant la fermeture et une <strong>connaissance technique accrue est n\u00e9cessaire<\/strong>.<\/li>\n\n\n\n<li>Le <strong>Cotopaxi est un symbole important pour l&#8217;\u00c9quateur <\/strong>et sa r\u00e9ouverture est une bonne nouvelle pour le tourisme.<\/li>\n<\/ul>\n\n\n\n<h2 class=\"wp-block-heading\" id=\"liens-utiles\">Infos utiles<\/h2>\n\n\n\n<pre class=\"wp-block-code\"><code><strong>Site web du Minist\u00e8re de l'Environnement, de l'Eau et de la Transition \u00c9cologique (en espagnol)<\/strong>: <a href=\"https:\/\/www.ambiente.gob.ec\/\" target=\"_blank\" rel=\"noreferrer noopener nofollow\">https:\/\/www.ambiente.gob.ec\/<\/a>\n<strong>Site web du Parc National Cotopaxi (en espagnol)<\/strong>: <a href=\"https:\/\/www.ambiente.gob.ec\/parque-nacional-cotopaxi\/\" target=\"_blank\" rel=\"noreferrer noopener nofollow\">https:\/\/www.ambiente.gob.ec\/parque-nacional-cotopaxi\/<\/a>\n<strong>Location et horaires<\/strong> <strong>2024 <\/strong>: situ\u00e9 \u00e0 60 km au sud de Quito, le <a href=\"https:\/\/maps.app.goo.gl\/TkCn3MGAuXLNMWcdA\" target=\"_blank\" rel=\"noreferrer noopener nofollow\">Parc National du Cotopaxi<\/a> est le parc national le plus visit\u00e9 d'\u00c9quateur. Ouvert 7j\/7j, les horaires d'ouverture du parc sont de 8 h 00 \u00e0 16 h 00 (et non pas de 8 h 30 \u00e0 17 h 00), et uniquement par les points de contr\u00f4le \"Caspi\" et \"Norte\".\n<strong>Documents \u00e0 pr\u00e9senter obligatoirement<\/strong> : Coup de mont\u00e9e, r\u00e9servation d'h\u00e9bergement, feuille d'enregistrement SIB, d\u00e9clarations conjointes avec la carte d'identit\u00e9 et\/ou le passeport, badge de guide certifi\u00e9 (agences de tourisme), carte d'identification (club de montagne), \u00eatre r\u00e9pertori\u00e9 dans la liste de ceux ayant suivi la formation par l'Institut g\u00e9ophysique (IG), disposer d'\u00e9quipement de montagne en bon \u00e9tat, ainsi que d'un masque antigaz bucco-nasal. Il est recommand\u00e9 de ne pas rester dans des endroits susceptibles d'accumuler des gaz volcaniques (sommet et fissures).\n<strong>Altitude <\/strong>: 5897 m\n<\/code><\/pre>\n\n\n\n<h2 class=\"wp-block-heading\" id=\"aventure-sommet-cotopaxi-itk-voyage-video\">Une aventure au sommet du Cotopaxi avec ITK Voyage (Vid\u00e9o)<\/h2>\n\n\n\n<figure class=\"wp-block-embed is-type-video is-provider-youtube wp-block-embed-youtube wp-embed-aspect-16-9 wp-has-aspect-ratio\"><div class=\"wp-block-embed__wrapper\">\n<div class=\"ast-oembed-container \" style=\"height: 100%;\"><iframe title=\"Cotopaxi Adventure with ITK Voyage Ecuador and Galapagos #ecuador #adventure\" width=\"500\" height=\"281\" src=\"https:\/\/www.youtube.com\/embed\/eh4yluR9dqM?feature=oembed\" frameborder=\"0\" allow=\"accelerometer; autoplay; clipboard-write; encrypted-media; gyroscope; picture-in-picture; web-share\" referrerpolicy=\"strict-origin-when-cross-origin\" allowfullscreen><\/iframe><\/div>\n<\/div><figcaption class=\"wp-element-caption\">Aventure au sommet du Cotopaxi (vid\u00e9o ITK Voyage)<\/figcaption><\/figure>\n\n\n\n<p>Gravir le Cotopaxi avec ITK Voyage et ses <a href=\"https:\/\/www.guides-montagne.org\/pages\/luiagm\" target=\"_blank\" rel=\"noreferrer noopener\">guides UIAGM<\/a>, c&#8217;est s&#8217;assurer une aventure inoubliable en toute s\u00e9curit\u00e9 <strong>accompagn\u00e9 de guides de haute montagne certifi\u00e9s UIAGM<\/strong> (Union Internationale des Guides de Montagne). <\/p>\n\n\n\n<p>Nos guides exp\u00e9riment\u00e9s vous garantissent :<\/p>\n\n\n\n<pre class=\"wp-block-code\"><code>Une ascension parfaitement encadr\u00e9e\nUne connaissance approfondie du Cotopaxi et de ses dangers\nUn suivi personnalis\u00e9 et adapt\u00e9 \u00e0 votre niveau\nUne s\u00e9curit\u00e9 optimale tout au long de l'ascension<\/code><\/pre>\n\n\n\n<p>N&#8217;attendez plus et <a href=\"https:\/\/www.incatrek-ecuador.com\/votre-devis\/\" target=\"_blank\" rel=\"noreferrer noopener\">r\u00e9servez d\u00e8s aujourd&#8217;hui votre ascension du Cotopaxi<\/a> !<\/p>\n\n\n\n<figure class=\"wp-block-image size-large\"><img loading=\"lazy\" decoding=\"async\" width=\"1024\" height=\"681\" src=\"https:\/\/www.incatrek-ecuador.com\/blog\/wp-content\/uploads\/2024\/02\/refuge-jose-f-ribas-4800-m-altitude-1024x681.jpg\" alt=\"Refuge Jose F. Ribas \u00e0 4800m d'altitude (Cotopaxi)\" class=\"wp-image-2812\" srcset=\"https:\/\/www.incatrek-ecuador.com\/blog\/wp-content\/uploads\/2024\/02\/refuge-jose-f-ribas-4800-m-altitude-1024x681.jpg 1024w, https:\/\/www.incatrek-ecuador.com\/blog\/wp-content\/uploads\/2024\/02\/refuge-jose-f-ribas-4800-m-altitude-300x199.jpg 300w, https:\/\/www.incatrek-ecuador.com\/blog\/wp-content\/uploads\/2024\/02\/refuge-jose-f-ribas-4800-m-altitude-768x511.jpg 768w, https:\/\/www.incatrek-ecuador.com\/blog\/wp-content\/uploads\/2024\/02\/refuge-jose-f-ribas-4800-m-altitude-1536x1021.jpg 1536w, https:\/\/www.incatrek-ecuador.com\/blog\/wp-content\/uploads\/2024\/02\/refuge-jose-f-ribas-4800-m-altitude-2048x1362.jpg 2048w\" sizes=\"(max-width: 1024px) 100vw, 1024px\" \/><figcaption class=\"wp-element-caption\">Refuge Jose F. Ribas \u00e0 4800 m d&#8217;altitude (Cotopaxi)<\/figcaption><\/figure>\n\n\n\n<h2 class=\"wp-block-heading\" id=\"acclimation-haute-altitude-andes\">Acclimatation pour l&#8217;ascension du Cotopaxi et autres sommets \u00e9quatoriens : s\u00e9curit\u00e9 et sant\u00e9 avant tout !<\/h2>\n\n\n\n<p><strong>L&#8217;ascension des sommets andins exige une pr\u00e9paration minutieuse, et l&#8217;acclimatation \u00e0 l&#8217;altitude en est un \u00e9l\u00e9ment crucial.<\/strong><\/p>\n\n\n\n<p>Pour des raisons de sant\u00e9 et de responsabilit\u00e9, une seule option s&#8217;offre \u00e0 vous :<\/p>\n\n\n\n<pre class=\"wp-block-code\"><code>Plusieurs ascensions \u00e0 des altitudes et des difficult\u00e9s progressives sont n\u00e9cessaires pour une bonne acclimatation.<\/code><\/pre>\n\n\n\n<p>Dans tous les cas, un minimum de 5 \u00e0 6 nuits d&#8217;acclimatation est indispensable avant de tenter l&#8217;ascension du Cotopaxi et des autres sommets andins.<\/p>\n\n\n\n<p>ITK s&#8217;engage \u00e0 <strong>garantir la s\u00e9curit\u00e9 et la sant\u00e9 de ses participants<\/strong>. C&#8217;est pourquoi nous n&#8217;organisons aucune ascension du Cotopaxi sans avoir au pr\u00e9alable planifi\u00e9 et contr\u00f4l\u00e9 cette p\u00e9riode d&#8217;acclimatation essentielle.<\/p>\n\n\n\n<p>En prenant le temps de vous <strong>acclimater correctement<\/strong>, vous maximisez vos chances de <strong>r\u00e9ussite<\/strong> et <strong>minimisez les risques<\/strong> li\u00e9s \u00e0 <strong>l&#8217;altitude<\/strong>.<\/p>\n\n\n\n<h2 class=\"wp-block-heading\" id=\"15-ascensions-andes-equateur\">D\u00e9couvrez les 15 ascensions d&#8217;Equateur<\/h2>\n\n\n\n<div class=\"wp-block-media-text is-stacked-on-mobile\"><figure class=\"wp-block-media-text__media\"><img loading=\"lazy\" decoding=\"async\" width=\"800\" height=\"600\" src=\"https:\/\/www.incatrek-ecuador.com\/blog\/wp-content\/uploads\/2017\/07\/ascension-chimborazo.jpg\" alt=\"Ascensions Andes - Grimpeurs au sommet du Cotopaxi, embl\u00e8me andi de l'Equateur\" class=\"wp-image-431 size-full\" srcset=\"https:\/\/www.incatrek-ecuador.com\/blog\/wp-content\/uploads\/2017\/07\/ascension-chimborazo.jpg 800w, https:\/\/www.incatrek-ecuador.com\/blog\/wp-content\/uploads\/2017\/07\/ascension-chimborazo-300x225.jpg 300w, https:\/\/www.incatrek-ecuador.com\/blog\/wp-content\/uploads\/2017\/07\/ascension-chimborazo-768x576.jpg 768w, https:\/\/www.incatrek-ecuador.com\/blog\/wp-content\/uploads\/2017\/07\/ascension-chimborazo-370x278.jpg 370w, https:\/\/www.incatrek-ecuador.com\/blog\/wp-content\/uploads\/2017\/07\/ascension-chimborazo-570x428.jpg 570w, https:\/\/www.incatrek-ecuador.com\/blog\/wp-content\/uploads\/2017\/07\/ascension-chimborazo-770x578.jpg 770w, https:\/\/www.incatrek-ecuador.com\/blog\/wp-content\/uploads\/2017\/07\/ascension-chimborazo-773x580.jpg 773w\" sizes=\"(max-width: 800px) 100vw, 800px\" \/><\/figure><div class=\"wp-block-media-text__content\">\n<p>Le Cotopaxi n&#8217;est que la porte d&#8217;entr\u00e9e vers les sommets \u00e9poustouflants des Andes \u00e9quatoriennes ! Chimborazo (6 263 m), Cayambe (5 790 m), Antisana (5 753 m), Iliniza Sur (5 248 m), Altar (5 319 m), Pichincha (4 794 m), Iliniza Nord (5 126 m), Imbabura (4 630 m), Corazon (4 788 m), Tungurahua (5 023 m), Sincholagua (4 893 m), Ruminahui (4 722 m), Fuya Fuya (4 453 m), Pasochoa (4 223 m)&#8230; 15 ascensions incroyables. Venez d\u00e9couvrir toutes les ascensions des Andes \u00e9quatoriennes.<\/p>\n<\/div><\/div>\n\n\n\n<p><\/p>\n","protected":false},"excerpt":{"rendered":"<p>Le Cotopaxi rouvre ses portes aux alpinistes et amoureux d&#8217;andinisme : ascension progressive \u00e0 partir du 21 f\u00e9vrier 2024 Quito, [&hellip;]<\/p>\n","protected":false},"author":11,"featured_media":2836,"comment_status":"open","ping_status":"closed","sticky":false,"template":"","format":"standard","meta":{"_eb_attr":"","_exactmetrics_skip_tracking":false,"_exactmetrics_sitenote_active":false,"_exactmetrics_sitenote_note":"","_exactmetrics_sitenote_category":0,"_monsterinsights_skip_tracking":false,"_monsterinsights_sitenote_active":false,"_monsterinsights_sitenote_note":"","_monsterinsights_sitenote_category":0,"site-sidebar-layout":"default","site-content-layout":"","ast-site-content-layout":"","site-content-style":"default","site-sidebar-style":"default","ast-global-header-display":"","ast-banner-title-visibility":"","ast-main-header-display":"","ast-hfb-above-header-display":"","ast-hfb-below-header-display":"","ast-hfb-mobile-header-display":"","site-post-title":"","ast-breadcrumbs-content":"","ast-featured-img":"","footer-sml-layout":"","theme-transparent-header-meta":"","adv-header-id-meta":"","stick-header-meta":"","header-above-stick-meta":"","header-main-stick-meta":"","header-below-stick-meta":"","astra-migrate-meta-layouts":"default","ast-page-background-enabled":"default","ast-page-background-meta":{"desktop":{"background-color":"var(--ast-global-color-4)","background-image":"","background-repeat":"repeat","background-position":"center center","background-size":"auto","background-attachment":"scroll","background-type":"","background-media":"","overlay-type":"","overlay-color":"","overlay-opacity":"","overlay-gradient":""},"tablet":{"background-color":"","background-image":"","background-repeat":"repeat","background-position":"center center","background-size":"auto","background-attachment":"scroll","background-type":"","background-media":"","overlay-type":"","overlay-color":"","overlay-opacity":"","overlay-gradient":""},"mobile":{"background-color":"","background-image":"","background-repeat":"repeat","background-position":"center center","background-size":"auto","background-attachment":"scroll","background-type":"","background-media":"","overlay-type":"","overlay-color":"","overlay-opacity":"","overlay-gradient":""}},"ast-content-background-meta":{"desktop":{"background-color":"var(--ast-global-color-5)","background-image":"","background-repeat":"repeat","background-position":"center center","background-size":"auto","background-attachment":"scroll","background-type":"","background-media":"","overlay-type":"","overlay-color":"","overlay-opacity":"","overlay-gradient":""},"tablet":{"background-color":"var(--ast-global-color-5)","background-image":"","background-repeat":"repeat","background-position":"center center","background-size":"auto","background-attachment":"scroll","background-type":"","background-media":"","overlay-type":"","overlay-color":"","overlay-opacity":"","overlay-gradient":""},"mobile":{"background-color":"var(--ast-global-color-5)","background-image":"","background-repeat":"repeat","background-position":"center center","background-size":"auto","background-attachment":"scroll","background-type":"","background-media":"","overlay-type":"","overlay-color":"","overlay-opacity":"","overlay-gradient":""}},"_joinchat":[],"footnotes":""},"categories":[8,54,56,24,30,46,65,53,55,10],"tags":[41,42,47,43,45,44],"class_list":["post-2747","post","type-post","status-publish","format-standard","has-post-thumbnail","hentry","category-actualite-dequateur","category-amerique-du-sud","category-andes","category-breaking-news","category-carnet-voyage-equateur-galapagos","category-communiques-officiels","category-cotopaxi","category-destination","category-equateur","category-nos-randonnees-et-treks","tag-andinisme","tag-ascencion","tag-communiques-officiels","tag-cotopaxi","tag-sommet","tag-volcan"],"_links":{"self":[{"href":"https:\/\/www.incatrek-ecuador.com\/blog\/wp-json\/wp\/v2\/posts\/2747","targetHints":{"allow":["GET"]}}],"collection":[{"href":"https:\/\/www.incatrek-ecuador.com\/blog\/wp-json\/wp\/v2\/posts"}],"about":[{"href":"https:\/\/www.incatrek-ecuador.com\/blog\/wp-json\/wp\/v2\/types\/post"}],"author":[{"embeddable":true,"href":"https:\/\/www.incatrek-ecuador.com\/blog\/wp-json\/wp\/v2\/users\/11"}],"replies":[{"embeddable":true,"href":"https:\/\/www.incatrek-ecuador.com\/blog\/wp-json\/wp\/v2\/comments?post=2747"}],"version-history":[{"count":0,"href":"https:\/\/www.incatrek-ecuador.com\/blog\/wp-json\/wp\/v2\/posts\/2747\/revisions"}],"wp:featuredmedia":[{"embeddable":true,"href":"https:\/\/www.incatrek-ecuador.com\/blog\/wp-json\/wp\/v2\/media\/2836"}],"wp:attachment":[{"href":"https:\/\/www.incatrek-ecuador.com\/blog\/wp-json\/wp\/v2\/media?parent=2747"}],"wp:term":[{"taxonomy":"category","embeddable":true,"href":"https:\/\/www.incatrek-ecuador.com\/blog\/wp-json\/wp\/v2\/categories?post=2747"},{"taxonomy":"post_tag","embeddable":true,"href":"https:\/\/www.incatrek-ecuador.com\/blog\/wp-json\/wp\/v2\/tags?post=2747"}],"curies":[{"name":"wp","href":"https:\/\/api.w.org\/{rel}","templated":true}]}}