{"id":310,"date":"2017-05-10T17:02:53","date_gmt":"2017-05-10T15:02:53","guid":{"rendered":"http:\/\/www.incatrek-ecuador.com\/blog\/?p=310"},"modified":"2019-12-13T21:38:01","modified_gmt":"2019-12-13T20:38:01","slug":"edward-whymper-histoire-equateur","status":"publish","type":"post","link":"https:\/\/www.incatrek-ecuador.com\/blog\/edward-whymper-histoire-equateur\/","title":{"rendered":"Edward Whymper"},"content":{"rendered":"<h1 style=\"text-align: center;\">Edward Whymper<\/h1>\n<p>Cet homme est s\u00fbrement un des pionniers de l&#8217;alpinisme et andinisme: le Britannique Edward Whymper. N\u00e9 un 27 Avril 1840, \u00e0 Londres fils d&#8217;artiste, rien ne le destinait \u00e0 devenir une ic\u00f4ne dans le monde tr\u00e8s ferm\u00e9 de l&#8217;alpinisme de l&#8217;\u00e9poque.<\/p>\n<p>Depuis son plus jeune \u00e2ge, il re\u00e7oit une formation d&#8217;illustrateur-graveur. C&#8217;est alors qu&#8217;\u00e0\u00a020 ans il rencontra pour la premi\u00e8re fois ce qui sera l&#8217;amour de sa vie, la montagne. En 1860 il est envoy\u00e9 en mission pour graver et dessiner des sc\u00e8nes d&#8217;alpinisme\u00a0dans les Alpes et plus particuli\u00e8rement \u00e0 Chamonix.<\/p>\n<figure id=\"attachment_311\" aria-describedby=\"caption-attachment-311\" style=\"width: 191px\" class=\"wp-caption aligncenter\"><img fetchpriority=\"high\" decoding=\"async\" class=\"size-medium wp-image-311\" src=\"http:\/\/www.incatrek-ecuador.com\/blog\/wp-content\/uploads\/2017\/05\/WHYMPER-191x300.jpeg\" alt=\"alpinisme-equateur\" width=\"191\" height=\"300\" srcset=\"https:\/\/www.incatrek-ecuador.com\/blog\/wp-content\/uploads\/2017\/05\/WHYMPER-191x300.jpeg 191w, https:\/\/www.incatrek-ecuador.com\/blog\/wp-content\/uploads\/2017\/05\/WHYMPER.jpeg 224w\" sizes=\"(max-width: 191px) 100vw, 191px\" \/><figcaption id=\"caption-attachment-311\" class=\"wp-caption-text\">Edward Whymper<\/figcaption><\/figure>\n<p>&nbsp;<\/p>\n<h2 style=\"text-align: center;\">Whymper et les Alpes<\/h2>\n<p>Au d\u00e9but, les montagnes ne provoquent en lui que peu d&#8217;\u00e9motions. Ses mots au sujet du mont Cervin furent &#8220;un pain de sucre dont la t\u00eate est de travers&#8221;. Cela n&#8217;envisageait rien de bon quant \u00e0 la suite de son s\u00e9jour alpin. Cependant, un concours de circonstances le pla\u00e7a\u00a0dans une cord\u00e9e pour atteindre le \u00a0sommet du mont Pelvoux en 1861. Lors de son arriv\u00e9e au sommet, Edward Whymper d\u00e9couvrit un autre sommet voisin, la barre des \u00c9crins. Ce sommet sera vaincu pour la premi\u00e8re fois par Edward Whymper en 1864 durant ses ascensions d&#8217;entra\u00eenement pour le mont Cervin.<\/p>\n<p>L&#8217;ann\u00e9e 1865 fut celle des premi\u00e8res fois pour Edward. L&#8217;aiguille verte, la grande Jorasse (pointe portant son nom aujourd&#8217;hui) mais surtout le fameux mont Cervin ou Matterhorn.<\/p>\n<div id='gallery-1' class='gallery galleryid-310 gallery-columns-1 gallery-size-large'><figure class='gallery-item'>\n\t\t\t<div class='gallery-icon landscape'>\n\t\t\t\t<a href='https:\/\/www.incatrek-ecuador.com\/blog\/edward-whymper-histoire-equateur\/aiguille-verte\/'><img decoding=\"async\" width=\"600\" height=\"600\" src=\"https:\/\/www.incatrek-ecuador.com\/blog\/wp-content\/uploads\/2017\/05\/aiguille-verte.jpg\" class=\"attachment-large size-large\" alt=\"alpes-voyage-equateur\" aria-describedby=\"gallery-1-314\" srcset=\"https:\/\/www.incatrek-ecuador.com\/blog\/wp-content\/uploads\/2017\/05\/aiguille-verte.jpg 600w, https:\/\/www.incatrek-ecuador.com\/blog\/wp-content\/uploads\/2017\/05\/aiguille-verte-150x150.jpg 150w, https:\/\/www.incatrek-ecuador.com\/blog\/wp-content\/uploads\/2017\/05\/aiguille-verte-300x300.jpg 300w, https:\/\/www.incatrek-ecuador.com\/blog\/wp-content\/uploads\/2017\/05\/aiguille-verte-370x370.jpg 370w, https:\/\/www.incatrek-ecuador.com\/blog\/wp-content\/uploads\/2017\/05\/aiguille-verte-570x570.jpg 570w, https:\/\/www.incatrek-ecuador.com\/blog\/wp-content\/uploads\/2017\/05\/aiguille-verte-580x580.jpg 580w\" sizes=\"(max-width: 600px) 100vw, 600px\" \/><\/a>\n\t\t\t<\/div>\n\t\t\t\t<figcaption class='wp-caption-text gallery-caption' id='gallery-1-314'>\n\t\t\t\t         Aiguille verte\n\t\t\t\t<\/figcaption><\/figure><figure class='gallery-item'>\n\t\t\t<div class='gallery-icon landscape'>\n\t\t\t\t<a href='https:\/\/www.incatrek-ecuador.com\/blog\/edward-whymper-histoire-equateur\/whymper-jorasse\/'><img decoding=\"async\" width=\"1000\" height=\"350\" src=\"https:\/\/www.incatrek-ecuador.com\/blog\/wp-content\/uploads\/2017\/05\/whymper-jorasse.jpg\" class=\"attachment-large size-large\" alt=\"alpes-whymper\" aria-describedby=\"gallery-1-315\" srcset=\"https:\/\/www.incatrek-ecuador.com\/blog\/wp-content\/uploads\/2017\/05\/whymper-jorasse.jpg 1000w, https:\/\/www.incatrek-ecuador.com\/blog\/wp-content\/uploads\/2017\/05\/whymper-jorasse-300x105.jpg 300w, https:\/\/www.incatrek-ecuador.com\/blog\/wp-content\/uploads\/2017\/05\/whymper-jorasse-768x269.jpg 768w, https:\/\/www.incatrek-ecuador.com\/blog\/wp-content\/uploads\/2017\/05\/whymper-jorasse-370x130.jpg 370w, https:\/\/www.incatrek-ecuador.com\/blog\/wp-content\/uploads\/2017\/05\/whymper-jorasse-570x200.jpg 570w, https:\/\/www.incatrek-ecuador.com\/blog\/wp-content\/uploads\/2017\/05\/whymper-jorasse-770x270.jpg 770w\" sizes=\"(max-width: 1000px) 100vw, 1000px\" \/><\/a>\n\t\t\t<\/div>\n\t\t\t\t<figcaption class='wp-caption-text gallery-caption' id='gallery-1-315'>\n\t\t\t\t     La grande Jorasse \n\t\t\t\t<\/figcaption><\/figure><figure class='gallery-item'>\n\t\t\t<div class='gallery-icon landscape'>\n\t\t\t\t<a href='https:\/\/www.incatrek-ecuador.com\/blog\/edward-whymper-histoire-equateur\/mont-cervin\/'><img loading=\"lazy\" decoding=\"async\" width=\"1024\" height=\"768\" src=\"https:\/\/www.incatrek-ecuador.com\/blog\/wp-content\/uploads\/2017\/05\/mont-cervin-1024x768.jpg\" class=\"attachment-large size-large\" alt=\"alpes-alpinisme-whymper\" aria-describedby=\"gallery-1-313\" srcset=\"https:\/\/www.incatrek-ecuador.com\/blog\/wp-content\/uploads\/2017\/05\/mont-cervin.jpg 1024w, https:\/\/www.incatrek-ecuador.com\/blog\/wp-content\/uploads\/2017\/05\/mont-cervin-300x225.jpg 300w, https:\/\/www.incatrek-ecuador.com\/blog\/wp-content\/uploads\/2017\/05\/mont-cervin-768x576.jpg 768w, https:\/\/www.incatrek-ecuador.com\/blog\/wp-content\/uploads\/2017\/05\/mont-cervin-370x278.jpg 370w, https:\/\/www.incatrek-ecuador.com\/blog\/wp-content\/uploads\/2017\/05\/mont-cervin-570x428.jpg 570w, https:\/\/www.incatrek-ecuador.com\/blog\/wp-content\/uploads\/2017\/05\/mont-cervin-770x578.jpg 770w, https:\/\/www.incatrek-ecuador.com\/blog\/wp-content\/uploads\/2017\/05\/mont-cervin-773x580.jpg 773w\" sizes=\"(max-width: 1024px) 100vw, 1024px\" \/><\/a>\n\t\t\t<\/div>\n\t\t\t\t<figcaption class='wp-caption-text gallery-caption' id='gallery-1-313'>\n\t\t\t\tmont Cervin ou Metterhorn\n\t\t\t\t<\/figcaption><\/figure>\n\t\t<\/div>\n\n<figure id=\"attachment_312\" aria-describedby=\"caption-attachment-312\" style=\"width: 225px\" class=\"wp-caption aligncenter\"><img loading=\"lazy\" decoding=\"async\" class=\"size-medium wp-image-312\" src=\"http:\/\/www.incatrek-ecuador.com\/blog\/wp-content\/uploads\/2017\/05\/michel-Croz-225x300.jpg\" alt=\"alpinisme-alpes\" width=\"225\" height=\"300\" srcset=\"https:\/\/www.incatrek-ecuador.com\/blog\/wp-content\/uploads\/2017\/05\/michel-Croz-225x300.jpg 225w, https:\/\/www.incatrek-ecuador.com\/blog\/wp-content\/uploads\/2017\/05\/michel-Croz-370x493.jpg 370w, https:\/\/www.incatrek-ecuador.com\/blog\/wp-content\/uploads\/2017\/05\/michel-Croz-570x760.jpg 570w, https:\/\/www.incatrek-ecuador.com\/blog\/wp-content\/uploads\/2017\/05\/michel-Croz-435x580.jpg 435w, https:\/\/www.incatrek-ecuador.com\/blog\/wp-content\/uploads\/2017\/05\/michel-Croz.jpg 720w\" sizes=\"(max-width: 225px) 100vw, 225px\" \/><figcaption id=\"caption-attachment-312\" class=\"wp-caption-text\">Le guide alpiniste Michel Croz<\/figcaption><\/figure>\n<p>Whymper fut le premier \u00e0 poser son pied au sommet du mont Cervin, un des plus durs des Alpes. Mais ce n&#8217;est qu&#8217;apr\u00e8s 4 ans d&#8217;\u00e9checs et en manquant de tutoyer\u00a0la mort \u00e0 plusieurs reprises qu&#8217;il parvient \u00e0 ses fins avec la cord\u00e9e emmen\u00e9e par le guide Croz. Cette ascension fut men\u00e9e par l&#8217;arr\u00eate Suisse &#8220;Hornli&#8221;. C&#8217;est alors qu&#8217;il a appris qu&#8217;une exp\u00e9dition \u00e9tait commandit\u00e9e par l&#8217;\u00c9tat Italien qu&#8217;il d\u00e9cida d&#8217;effectuer une nouvelle fois cette ascension, s&#8217;entourant des meilleurs. En effet, Edward whymper refusait qu&#8217;on lui vole son Cervin. Il s&#8217;\u00e9lan\u00e7a avec une cord\u00e9e de sept alpinistes. Croz et Whymper \u00e9tant les deux seuls alpinistes chevronn\u00e9s de la cord\u00e9e, ils effectuent la mont\u00e9e avec une certaine aisance par rapport\u00a0aux autres. Tout excit\u00e9 d&#8217;avoir r\u00e9ussi le pari d&#8217;une vie, Whymper ne fait pas attention dans la descente et les quatre premiers de cord\u00e9e firent une chute de 1200m. Croz faisait partie de ces quatre morts. Cette ascension fut la derni\u00e8re dans les Alpes pour Edward Whymper.<\/p>\n<p>Cette chute va hanter ses nuits jusqu&#8217;\u00e0 la fin de ses jours, se sentant coupable de la mort de 4 alpinistes.<\/p>\n<p style=\"text-align: center;\"><em><span class=\"citation\">\u00ab\u00a0Grimpez si vous le voulez, mais n&#8217;oubliez jamais que le courage et la force ne sont rien sans prudence, et qu&#8217;un seul moment de n\u00e9gligence peut d\u00e9truire une vie enti\u00e8re de bonheur.\u00a0\u00bb<\/span><\/em><\/p>\n<p style=\"text-align: center;\">Edward Whymper<\/p>\n<p style=\"text-align: left;\">Entre les ann\u00e9es 1867 et 1872, Edward Whymper a fait parti de l&#8217;exp\u00e9dition au Gro\u00ebnland organis\u00e9e par Robert Brown, c\u00e9l\u00e8bre explorateur \u00c9cossais. Cette exp\u00e9dition a pour but de d\u00e9couvrir des plantes fossilis\u00e9es aujourd&#8217;hui expos\u00e9es au Bristish Museum.<\/p>\n<h2 style=\"text-align: center;\">Whymper et l&#8217;\u00c9quateur<\/h2>\n<p style=\"text-align: left;\">En 1880, Edward Whymper organisa une exp\u00e9dition en \u00c9quateur pour \u00e9tudier le mal aigu des montagnes et les effets d&#8217;une pression atmosph\u00e9rique r\u00e9duite sur le corps humain.<\/p>\n<p style=\"text-align: left;\">Whymper fut le premier \u00e0 effectuer 9 nouveaux sommets\u00a0de la cordill\u00e8re des Andes en \u00c9quateur. Ceci est un exploit pour la fin du XIXe si\u00e8cle.<\/p>\n<p style=\"text-align: left;\">L&#8217;alpiniste britannique gravit deux fois le sommet du Chimborazo (6 270m) (plus haut sommet d&#8217;\u00c9quateur), la premi\u00e8re fois le 4 janvier et la seconde fois le 3 juillet par ce qui reste aujourd&#8217;hui la route normale. Aujourd&#8217;hui, le refuge le plus haut du Chimborazo porte son nom en hommage \u00e0 la premi\u00e8re ascension d&#8217;Edward Whymper.<\/p>\n<p style=\"text-align: left;\">Les premiers sommets gravis par Whymper en \u00c9quateur:<\/p>\n<ul>\n<li style=\"text-align: left;\">Sincholagua le 23 f\u00e9vrier (4 873m)<\/li>\n<li style=\"text-align: left;\">Antisana la 10 mars (5 753m)<\/li>\n<li style=\"text-align: left;\">Guagua Pichincha le 22 mars (4 784m)<\/li>\n<li style=\"text-align: left;\">Cayambe le 4 avril (5 790m)<\/li>\n<li style=\"text-align: left;\">Sara-Urcu le 17 avril (4 676m)<\/li>\n<li style=\"text-align: left;\">Cotacachi le 24 avril (4 944m)<\/li>\n<li style=\"text-align: left;\">Illiniza le 4 mai (5 248m)<\/li>\n<li style=\"text-align: left;\">Caihuairazo le 29 juin (5 018m)<\/li>\n<\/ul>\n<div id='gallery-2' class='gallery galleryid-310 gallery-columns-2 gallery-size-large'><figure class='gallery-item'>\n\t\t\t<div class='gallery-icon landscape'>\n\t\t\t\t<a href='https:\/\/www.incatrek-ecuador.com\/blog\/edward-whymper-histoire-equateur\/sony-dsc\/'><img loading=\"lazy\" decoding=\"async\" width=\"1024\" height=\"575\" src=\"https:\/\/www.incatrek-ecuador.com\/blog\/wp-content\/uploads\/2017\/05\/antisana-equateur-1024x575.jpg\" class=\"attachment-large size-large\" alt=\"voyage-blog\" aria-describedby=\"gallery-2-319\" srcset=\"https:\/\/www.incatrek-ecuador.com\/blog\/wp-content\/uploads\/2017\/05\/antisana-equateur.jpg 1024w, https:\/\/www.incatrek-ecuador.com\/blog\/wp-content\/uploads\/2017\/05\/antisana-equateur-300x168.jpg 300w, https:\/\/www.incatrek-ecuador.com\/blog\/wp-content\/uploads\/2017\/05\/antisana-equateur-768x431.jpg 768w, https:\/\/www.incatrek-ecuador.com\/blog\/wp-content\/uploads\/2017\/05\/antisana-equateur-370x208.jpg 370w, https:\/\/www.incatrek-ecuador.com\/blog\/wp-content\/uploads\/2017\/05\/antisana-equateur-570x320.jpg 570w, https:\/\/www.incatrek-ecuador.com\/blog\/wp-content\/uploads\/2017\/05\/antisana-equateur-770x432.jpg 770w\" sizes=\"(max-width: 1024px) 100vw, 1024px\" \/><\/a>\n\t\t\t<\/div>\n\t\t\t\t<figcaption class='wp-caption-text gallery-caption' id='gallery-2-319'>\n\t\t\t\tLa Parc Antisana\n\t\t\t\t<\/figcaption><\/figure><figure class='gallery-item'>\n\t\t\t<div class='gallery-icon landscape'>\n\t\t\t\t<a href='https:\/\/www.incatrek-ecuador.com\/blog\/edward-whymper-histoire-equateur\/sincho-pour-meurtre-de-sang-froid\/'><img loading=\"lazy\" decoding=\"async\" width=\"1024\" height=\"577\" src=\"https:\/\/www.incatrek-ecuador.com\/blog\/wp-content\/uploads\/2017\/05\/sincholagua-1024x577.jpg\" class=\"attachment-large size-large\" alt=\"equateur-andes\" aria-describedby=\"gallery-2-320\" srcset=\"https:\/\/www.incatrek-ecuador.com\/blog\/wp-content\/uploads\/2017\/05\/sincholagua-1024x577.jpg 1024w, https:\/\/www.incatrek-ecuador.com\/blog\/wp-content\/uploads\/2017\/05\/sincholagua-300x169.jpg 300w, https:\/\/www.incatrek-ecuador.com\/blog\/wp-content\/uploads\/2017\/05\/sincholagua-768x432.jpg 768w, https:\/\/www.incatrek-ecuador.com\/blog\/wp-content\/uploads\/2017\/05\/sincholagua-370x208.jpg 370w, https:\/\/www.incatrek-ecuador.com\/blog\/wp-content\/uploads\/2017\/05\/sincholagua-570x321.jpg 570w, https:\/\/www.incatrek-ecuador.com\/blog\/wp-content\/uploads\/2017\/05\/sincholagua-770x434.jpg 770w, https:\/\/www.incatrek-ecuador.com\/blog\/wp-content\/uploads\/2017\/05\/sincholagua-1170x659.jpg 1170w, https:\/\/www.incatrek-ecuador.com\/blog\/wp-content\/uploads\/2017\/05\/sincholagua-1030x580.jpg 1030w, https:\/\/www.incatrek-ecuador.com\/blog\/wp-content\/uploads\/2017\/05\/sincholagua.jpg 2048w\" sizes=\"(max-width: 1024px) 100vw, 1024px\" \/><\/a>\n\t\t\t<\/div>\n\t\t\t\t<figcaption class='wp-caption-text gallery-caption' id='gallery-2-320'>\n\t\t\t\tSincholagua\n\t\t\t\t<\/figcaption><\/figure><figure class='gallery-item'>\n\t\t\t<div class='gallery-icon landscape'>\n\t\t\t\t<a href='https:\/\/www.incatrek-ecuador.com\/blog\/edward-whymper-histoire-equateur\/sony-dsc-3\/'><img loading=\"lazy\" decoding=\"async\" width=\"1024\" height=\"680\" src=\"https:\/\/www.incatrek-ecuador.com\/blog\/wp-content\/uploads\/2017\/05\/illiniza-1024x680.jpg\" class=\"attachment-large size-large\" alt=\"\" aria-describedby=\"gallery-2-322\" srcset=\"https:\/\/www.incatrek-ecuador.com\/blog\/wp-content\/uploads\/2017\/05\/illiniza.jpg 1024w, https:\/\/www.incatrek-ecuador.com\/blog\/wp-content\/uploads\/2017\/05\/illiniza-300x199.jpg 300w, https:\/\/www.incatrek-ecuador.com\/blog\/wp-content\/uploads\/2017\/05\/illiniza-768x510.jpg 768w, https:\/\/www.incatrek-ecuador.com\/blog\/wp-content\/uploads\/2017\/05\/illiniza-370x246.jpg 370w, https:\/\/www.incatrek-ecuador.com\/blog\/wp-content\/uploads\/2017\/05\/illiniza-270x180.jpg 270w, https:\/\/www.incatrek-ecuador.com\/blog\/wp-content\/uploads\/2017\/05\/illiniza-570x379.jpg 570w, https:\/\/www.incatrek-ecuador.com\/blog\/wp-content\/uploads\/2017\/05\/illiniza-770x511.jpg 770w, https:\/\/www.incatrek-ecuador.com\/blog\/wp-content\/uploads\/2017\/05\/illiniza-873x580.jpg 873w\" sizes=\"(max-width: 1024px) 100vw, 1024px\" \/><\/a>\n\t\t\t<\/div>\n\t\t\t\t<figcaption class='wp-caption-text gallery-caption' id='gallery-2-322'>\n\t\t\t\tIlliniza\n\t\t\t\t<\/figcaption><\/figure><figure class='gallery-item'>\n\t\t\t<div class='gallery-icon landscape'>\n\t\t\t\t<a href='https:\/\/www.incatrek-ecuador.com\/blog\/edward-whymper-histoire-equateur\/culcitium-canescens-asteraceae\/'><img loading=\"lazy\" decoding=\"async\" width=\"1024\" height=\"768\" src=\"https:\/\/www.incatrek-ecuador.com\/blog\/wp-content\/uploads\/2017\/05\/cayambe-1024x768.jpg\" class=\"attachment-large size-large\" alt=\"\" aria-describedby=\"gallery-2-323\" srcset=\"https:\/\/www.incatrek-ecuador.com\/blog\/wp-content\/uploads\/2017\/05\/cayambe-1024x768.jpg 1024w, https:\/\/www.incatrek-ecuador.com\/blog\/wp-content\/uploads\/2017\/05\/cayambe-300x225.jpg 300w, https:\/\/www.incatrek-ecuador.com\/blog\/wp-content\/uploads\/2017\/05\/cayambe-768x576.jpg 768w, https:\/\/www.incatrek-ecuador.com\/blog\/wp-content\/uploads\/2017\/05\/cayambe-370x278.jpg 370w, https:\/\/www.incatrek-ecuador.com\/blog\/wp-content\/uploads\/2017\/05\/cayambe-570x428.jpg 570w, https:\/\/www.incatrek-ecuador.com\/blog\/wp-content\/uploads\/2017\/05\/cayambe-770x578.jpg 770w, https:\/\/www.incatrek-ecuador.com\/blog\/wp-content\/uploads\/2017\/05\/cayambe-1170x878.jpg 1170w, https:\/\/www.incatrek-ecuador.com\/blog\/wp-content\/uploads\/2017\/05\/cayambe-773x580.jpg 773w, https:\/\/www.incatrek-ecuador.com\/blog\/wp-content\/uploads\/2017\/05\/cayambe.jpg 2048w\" sizes=\"(max-width: 1024px) 100vw, 1024px\" \/><\/a>\n\t\t\t<\/div>\n\t\t\t\t<figcaption class='wp-caption-text gallery-caption' id='gallery-2-323'>\n\t\t\t\tCayambe\n\t\t\t\t<\/figcaption><\/figure>\n\t\t<\/div>\n\n<p>Pendant les 6 mois pass\u00e9s sur place, ils dormiront en tout 36 nuits \u00e0 plus de 4000m d&#8217;altitude dont une nuit au sommet du Cotopaxi \u00e0 plus de 5 800m.<\/p>\n<p>En 1892, Edward Whymper publia ses r\u00e9cits dans l&#8217;ouvrage\u00a0<em>Voyages \u00e0 travers les grandes Andes de l&#8217;\u00c9quateur (<span class=\"lang-en\" lang=\"en\">Travels amongst the Great Andes of the Equator). <\/span><\/em><span class=\"lang-en\" lang=\"en\">Ce livre est une des cl\u00e9s de la compr\u00e9hension de la vie \u00e0 tr\u00e8s haute altitude dans une r\u00e9gion inconnue \u00e0 cette \u00e9poque par le monde occidental.\u00a0<\/span><\/p>\n<p style=\"text-align: center;\"><em><span class=\"citation\">\u00ab\u00a0N&#8217;agissez jamais \u00e0 la h\u00e2te, prenez garde au moindre pas. Et d\u00e8s le d\u00e9but, pensez que ce pourrait \u00eatre la fin.\u00a0\u00bb<\/span><\/em><\/p>\n<p style=\"text-align: center;\">Edward Whymper<\/p>\n<p style=\"text-align: left;\">\u00a0Il meurt seul dans une chambre d&#8217;h\u00f4tel refusant tout traitement m\u00e9dical, le 16 septembre 1911, \u00e0 l&#8217;\u00e2ge de 71 ans. Il est aujourd&#8217;hui enterr\u00e9 au cimeti\u00e8re anglais de Chamonix.<\/p>\n<p style=\"text-align: left;\">De nombreuses routes portent aujourd&#8217;hui le nom de ce pr\u00e9curseur\u00a0\u00a0de l&#8217;alpinisme respect\u00e9 de tous.<\/p>\n","protected":false},"excerpt":{"rendered":"<p>Edward Whymper Cet homme est s\u00fbrement un des pionniers de l&#8217;alpinisme et andinisme: le Britannique Edward Whymper. N\u00e9 un 27 [&hellip;]<\/p>\n","protected":false},"author":3,"featured_media":332,"comment_status":"closed","ping_status":"closed","sticky":false,"template":"","format":"standard","meta":{"_eb_attr":"","_exactmetrics_skip_tracking":false,"_exactmetrics_sitenote_active":false,"_exactmetrics_sitenote_note":"","_exactmetrics_sitenote_category":0,"_monsterinsights_skip_tracking":false,"_monsterinsights_sitenote_active":false,"_monsterinsights_sitenote_note":"","_monsterinsights_sitenote_category":0,"site-sidebar-layout":"default","site-content-layout":"","ast-site-content-layout":"","site-content-style":"default","site-sidebar-style":"default","ast-global-header-display":"","ast-banner-title-visibility":"","ast-main-header-display":"","ast-hfb-above-header-display":"","ast-hfb-below-header-display":"","ast-hfb-mobile-header-display":"","site-post-title":"","ast-breadcrumbs-content":"","ast-featured-img":"","footer-sml-layout":"","theme-transparent-header-meta":"","adv-header-id-meta":"","stick-header-meta":"","header-above-stick-meta":"","header-main-stick-meta":"","header-below-stick-meta":"","astra-migrate-meta-layouts":"default","ast-page-background-enabled":"default","ast-page-background-meta":{"desktop":{"background-color":"var(--ast-global-color-4)","background-image":"","background-repeat":"repeat","background-position":"center center","background-size":"auto","background-attachment":"scroll","background-type":"","background-media":"","overlay-type":"","overlay-color":"","overlay-opacity":"","overlay-gradient":""},"tablet":{"background-color":"","background-image":"","background-repeat":"repeat","background-position":"center center","background-size":"auto","background-attachment":"scroll","background-type":"","background-media":"","overlay-type":"","overlay-color":"","overlay-opacity":"","overlay-gradient":""},"mobile":{"background-color":"","background-image":"","background-repeat":"repeat","background-position":"center center","background-size":"auto","background-attachment":"scroll","background-type":"","background-media":"","overlay-type":"","overlay-color":"","overlay-opacity":"","overlay-gradient":""}},"ast-content-background-meta":{"desktop":{"background-color":"var(--ast-global-color-5)","background-image":"","background-repeat":"repeat","background-position":"center center","background-size":"auto","background-attachment":"scroll","background-type":"","background-media":"","overlay-type":"","overlay-color":"","overlay-opacity":"","overlay-gradient":""},"tablet":{"background-color":"var(--ast-global-color-5)","background-image":"","background-repeat":"repeat","background-position":"center center","background-size":"auto","background-attachment":"scroll","background-type":"","background-media":"","overlay-type":"","overlay-color":"","overlay-opacity":"","overlay-gradient":""},"mobile":{"background-color":"var(--ast-global-color-5)","background-image":"","background-repeat":"repeat","background-position":"center center","background-size":"auto","background-attachment":"scroll","background-type":"","background-media":"","overlay-type":"","overlay-color":"","overlay-opacity":"","overlay-gradient":""}},"_joinchat":[],"footnotes":""},"categories":[7],"tags":[],"class_list":["post-310","post","type-post","status-publish","format-standard","has-post-thumbnail","hentry","category-traditions-dequateur"],"_links":{"self":[{"href":"https:\/\/www.incatrek-ecuador.com\/blog\/wp-json\/wp\/v2\/posts\/310","targetHints":{"allow":["GET"]}}],"collection":[{"href":"https:\/\/www.incatrek-ecuador.com\/blog\/wp-json\/wp\/v2\/posts"}],"about":[{"href":"https:\/\/www.incatrek-ecuador.com\/blog\/wp-json\/wp\/v2\/types\/post"}],"author":[{"embeddable":true,"href":"https:\/\/www.incatrek-ecuador.com\/blog\/wp-json\/wp\/v2\/users\/3"}],"replies":[{"embeddable":true,"href":"https:\/\/www.incatrek-ecuador.com\/blog\/wp-json\/wp\/v2\/comments?post=310"}],"version-history":[{"count":0,"href":"https:\/\/www.incatrek-ecuador.com\/blog\/wp-json\/wp\/v2\/posts\/310\/revisions"}],"wp:featuredmedia":[{"embeddable":true,"href":"https:\/\/www.incatrek-ecuador.com\/blog\/wp-json\/wp\/v2\/media\/332"}],"wp:attachment":[{"href":"https:\/\/www.incatrek-ecuador.com\/blog\/wp-json\/wp\/v2\/media?parent=310"}],"wp:term":[{"taxonomy":"category","embeddable":true,"href":"https:\/\/www.incatrek-ecuador.com\/blog\/wp-json\/wp\/v2\/categories?post=310"},{"taxonomy":"post_tag","embeddable":true,"href":"https:\/\/www.incatrek-ecuador.com\/blog\/wp-json\/wp\/v2\/tags?post=310"}],"curies":[{"name":"wp","href":"https:\/\/api.w.org\/{rel}","templated":true}]}}