{"id":3491,"date":"2024-04-10T13:35:44","date_gmt":"2024-04-10T11:35:44","guid":{"rendered":"https:\/\/www.incatrek-ecuador.com\/blog\/?p=3491"},"modified":"2024-04-13T15:12:20","modified_gmt":"2024-04-13T13:12:20","slug":"fuite-et-conflit-diplomatique-jorge-glas-ancien-vice-president-incarcere-et-lincursion-equatorienne-dans-lambassade-du-mexique-perspective-equatorienne","status":"publish","type":"post","link":"https:\/\/www.incatrek-ecuador.com\/blog\/fuite-et-conflit-diplomatique-jorge-glas-ancien-vice-president-incarcere-et-lincursion-equatorienne-dans-lambassade-du-mexique-perspective-equatorienne\/","title":{"rendered":"Fuite et conflit diplomatique : Jorge Glas, ancien vice-pr\u00e9sident incarc\u00e9r\u00e9, et l&#8217;incursion \u00e9quatorienne dans l&#8217;ambassade du Mexique (Perspective \u00c9quatorienne)"},"content":{"rendered":"\n<p><em>L&#8217;\u00e9vasion de Jorge Glas, ex-vice-pr\u00e9sident de l&#8217;\u00c9quateur, de sa d\u00e9tention, \u00e0 sa fuite en passant par l&#8217;incursion subs\u00e9quente des forces \u00e9quatoriennes dans l&#8217;ambassade du Mexique ont suscit\u00e9 un conflit diplomatique. Ces \u00e9v\u00e9nements ont captiv\u00e9 l&#8217;attention internationale et ont raviv\u00e9 les tensions politiques. Cette situation sans pr\u00e9c\u00e9dent dans l&#8217;histoire de la diplomatie internationale soul\u00e8ve une multitude de questions cruciales, mais nous nous concentrerons exclusivement sur les faits, afin d&#8217;offrir une compr\u00e9hension claire et objective des \u00e9v\u00e9nements en question.<\/em><\/p>\n\n\n\n<p><strong>Points Importants \u00e0 Retenir :<\/strong><\/p>\n\n\n\n<ul class=\"wp-block-list\">\n<li>Jorge Glas, ancien vice-pr\u00e9sident de l&#8217;\u00c9quateur, a \u00e9t\u00e9 condamn\u00e9 \u00e0 la prison pour des affaires de corruption.<\/li>\n\n\n\n<li>Apr\u00e8s avoir \u00e9t\u00e9 lib\u00e9r\u00e9 sur parole, il a trouv\u00e9 refuge \u00e0 l&#8217;ambassade du Mexique \u00e0 Quito en tant que &#8220;h\u00f4te&#8221;, demandeur d&#8217;asile politique.<\/li>\n\n\n\n<li>Le conflit diplomatique entre l&#8217;\u00c9quateur et le Mexique a \u00e9t\u00e9 exacerb\u00e9 par l&#8217;arrestation de Glas \u00e0 l&#8217;ambassade mexicaine.<\/li>\n\n\n\n<li>Le Mexique a accord\u00e9 l&#8217;asile politique \u00e0 Glas, malgr\u00e9 la d\u00e9claration de &#8220;persona non grata&#8221; de son ambassadrice \u00e0 Quito par le gouvernement \u00e9quatorien.<\/li>\n<\/ul>\n\n\n\n<p><\/p>\n\n\n\n<figure class=\"wp-block-image aligncenter size-large is-resized\"><img fetchpriority=\"high\" decoding=\"async\" width=\"1024\" height=\"666\" src=\"https:\/\/www.incatrek-ecuador.com\/blog\/wp-content\/uploads\/2024\/04\/jorge-glas-ancien-vice-president-equateur-1024x666.jpg\" alt=\"Ex vice-pr\u00e9sident Jorge Glas\" class=\"wp-image-3552\" style=\"width:auto;height:400px\" srcset=\"https:\/\/www.incatrek-ecuador.com\/blog\/wp-content\/uploads\/2024\/04\/jorge-glas-ancien-vice-president-equateur-1024x666.jpg 1024w, https:\/\/www.incatrek-ecuador.com\/blog\/wp-content\/uploads\/2024\/04\/jorge-glas-ancien-vice-president-equateur-300x195.jpg 300w, https:\/\/www.incatrek-ecuador.com\/blog\/wp-content\/uploads\/2024\/04\/jorge-glas-ancien-vice-president-equateur-768x500.jpg 768w, https:\/\/www.incatrek-ecuador.com\/blog\/wp-content\/uploads\/2024\/04\/jorge-glas-ancien-vice-president-equateur.jpg 1030w\" sizes=\"(max-width: 1024px) 100vw, 1024px\" \/><figcaption class=\"wp-element-caption\">Ex vice-pr\u00e9sident Jorge Glas (Cr\u00e9dit : El Universo)<\/figcaption><\/figure>\n\n\n\n<h2 class=\"wp-block-heading\">Deux perspectives contradictoires : Conflit autour de l&#8217;asile de Jorge Glas<\/h2>\n\n\n\n<p>D&#8217;un c\u00f4t\u00e9, le gouvernement \u00e9quatorien insiste sur le fait qu&#8217;un individu condamn\u00e9 en libert\u00e9 conditionnelle et qui fuit son pays est consid\u00e9r\u00e9 comme un fugitif et un \u00e9vad\u00e9. Cette interpr\u00e9tation d\u00e9coule de la violation des conditions de lib\u00e9ration en quittant ill\u00e9galement le territoire o\u00f9 la peine doit \u00eatre purg\u00e9e. De plus, l&#8217;annonce de la d\u00e9claration de &#8220;persona non grata&#8221; de l&#8217;ambassadrice en date du 4 avril a ajout\u00e9 une complexit\u00e9 suppl\u00e9mentaire. Selon la Convention de Vienne, cette d\u00e9claration pourrait invalider la demande d&#8217;asile de Jorge Glas, h\u00e9berg\u00e9 \u00e0 l&#8217;ambassade du Mexique \u00e0 Quito. L&#8217;\u00c9quateur a de plus invoqu\u00e9 la Convention de Caracas sur l&#8217;asile politique (1954), qui stipule : &#8220;<em>Il n&#8217;est pas l\u00e9gal d&#8217;accorder l&#8217;asile \u00e0 des personnes qui, au moment de la demande d&#8217;asile, sont accus\u00e9es ou font l&#8217;objet de poursuites devant les tribunaux ordinaires comp\u00e9tents pour des crimes ordinaires, ou qui ont \u00e9t\u00e9 reconnues coupables de tels crimes et condamn\u00e9es par ces tribunaux, sans avoir purg\u00e9 les peines respectives.<\/em>&#8221; <\/p>\n\n\n\n<p>D&#8217;un autre c\u00f4t\u00e9, depuis le d\u00e9p\u00f4t de sa demande d&#8217;asile le 17 d\u00e9cembre 2023, Jorge Glas est rest\u00e9 en tant qu&#8217;invit\u00e9 au sein de l&#8217;ambassade, et la demande d&#8217;asile a \u00e9t\u00e9 accord\u00e9e le 5 avril. Le gouvernement mexicain, invoquant les dispositions de la Convention sur l&#8217;Asile Diplomatique de 1954, rappelle que le Mexique est seul habilit\u00e9 \u00e0 qualifier la nature de la pers\u00e9cution contre les demandeurs d&#8217;asile politique. Selon cet accord international, la d\u00e9cision de maintenir l&#8217;asile doit \u00eatre respect\u00e9e par l&#8217;\u00c9tat territorial, en l&#8217;occurrence l&#8217;\u00c9quateur. Une fois l&#8217;asile accord\u00e9, l&#8217;\u00c9tat asilant peut demander le d\u00e9part de l&#8217;asylum vers un territoire \u00e9tranger, et l&#8217;\u00c9tat territorial est tenu de d\u00e9livrer imm\u00e9diatement le sauf-conduit correspondant. La d\u00e9claration d&#8217;asile politique est un acte souverain de l&#8217;\u00c9tat et logiquement non soumis \u00e0 un examen par le pays d&#8217;o\u00f9 la personne serait en fuite. Le gouvernement mexicain a \u00e9galement rappel\u00e9 que l&#8217;ambassade est consid\u00e9r\u00e9e comme un territoire \u00e9tranger appartenant audit pays de l&#8217;ambassade et qu&#8217;elle est pr\u00e9serv\u00e9e sous la Convention de Vienne. <\/p>\n\n\n\n<p>Ces deux points de vue oppos\u00e9s refl\u00e8tent la complexit\u00e9 du conflit autour de l&#8217;asile de Jorge Glas et mettent en lumi\u00e8re les tensions diplomatiques entre l&#8217;\u00c9quateur et le Mexique.<\/p>\n\n\n\n<p>Vendredi 12 avril, la justice \u00e9quatorienne a qualifi\u00e9 l&#8217;arrestation de Glas dans l&#8217;ambassade du Mexique \u00e0 Quito d&#8221;<em>ill\u00e9gale et arbitraire&#8221;<\/em> faute d&#8217;\u00e9mission d&#8217;un mandat de perquisition par un tribunal comp\u00e9tent.<\/p>\n\n\n\n<figure class=\"wp-block-image aligncenter size-full is-resized\"><img decoding=\"async\" width=\"1005\" height=\"670\" src=\"https:\/\/www.incatrek-ecuador.com\/blog\/wp-content\/uploads\/2024\/04\/intrusion-forces-equatoriennes-ambassade-mexique.jpg\" alt=\"Intrusion des forces arm\u00e9es \u00e9quatoriennes dans l'ambassade du Mexique \u00e0 Quito\" class=\"wp-image-3551\" style=\"width:auto;height:400px\" srcset=\"https:\/\/www.incatrek-ecuador.com\/blog\/wp-content\/uploads\/2024\/04\/intrusion-forces-equatoriennes-ambassade-mexique.jpg 1005w, https:\/\/www.incatrek-ecuador.com\/blog\/wp-content\/uploads\/2024\/04\/intrusion-forces-equatoriennes-ambassade-mexique-300x200.jpg 300w, https:\/\/www.incatrek-ecuador.com\/blog\/wp-content\/uploads\/2024\/04\/intrusion-forces-equatoriennes-ambassade-mexique-768x512.jpg 768w\" sizes=\"(max-width: 1005px) 100vw, 1005px\" \/><figcaption class=\"wp-element-caption\">Intrusion des forces arm\u00e9es \u00e9quatoriennes dans l&#8217;ambassade du Mexique \u00e0 Quito (Cr\u00e9dit : El Universo)<\/figcaption><\/figure>\n\n\n\n<h2 class=\"wp-block-heading\">Chronologie des \u00e9v\u00e9nements<\/h2>\n\n\n\n<ol class=\"wp-block-list\">\n<li><strong>Condamnation et Libert\u00e9 Conditionnelle<\/strong> : Jorge Glas a \u00e9t\u00e9 condamn\u00e9 \u00e0 six et huit ans de prison ferme pour des affaires de corruption. Incarc\u00e9r\u00e9 \u00e0 la prison de la Roca, il a \u00e9t\u00e9 lib\u00e9r\u00e9 sur parole avec l&#8217;obligation de se pr\u00e9senter une fois par semaine.<\/li>\n\n\n\n<li><strong>Asile Politique<\/strong> : Apr\u00e8s avoir d\u00e9pos\u00e9 une demande d&#8217;asile politique le 17 d\u00e9cembre 2023, Jorge Glas a \u00e9t\u00e9 accueilli \u00e0 l&#8217;ambassade du Mexique en tant qu&#8217;invit\u00e9 (&#8220;h\u00f4te&#8221;). Il est demeur\u00e9 au sein de l&#8217;ambassade en attendant la d\u00e9cision sur sa demande d&#8217;asile.<\/li>\n\n\n\n<li><strong>D\u00e9claration de Persona Non Grata<\/strong> : Le 4 avril 2024, en r\u00e9action aux d\u00e9clarations du pr\u00e9sident mexicain concernant les \u00e9lections anticip\u00e9es d\u2019ao\u00fbt 2023 et l\u2019assassinat d&#8217;un ancien candidat \u00e0 la pr\u00e9sidence, le gouvernement \u00e9quatorien a d\u00e9clar\u00e9 &#8220;persona non grata&#8221; l\u2019ambassadrice du Mexique \u00e0 Quito, Raquel Serur Smeke. Il lui a \u00e9t\u00e9 demand\u00e9 de quitter le territoire.<\/li>\n\n\n\n<li><strong>Asile Accord\u00e9 par le Mexique<\/strong> : Le 5 avril, la demande d&#8217;asile de l&#8217;ancien vice-pr\u00e9sident Jorge Glas a \u00e9t\u00e9 accept\u00e9e par le gouvernement mexicain. En cons\u00e9quence, le Mexique a imm\u00e9diatement sollicit\u00e9 un laissez-passer \u00e0 l&#8217;\u00c9quateur.<\/li>\n\n\n\n<li><strong>Intrusion dans la l&#8217;ambassade du Mexique<\/strong> : Dans la nuit du 5 au 6 avril 2024, les forces \u00e9quatoriennes ont fait irruption dans l&#8217;ambassade mexicaine.<\/li>\n\n\n\n<li><strong>Fuite et Retour en Prison<\/strong> : Jorge Glas a \u00e9t\u00e9 captur\u00e9 le 5 avril 2024 \u00e0 l&#8217;ambassade du Mexique \u00e0 Quito, puis ramen\u00e9 \u00e0 la prison de La Roca le 9 avril apr\u00e8s avoir \u00e9t\u00e9 lib\u00e9r\u00e9 de l\u2019H\u00f4pital Naval, o\u00f9 il avait re\u00e7u un cong\u00e9 m\u00e9dical.<\/li>\n\n\n\n<li><strong>Demande de &#8220;Habeas Corpus<\/strong>&#8221; : Le 7 avril, la d\u00e9fense de Jorge Glas a d\u00e9pos\u00e9 une demande de &#8220;habeas corpus&#8221; qui sera examin\u00e9e par l\u2019Unit\u00e9 Judiciaire Sp\u00e9cialis\u00e9e des Garanties P\u00e9nitentiaires bas\u00e9e \u00e0 Guayaquil. Malgr\u00e9 cela, l\u2019ancien vice-pr\u00e9sident reste d\u00e9tenu \u00e0 la prison de La Roca.<\/li>\n<\/ol>\n\n\n\n<p><strong>Pour en savoir plus :<\/strong><\/p>\n\n\n\n<ul class=\"wp-block-list\">\n<li><a href=\"https:\/\/www.eluniverso.com\/resultados\/?search=jorge+glas\" target=\"_blank\" rel=\"noopener\">El Universo (journal \u00e9quatorien)<\/a> \u2014 en espagnol.<\/li>\n<\/ul>\n\n\n\n<ul class=\"wp-block-list\">\n<li><a href=\"https:\/\/www.reuters.com\/site-search\/?query=jorge+glas\" target=\"_blank\" rel=\"noopener\">Reuteurs (agence de presse internationale bas\u00e9e au Royaume-Uni)<\/a> \u2014 en anglais.<\/li>\n<\/ul>\n","protected":false},"excerpt":{"rendered":"<p>L&#8217;\u00e9vasion de Jorge Glas, ex-vice-pr\u00e9sident de l&#8217;\u00c9quateur, de sa d\u00e9tention, \u00e0 sa fuite en passant par l&#8217;incursion subs\u00e9quente des forces [&hellip;]<\/p>\n","protected":false},"author":11,"featured_media":3551,"comment_status":"open","ping_status":"open","sticky":false,"template":"","format":"standard","meta":{"_eb_attr":"","_exactmetrics_skip_tracking":false,"_exactmetrics_sitenote_active":false,"_exactmetrics_sitenote_note":"","_exactmetrics_sitenote_category":0,"_monsterinsights_skip_tracking":false,"_monsterinsights_sitenote_active":false,"_monsterinsights_sitenote_note":"","_monsterinsights_sitenote_category":0,"site-sidebar-layout":"default","site-content-layout":"","ast-site-content-layout":"","site-content-style":"default","site-sidebar-style":"default","ast-global-header-display":"","ast-banner-title-visibility":"","ast-main-header-display":"","ast-hfb-above-header-display":"","ast-hfb-below-header-display":"","ast-hfb-mobile-header-display":"","site-post-title":"","ast-breadcrumbs-content":"","ast-featured-img":"","footer-sml-layout":"","theme-transparent-header-meta":"","adv-header-id-meta":"","stick-header-meta":"","header-above-stick-meta":"","header-main-stick-meta":"","header-below-stick-meta":"","astra-migrate-meta-layouts":"default","ast-page-background-enabled":"default","ast-page-background-meta":{"desktop":{"background-color":"var(--ast-global-color-4)","background-image":"","background-repeat":"repeat","background-position":"center center","background-size":"auto","background-attachment":"scroll","background-type":"","background-media":"","overlay-type":"","overlay-color":"","overlay-opacity":"","overlay-gradient":""},"tablet":{"background-color":"","background-image":"","background-repeat":"repeat","background-position":"center center","background-size":"auto","background-attachment":"scroll","background-type":"","background-media":"","overlay-type":"","overlay-color":"","overlay-opacity":"","overlay-gradient":""},"mobile":{"background-color":"","background-image":"","background-repeat":"repeat","background-position":"center center","background-size":"auto","background-attachment":"scroll","background-type":"","background-media":"","overlay-type":"","overlay-color":"","overlay-opacity":"","overlay-gradient":""}},"ast-content-background-meta":{"desktop":{"background-color":"var(--ast-global-color-5)","background-image":"","background-repeat":"repeat","background-position":"center center","background-size":"auto","background-attachment":"scroll","background-type":"","background-media":"","overlay-type":"","overlay-color":"","overlay-opacity":"","overlay-gradient":""},"tablet":{"background-color":"var(--ast-global-color-5)","background-image":"","background-repeat":"repeat","background-position":"center center","background-size":"auto","background-attachment":"scroll","background-type":"","background-media":"","overlay-type":"","overlay-color":"","overlay-opacity":"","overlay-gradient":""},"mobile":{"background-color":"var(--ast-global-color-5)","background-image":"","background-repeat":"repeat","background-position":"center center","background-size":"auto","background-attachment":"scroll","background-type":"","background-media":"","overlay-type":"","overlay-color":"","overlay-opacity":"","overlay-gradient":""}},"_joinchat":[],"footnotes":""},"categories":[8,24],"tags":[],"class_list":["post-3491","post","type-post","status-publish","format-standard","has-post-thumbnail","hentry","category-actualite-dequateur","category-breaking-news"],"_links":{"self":[{"href":"https:\/\/www.incatrek-ecuador.com\/blog\/wp-json\/wp\/v2\/posts\/3491","targetHints":{"allow":["GET"]}}],"collection":[{"href":"https:\/\/www.incatrek-ecuador.com\/blog\/wp-json\/wp\/v2\/posts"}],"about":[{"href":"https:\/\/www.incatrek-ecuador.com\/blog\/wp-json\/wp\/v2\/types\/post"}],"author":[{"embeddable":true,"href":"https:\/\/www.incatrek-ecuador.com\/blog\/wp-json\/wp\/v2\/users\/11"}],"replies":[{"embeddable":true,"href":"https:\/\/www.incatrek-ecuador.com\/blog\/wp-json\/wp\/v2\/comments?post=3491"}],"version-history":[{"count":0,"href":"https:\/\/www.incatrek-ecuador.com\/blog\/wp-json\/wp\/v2\/posts\/3491\/revisions"}],"wp:featuredmedia":[{"embeddable":true,"href":"https:\/\/www.incatrek-ecuador.com\/blog\/wp-json\/wp\/v2\/media\/3551"}],"wp:attachment":[{"href":"https:\/\/www.incatrek-ecuador.com\/blog\/wp-json\/wp\/v2\/media?parent=3491"}],"wp:term":[{"taxonomy":"category","embeddable":true,"href":"https:\/\/www.incatrek-ecuador.com\/blog\/wp-json\/wp\/v2\/categories?post=3491"},{"taxonomy":"post_tag","embeddable":true,"href":"https:\/\/www.incatrek-ecuador.com\/blog\/wp-json\/wp\/v2\/tags?post=3491"}],"curies":[{"name":"wp","href":"https:\/\/api.w.org\/{rel}","templated":true}]}}