{"id":455,"date":"2017-09-13T12:00:52","date_gmt":"2017-09-13T10:00:52","guid":{"rendered":"http:\/\/www.incatrek-ecuador.com\/blog\/?p=455"},"modified":"2024-04-01T22:08:10","modified_gmt":"2024-04-01T20:08:10","slug":"la-fiesta-de-la-luz-2017-fete-des-lumieres-2017","status":"publish","type":"post","link":"https:\/\/www.incatrek-ecuador.com\/blog\/la-fiesta-de-la-luz-2017-fete-des-lumieres-2017\/","title":{"rendered":"La fiesta de la luz 2017 (f\u00eate des lumi\u00e8res 2017)"},"content":{"rendered":"<p>Vous connaissez tous la f\u00eate des lumi\u00e8res de Lyon en France, mais je suis s\u00fbr que la f\u00eate des lumi\u00e8res de Quito vous \u00e9tait encore inconnue. En effet, du 9 au 13 ao\u00fbt 2017, dans le centre historique de Quito class\u00e9 patrimoine mondial UNESCO, les principaux \u00e9difices et places \u00e9taient illumin\u00e9s avec des jeux de lumi\u00e8re impressionnants. Ce week-end-l\u00e0 se c\u00e9l\u00e9brait la f\u00eate nationale \u00e9quatorienne, avec le premier cri d&#8217;ind\u00e9pendance du 10 ao\u00fbt.<\/p>\n<p>Pour la seconde ann\u00e9e cons\u00e9cutive, la ville de Quito a organis\u00e9 cet \u00e9v\u00e9nement en partenariat avec la ville de Lyon. Une seconde \u00e9dition possible\u00a0gr\u00e2ce au succ\u00e8s de celle de 2016 qui avait attir\u00e9 un million et demi de visiteurs r\u00e9partis sur les 4 nuits de spectacles. Cette ann\u00e9e, avec 8 spectacles et 5 nuits au programme, une\u00a0affluence record \u00e9tait attendue, et a \u00e9t\u00e9 r\u00e9alis\u00e9e, un v\u00e9ritable succ\u00e8s populaire pour cette seconde \u00e9dition avec plus de 2 000 000 de personnes dans les rues pour admirer ces oeuvres d&#8217;art. Cette f\u00eate des lumi\u00e8res de Quito a r\u00e9alis\u00e9 la m\u00eame affluence que celle de Lyon.<\/p>\n<div id='gallery-1' class='gallery galleryid-455 gallery-columns-1 gallery-size-full'><figure class='gallery-item'>\n\t\t\t<div class='gallery-icon portrait'>\n\t\t\t\t<a href='https:\/\/www.incatrek-ecuador.com\/blog\/wp-content\/uploads\/2017\/09\/rues-quito-basilique-lumieres.jpg'><img fetchpriority=\"high\" decoding=\"async\" width=\"577\" height=\"768\" src=\"https:\/\/www.incatrek-ecuador.com\/blog\/wp-content\/uploads\/2017\/09\/rues-quito-basilique-lumieres.jpg\" class=\"attachment-full size-full\" alt=\"quito-equateur\" aria-describedby=\"gallery-1-471\" srcset=\"https:\/\/www.incatrek-ecuador.com\/blog\/wp-content\/uploads\/2017\/09\/rues-quito-basilique-lumieres.jpg 577w, https:\/\/www.incatrek-ecuador.com\/blog\/wp-content\/uploads\/2017\/09\/rues-quito-basilique-lumieres-225x300.jpg 225w, https:\/\/www.incatrek-ecuador.com\/blog\/wp-content\/uploads\/2017\/09\/rues-quito-basilique-lumieres-370x492.jpg 370w, https:\/\/www.incatrek-ecuador.com\/blog\/wp-content\/uploads\/2017\/09\/rues-quito-basilique-lumieres-570x759.jpg 570w, https:\/\/www.incatrek-ecuador.com\/blog\/wp-content\/uploads\/2017\/09\/rues-quito-basilique-lumieres-436x580.jpg 436w\" sizes=\"(max-width: 577px) 100vw, 577px\" \/><\/a>\n\t\t\t<\/div>\n\t\t\t\t<figcaption class='wp-caption-text gallery-caption' id='gallery-1-471'>\n\t\t\t\tLes rues bond\u00e9es de Quito au pied de la basilique del voto nacional\n\t\t\t\t<\/figcaption><\/figure>\n\t\t<\/div>\n\n<p>Un m\u00e9lange et une association franco-\u00e9quatorienne pour r\u00e9aliser ces oeuvres d&#8217;art. Une v\u00e9ritable r\u00e9ussite n&#8217;ayant rien \u00e0 envier \u00e0 la f\u00eate des lumi\u00e8res de Lyon: rues bond\u00e9es, spectacles grandioses. Une r\u00e9ussite totale.<\/p>\n<p>J&#8217;ai eu la chance de vivre cet \u00e9v\u00e9nement au milieu d&#8217;une foule immense, ce qui n&#8217;a rien retir\u00e9 \u00e0 mon plaisir mais qui ne m&#8217;a pas permis de tout voir. Cependant, j&#8217;ai pu admirer les principaux sites de cette f\u00eate des lumi\u00e8res.<\/p>\n<p style=\"text-align: center;\"><strong><span style=\"text-decoration: underline;\">La Catedral avec &#8220;un universo poetico&#8221;, r\u00e9alis\u00e9 par le fran\u00e7ais Daniel Knipper<\/span><\/strong><\/p>\n<div id='gallery-2' class='gallery galleryid-455 gallery-columns-1 gallery-size-full'><figure class='gallery-item'>\n\t\t\t<div class='gallery-icon landscape'>\n\t\t\t\t<a href='https:\/\/www.incatrek-ecuador.com\/blog\/wp-content\/uploads\/2017\/09\/plaza-grande-fete-lumieres.jpg'><img decoding=\"async\" width=\"1023\" height=\"768\" src=\"https:\/\/www.incatrek-ecuador.com\/blog\/wp-content\/uploads\/2017\/09\/plaza-grande-fete-lumieres.jpg\" class=\"attachment-full size-full\" alt=\"voyage-equateur-fete-lumieres\" aria-describedby=\"gallery-2-466\" srcset=\"https:\/\/www.incatrek-ecuador.com\/blog\/wp-content\/uploads\/2017\/09\/plaza-grande-fete-lumieres.jpg 1023w, https:\/\/www.incatrek-ecuador.com\/blog\/wp-content\/uploads\/2017\/09\/plaza-grande-fete-lumieres-300x225.jpg 300w, https:\/\/www.incatrek-ecuador.com\/blog\/wp-content\/uploads\/2017\/09\/plaza-grande-fete-lumieres-768x577.jpg 768w, https:\/\/www.incatrek-ecuador.com\/blog\/wp-content\/uploads\/2017\/09\/plaza-grande-fete-lumieres-370x278.jpg 370w, https:\/\/www.incatrek-ecuador.com\/blog\/wp-content\/uploads\/2017\/09\/plaza-grande-fete-lumieres-570x428.jpg 570w, https:\/\/www.incatrek-ecuador.com\/blog\/wp-content\/uploads\/2017\/09\/plaza-grande-fete-lumieres-770x578.jpg 770w, https:\/\/www.incatrek-ecuador.com\/blog\/wp-content\/uploads\/2017\/09\/plaza-grande-fete-lumieres-773x580.jpg 773w\" sizes=\"(max-width: 1023px) 100vw, 1023px\" \/><\/a>\n\t\t\t<\/div>\n\t\t\t\t<figcaption class='wp-caption-text gallery-caption' id='gallery-2-466'>\n\t\t\t\tSpectacle vue de la Plaza Grande\n\t\t\t\t<\/figcaption><\/figure>\n\t\t<\/div>\n\n<p style=\"text-align: left;\">La fresque principale, situ\u00e9e sur la fa\u00e7ade de la cath\u00e9drale, et visible depuis la Plaza Grande. Une place magnifique, avec le palais pr\u00e9sidentiel, o\u00f9 beaucoup de quite\u00f1os aime s&#8217;y reposer et y fl\u00e2ner.<\/p>\n<p style=\"text-align: center;\"><strong><span style=\"text-decoration: underline;\">L&#8217;\u00e9glise Santo Domingo avec &#8220;Natura&#8221;, r\u00e9alis\u00e9 par le Fran\u00e7ais Laurent Langlois<\/span><\/strong><\/p>\n<div id='gallery-3' class='gallery galleryid-455 gallery-columns-2 gallery-size-full'><figure class='gallery-item'>\n\t\t\t<div class='gallery-icon landscape'>\n\t\t\t\t<a href='https:\/\/www.incatrek-ecuador.com\/blog\/wp-content\/uploads\/2017\/09\/iguane-santo-domingo-lumieres.jpg'><img decoding=\"async\" width=\"1023\" height=\"768\" src=\"https:\/\/www.incatrek-ecuador.com\/blog\/wp-content\/uploads\/2017\/09\/iguane-santo-domingo-lumieres.jpg\" class=\"attachment-full size-full\" alt=\"voyage-equateur\" aria-describedby=\"gallery-3-475\" srcset=\"https:\/\/www.incatrek-ecuador.com\/blog\/wp-content\/uploads\/2017\/09\/iguane-santo-domingo-lumieres.jpg 1023w, https:\/\/www.incatrek-ecuador.com\/blog\/wp-content\/uploads\/2017\/09\/iguane-santo-domingo-lumieres-300x225.jpg 300w, https:\/\/www.incatrek-ecuador.com\/blog\/wp-content\/uploads\/2017\/09\/iguane-santo-domingo-lumieres-768x577.jpg 768w, https:\/\/www.incatrek-ecuador.com\/blog\/wp-content\/uploads\/2017\/09\/iguane-santo-domingo-lumieres-370x278.jpg 370w, https:\/\/www.incatrek-ecuador.com\/blog\/wp-content\/uploads\/2017\/09\/iguane-santo-domingo-lumieres-570x428.jpg 570w, https:\/\/www.incatrek-ecuador.com\/blog\/wp-content\/uploads\/2017\/09\/iguane-santo-domingo-lumieres-770x578.jpg 770w, https:\/\/www.incatrek-ecuador.com\/blog\/wp-content\/uploads\/2017\/09\/iguane-santo-domingo-lumieres-773x580.jpg 773w\" sizes=\"(max-width: 1023px) 100vw, 1023px\" \/><\/a>\n\t\t\t<\/div>\n\t\t\t\t<figcaption class='wp-caption-text gallery-caption' id='gallery-3-475'>\n\t\t\t\tIguane sur l&#8217;\u00e9glise Santo Domingo\n\t\t\t\t<\/figcaption><\/figure><figure class='gallery-item'>\n\t\t\t<div class='gallery-icon landscape'>\n\t\t\t\t<a href='https:\/\/www.incatrek-ecuador.com\/blog\/wp-content\/uploads\/2017\/09\/galapagos-fete-lumieres.jpg'><img loading=\"lazy\" decoding=\"async\" width=\"1023\" height=\"768\" src=\"https:\/\/www.incatrek-ecuador.com\/blog\/wp-content\/uploads\/2017\/09\/galapagos-fete-lumieres.jpg\" class=\"attachment-full size-full\" alt=\"quito-equateur\" aria-describedby=\"gallery-3-474\" srcset=\"https:\/\/www.incatrek-ecuador.com\/blog\/wp-content\/uploads\/2017\/09\/galapagos-fete-lumieres.jpg 1023w, https:\/\/www.incatrek-ecuador.com\/blog\/wp-content\/uploads\/2017\/09\/galapagos-fete-lumieres-300x225.jpg 300w, https:\/\/www.incatrek-ecuador.com\/blog\/wp-content\/uploads\/2017\/09\/galapagos-fete-lumieres-768x577.jpg 768w, https:\/\/www.incatrek-ecuador.com\/blog\/wp-content\/uploads\/2017\/09\/galapagos-fete-lumieres-370x278.jpg 370w, https:\/\/www.incatrek-ecuador.com\/blog\/wp-content\/uploads\/2017\/09\/galapagos-fete-lumieres-570x428.jpg 570w, https:\/\/www.incatrek-ecuador.com\/blog\/wp-content\/uploads\/2017\/09\/galapagos-fete-lumieres-770x578.jpg 770w, https:\/\/www.incatrek-ecuador.com\/blog\/wp-content\/uploads\/2017\/09\/galapagos-fete-lumieres-773x580.jpg 773w\" sizes=\"(max-width: 1023px) 100vw, 1023px\" \/><\/a>\n\t\t\t<\/div>\n\t\t\t\t<figcaption class='wp-caption-text gallery-caption' id='gallery-3-474'>\n\t\t\t\tFresque sur les Galapagos sur l&#8217;\u00e9glise Santo Domingo\n\t\t\t\t<\/figcaption><\/figure><figure class='gallery-item'>\n\t\t\t<div class='gallery-icon landscape'>\n\t\t\t\t<a href='https:\/\/www.incatrek-ecuador.com\/blog\/wp-content\/uploads\/2017\/09\/fleurs-fete-lumieres.jpg'><img loading=\"lazy\" decoding=\"async\" width=\"1023\" height=\"768\" src=\"https:\/\/www.incatrek-ecuador.com\/blog\/wp-content\/uploads\/2017\/09\/fleurs-fete-lumieres.jpg\" class=\"attachment-full size-full\" alt=\"voyage-equateur-quito\" aria-describedby=\"gallery-3-473\" srcset=\"https:\/\/www.incatrek-ecuador.com\/blog\/wp-content\/uploads\/2017\/09\/fleurs-fete-lumieres.jpg 1023w, https:\/\/www.incatrek-ecuador.com\/blog\/wp-content\/uploads\/2017\/09\/fleurs-fete-lumieres-300x225.jpg 300w, https:\/\/www.incatrek-ecuador.com\/blog\/wp-content\/uploads\/2017\/09\/fleurs-fete-lumieres-768x577.jpg 768w, https:\/\/www.incatrek-ecuador.com\/blog\/wp-content\/uploads\/2017\/09\/fleurs-fete-lumieres-370x278.jpg 370w, https:\/\/www.incatrek-ecuador.com\/blog\/wp-content\/uploads\/2017\/09\/fleurs-fete-lumieres-570x428.jpg 570w, https:\/\/www.incatrek-ecuador.com\/blog\/wp-content\/uploads\/2017\/09\/fleurs-fete-lumieres-770x578.jpg 770w, https:\/\/www.incatrek-ecuador.com\/blog\/wp-content\/uploads\/2017\/09\/fleurs-fete-lumieres-773x580.jpg 773w\" sizes=\"(max-width: 1023px) 100vw, 1023px\" \/><\/a>\n\t\t\t<\/div>\n\t\t\t\t<figcaption class='wp-caption-text gallery-caption' id='gallery-3-473'>\n\t\t\t\tDerni\u00e8re fresque de l&#8217;\u00e9glise Santo Domingo\n\t\t\t\t<\/figcaption><\/figure><figure class='gallery-item'>\n\t\t\t<div class='gallery-icon landscape'>\n\t\t\t\t<a href='https:\/\/www.incatrek-ecuador.com\/blog\/wp-content\/uploads\/2017\/09\/bleu-vert-domingo-fete-lumieres-2017.jpg'><img loading=\"lazy\" decoding=\"async\" width=\"1023\" height=\"768\" src=\"https:\/\/www.incatrek-ecuador.com\/blog\/wp-content\/uploads\/2017\/09\/bleu-vert-domingo-fete-lumieres-2017.jpg\" class=\"attachment-full size-full\" alt=\"voyage-lumieres\" aria-describedby=\"gallery-3-472\" srcset=\"https:\/\/www.incatrek-ecuador.com\/blog\/wp-content\/uploads\/2017\/09\/bleu-vert-domingo-fete-lumieres-2017.jpg 1023w, https:\/\/www.incatrek-ecuador.com\/blog\/wp-content\/uploads\/2017\/09\/bleu-vert-domingo-fete-lumieres-2017-300x225.jpg 300w, https:\/\/www.incatrek-ecuador.com\/blog\/wp-content\/uploads\/2017\/09\/bleu-vert-domingo-fete-lumieres-2017-768x577.jpg 768w, https:\/\/www.incatrek-ecuador.com\/blog\/wp-content\/uploads\/2017\/09\/bleu-vert-domingo-fete-lumieres-2017-370x278.jpg 370w, https:\/\/www.incatrek-ecuador.com\/blog\/wp-content\/uploads\/2017\/09\/bleu-vert-domingo-fete-lumieres-2017-570x428.jpg 570w, https:\/\/www.incatrek-ecuador.com\/blog\/wp-content\/uploads\/2017\/09\/bleu-vert-domingo-fete-lumieres-2017-770x578.jpg 770w, https:\/\/www.incatrek-ecuador.com\/blog\/wp-content\/uploads\/2017\/09\/bleu-vert-domingo-fete-lumieres-2017-773x580.jpg 773w\" sizes=\"(max-width: 1023px) 100vw, 1023px\" \/><\/a>\n\t\t\t<\/div>\n\t\t\t\t<figcaption class='wp-caption-text gallery-caption' id='gallery-3-472'>\n\t\t\t\tSpectacle lumineux magique sur l&#8217;\u00e9glise Santo Domingo\n\t\t\t\t<\/figcaption><\/figure>\n\t\t<\/div>\n\n<p style=\"text-align: left;\">S\u00fbrement le spectacle le plus grandiose avec plusieurs fresques repr\u00e9sentant la beaut\u00e9 et la diversit\u00e9 de la faune et la flore en Equateur. Il \u00e9tait moins &#8220;magique&#8221; que le spectacle &#8220;voyages&#8221;, mais la beaut\u00e9 des images fait de cette fresque une v\u00e9ritable r\u00e9ussite qui n&#8217;a rien \u00e0 envier aux lumi\u00e8res lyonnaises.<\/p>\n<p style=\"text-align: center;\"><strong><span style=\"text-decoration: underline;\">L&#8217;\u00e9glise de la Merced avec &#8220;Estratos&#8221;, r\u00e9alis\u00e9 par le duo \u00e9quatorien\u00a0Fidel Eljuri y Nicol\u00e1 Cruz<\/span><\/strong><\/p>\n<div id='gallery-4' class='gallery galleryid-455 gallery-columns-1 gallery-size-full'><figure class='gallery-item'>\n\t\t\t<div class='gallery-icon landscape'>\n\t\t\t\t<a href='https:\/\/www.incatrek-ecuador.com\/blog\/wp-content\/uploads\/2017\/09\/volcan-fete-lumieres-2017.jpg'><img loading=\"lazy\" decoding=\"async\" width=\"1023\" height=\"768\" src=\"https:\/\/www.incatrek-ecuador.com\/blog\/wp-content\/uploads\/2017\/09\/volcan-fete-lumieres-2017.jpg\" class=\"attachment-full size-full\" alt=\"volcan-andes\" aria-describedby=\"gallery-4-476\" srcset=\"https:\/\/www.incatrek-ecuador.com\/blog\/wp-content\/uploads\/2017\/09\/volcan-fete-lumieres-2017.jpg 1023w, https:\/\/www.incatrek-ecuador.com\/blog\/wp-content\/uploads\/2017\/09\/volcan-fete-lumieres-2017-300x225.jpg 300w, https:\/\/www.incatrek-ecuador.com\/blog\/wp-content\/uploads\/2017\/09\/volcan-fete-lumieres-2017-768x577.jpg 768w, https:\/\/www.incatrek-ecuador.com\/blog\/wp-content\/uploads\/2017\/09\/volcan-fete-lumieres-2017-370x278.jpg 370w, https:\/\/www.incatrek-ecuador.com\/blog\/wp-content\/uploads\/2017\/09\/volcan-fete-lumieres-2017-570x428.jpg 570w, https:\/\/www.incatrek-ecuador.com\/blog\/wp-content\/uploads\/2017\/09\/volcan-fete-lumieres-2017-770x578.jpg 770w, https:\/\/www.incatrek-ecuador.com\/blog\/wp-content\/uploads\/2017\/09\/volcan-fete-lumieres-2017-773x580.jpg 773w\" sizes=\"(max-width: 1023px) 100vw, 1023px\" \/><\/a>\n\t\t\t<\/div>\n\t\t\t\t<figcaption class='wp-caption-text gallery-caption' id='gallery-4-476'>\n\t\t\t\tSpectacle de l&#8217;\u00e9glise de la Merced\n\t\t\t\t<\/figcaption><\/figure>\n\t\t<\/div>\n\n<p style=\"text-align: left;\">Le spectacle &#8220;estratos&#8221;, qui signifie strates, repr\u00e9sente l&#8217;activit\u00e9, et le mouvement volcanique de ce pays. L&#8217;Equateur, en grande partie sur la cordill\u00e8re des Andes, est un pays volcanique.<\/p>\n<p style=\"text-align: left;\">Cette fresque tr\u00e8s chaleureuse avec des explosions de feu et de lave.<\/p>\n<p style=\"text-align: center;\"><span style=\"text-decoration: underline;\"><strong>Plaza del Teatro avec &#8220;Voyages&#8221;, r\u00e9alis\u00e9 par la fran\u00e7aise Camille Gross<\/strong><\/span><\/p>\n<div id='gallery-5' class='gallery galleryid-455 gallery-columns-1 gallery-size-large'><figure class='gallery-item'>\n\t\t\t<div class='gallery-icon landscape'>\n\t\t\t\t<a href='https:\/\/www.incatrek-ecuador.com\/blog\/wp-content\/uploads\/2017\/08\/quito-luz-2017.jpeg'><img loading=\"lazy\" decoding=\"async\" width=\"1024\" height=\"768\" src=\"https:\/\/www.incatrek-ecuador.com\/blog\/wp-content\/uploads\/2017\/08\/quito-luz-2017-1024x768.jpeg\" class=\"attachment-large size-large\" alt=\"equateur-fiesta-luz\" aria-describedby=\"gallery-5-456\" srcset=\"https:\/\/www.incatrek-ecuador.com\/blog\/wp-content\/uploads\/2017\/08\/quito-luz-2017-1024x768.jpeg 1024w, https:\/\/www.incatrek-ecuador.com\/blog\/wp-content\/uploads\/2017\/08\/quito-luz-2017-300x225.jpeg 300w, https:\/\/www.incatrek-ecuador.com\/blog\/wp-content\/uploads\/2017\/08\/quito-luz-2017-768x576.jpeg 768w, https:\/\/www.incatrek-ecuador.com\/blog\/wp-content\/uploads\/2017\/08\/quito-luz-2017-370x278.jpeg 370w, https:\/\/www.incatrek-ecuador.com\/blog\/wp-content\/uploads\/2017\/08\/quito-luz-2017-570x428.jpeg 570w, https:\/\/www.incatrek-ecuador.com\/blog\/wp-content\/uploads\/2017\/08\/quito-luz-2017-770x578.jpeg 770w, https:\/\/www.incatrek-ecuador.com\/blog\/wp-content\/uploads\/2017\/08\/quito-luz-2017-1170x878.jpeg 1170w, https:\/\/www.incatrek-ecuador.com\/blog\/wp-content\/uploads\/2017\/08\/quito-luz-2017-773x580.jpeg 773w, https:\/\/www.incatrek-ecuador.com\/blog\/wp-content\/uploads\/2017\/08\/quito-luz-2017.jpeg 1280w\" sizes=\"(max-width: 1024px) 100vw, 1024px\" \/><\/a>\n\t\t\t<\/div>\n\t\t\t\t<figcaption class='wp-caption-text gallery-caption' id='gallery-5-456'>\n\t\t\t\tLe spectacle &#8220;voyages&#8221; de la Plaza del Teatro\n\t\t\t\t<\/figcaption><\/figure>\n\t\t<\/div>\n\n<div id='gallery-6' class='gallery galleryid-455 gallery-columns-2 gallery-size-large'><figure class='gallery-item'>\n\t\t\t<div class='gallery-icon landscape'>\n\t\t\t\t<a href='https:\/\/www.incatrek-ecuador.com\/blog\/wp-content\/uploads\/2017\/08\/teatro-luz-2017.jpeg'><img loading=\"lazy\" decoding=\"async\" width=\"1024\" height=\"768\" src=\"https:\/\/www.incatrek-ecuador.com\/blog\/wp-content\/uploads\/2017\/08\/teatro-luz-2017-1024x768.jpeg\" class=\"attachment-large size-large\" alt=\"\" aria-describedby=\"gallery-6-458\" srcset=\"https:\/\/www.incatrek-ecuador.com\/blog\/wp-content\/uploads\/2017\/08\/teatro-luz-2017-1024x768.jpeg 1024w, https:\/\/www.incatrek-ecuador.com\/blog\/wp-content\/uploads\/2017\/08\/teatro-luz-2017-300x225.jpeg 300w, https:\/\/www.incatrek-ecuador.com\/blog\/wp-content\/uploads\/2017\/08\/teatro-luz-2017-768x576.jpeg 768w, https:\/\/www.incatrek-ecuador.com\/blog\/wp-content\/uploads\/2017\/08\/teatro-luz-2017-370x278.jpeg 370w, https:\/\/www.incatrek-ecuador.com\/blog\/wp-content\/uploads\/2017\/08\/teatro-luz-2017-570x428.jpeg 570w, https:\/\/www.incatrek-ecuador.com\/blog\/wp-content\/uploads\/2017\/08\/teatro-luz-2017-770x578.jpeg 770w, https:\/\/www.incatrek-ecuador.com\/blog\/wp-content\/uploads\/2017\/08\/teatro-luz-2017-1170x878.jpeg 1170w, https:\/\/www.incatrek-ecuador.com\/blog\/wp-content\/uploads\/2017\/08\/teatro-luz-2017-773x580.jpeg 773w, https:\/\/www.incatrek-ecuador.com\/blog\/wp-content\/uploads\/2017\/08\/teatro-luz-2017.jpeg 1280w\" sizes=\"(max-width: 1024px) 100vw, 1024px\" \/><\/a>\n\t\t\t<\/div>\n\t\t\t\t<figcaption class='wp-caption-text gallery-caption' id='gallery-6-458'>\n\t\t\t\tPlaza del teatro, fiesta de la luz 20117\n\t\t\t\t<\/figcaption><\/figure><figure class='gallery-item'>\n\t\t\t<div class='gallery-icon landscape'>\n\t\t\t\t<a href='https:\/\/www.incatrek-ecuador.com\/blog\/wp-content\/uploads\/2017\/08\/plaze-teatro-luz-2017.jpeg'><img loading=\"lazy\" decoding=\"async\" width=\"1024\" height=\"768\" src=\"https:\/\/www.incatrek-ecuador.com\/blog\/wp-content\/uploads\/2017\/08\/plaze-teatro-luz-2017-1024x768.jpeg\" class=\"attachment-large size-large\" alt=\"voyage-equateur\" aria-describedby=\"gallery-6-459\" srcset=\"https:\/\/www.incatrek-ecuador.com\/blog\/wp-content\/uploads\/2017\/08\/plaze-teatro-luz-2017-1024x768.jpeg 1024w, https:\/\/www.incatrek-ecuador.com\/blog\/wp-content\/uploads\/2017\/08\/plaze-teatro-luz-2017-300x225.jpeg 300w, https:\/\/www.incatrek-ecuador.com\/blog\/wp-content\/uploads\/2017\/08\/plaze-teatro-luz-2017-768x576.jpeg 768w, https:\/\/www.incatrek-ecuador.com\/blog\/wp-content\/uploads\/2017\/08\/plaze-teatro-luz-2017-370x278.jpeg 370w, https:\/\/www.incatrek-ecuador.com\/blog\/wp-content\/uploads\/2017\/08\/plaze-teatro-luz-2017-570x428.jpeg 570w, https:\/\/www.incatrek-ecuador.com\/blog\/wp-content\/uploads\/2017\/08\/plaze-teatro-luz-2017-770x578.jpeg 770w, https:\/\/www.incatrek-ecuador.com\/blog\/wp-content\/uploads\/2017\/08\/plaze-teatro-luz-2017-1170x878.jpeg 1170w, https:\/\/www.incatrek-ecuador.com\/blog\/wp-content\/uploads\/2017\/08\/plaze-teatro-luz-2017-773x580.jpeg 773w, https:\/\/www.incatrek-ecuador.com\/blog\/wp-content\/uploads\/2017\/08\/plaze-teatro-luz-2017.jpeg 1280w\" sizes=\"(max-width: 1024px) 100vw, 1024px\" \/><\/a>\n\t\t\t<\/div>\n\t\t\t\t<figcaption class='wp-caption-text gallery-caption' id='gallery-6-459'>\n\t\t\t\t&#8220;voyages&#8221; de la Plaza del Teatro lors de la f\u00eate des lumi\u00e8res de Quito 2017\n\t\t\t\t<\/figcaption><\/figure>\n\t\t<\/div>\n\n<p style=\"text-align: left;\">Le spectacle de la Plaza del Teatro \u00e9tait tout simplement magique, un retour en enfance. Un voyage en train partant de Quito et traversant le monde pendant la r\u00e9volution industrielle. Ce voyage traverse les plus grandes et belles villes du monde telles que Rio, Paris, Madrid, Rome ou encore Moscou. Pendant 10 minutes, vous retournez en enfance avec une r\u00e9alisation fantastique et parfaite sur un des plus beaux monuments de Quito.<\/p>\n<p style=\"text-align: center;\"><span style=\"text-decoration: underline;\"><strong>La Basilique del Voto Nacional, avec &#8220;Basilicolor&#8221; r\u00e9alis\u00e9 par le fran\u00e7ais Patrice Warrener et avec &#8220;Altar de Luz&#8221; r\u00e9alis\u00e9 par l&#8217;\u00e9quatorienne Isabel P\u00e1ez\u00a0<\/strong><\/span><\/p>\n<div id='gallery-7' class='gallery galleryid-455 gallery-columns-1 gallery-size-large'><figure class='gallery-item'>\n\t\t\t<div class='gallery-icon portrait'>\n\t\t\t\t<a href='https:\/\/www.incatrek-ecuador.com\/blog\/wp-content\/uploads\/2017\/08\/basilique-luz-2017.jpeg'><img loading=\"lazy\" decoding=\"async\" width=\"768\" height=\"1024\" src=\"https:\/\/www.incatrek-ecuador.com\/blog\/wp-content\/uploads\/2017\/08\/basilique-luz-2017-768x1024.jpeg\" class=\"attachment-large size-large\" alt=\"quito-equateur\" aria-describedby=\"gallery-7-460\" srcset=\"https:\/\/www.incatrek-ecuador.com\/blog\/wp-content\/uploads\/2017\/08\/basilique-luz-2017-768x1024.jpeg 768w, https:\/\/www.incatrek-ecuador.com\/blog\/wp-content\/uploads\/2017\/08\/basilique-luz-2017-225x300.jpeg 225w, https:\/\/www.incatrek-ecuador.com\/blog\/wp-content\/uploads\/2017\/08\/basilique-luz-2017-370x493.jpeg 370w, https:\/\/www.incatrek-ecuador.com\/blog\/wp-content\/uploads\/2017\/08\/basilique-luz-2017-570x760.jpeg 570w, https:\/\/www.incatrek-ecuador.com\/blog\/wp-content\/uploads\/2017\/08\/basilique-luz-2017-770x1027.jpeg 770w, https:\/\/www.incatrek-ecuador.com\/blog\/wp-content\/uploads\/2017\/08\/basilique-luz-2017-435x580.jpeg 435w, https:\/\/www.incatrek-ecuador.com\/blog\/wp-content\/uploads\/2017\/08\/basilique-luz-2017.jpeg 960w\" sizes=\"(max-width: 768px) 100vw, 768px\" \/><\/a>\n\t\t\t<\/div>\n\t\t\t\t<figcaption class='wp-caption-text gallery-caption' id='gallery-7-460'>\n\t\t\t\tF\u00eate de la lumi\u00e8re, Basilique del Voto nacional \u00e0 Quito\n\t\t\t\t<\/figcaption><\/figure>\n\t\t<\/div>\n\n<p style=\"text-align: left;\">Le jeu de lumi\u00e8re sur la Basilique de Quito \u00e9tait splendide. Il n&#8217;y avait pas de spectacles \u00e0 part enti\u00e8re, mais une illumination permanente qui donne une nouvelle dimension \u00e0 cet imposant monument surplombant le centre historique de Quito. La basilique del Voto Nacional s&#8217;est transform\u00e9e, le temps de la f\u00eate des lumi\u00e8res, en v\u00e9ritable toile de ma\u00eetre.<\/p>\n","protected":false},"excerpt":{"rendered":"<p>Vous connaissez tous la f\u00eate des lumi\u00e8res de Lyon en France, mais je suis s\u00fbr que la f\u00eate des lumi\u00e8res [&hellip;]<\/p>\n","protected":false},"author":3,"featured_media":475,"comment_status":"closed","ping_status":"closed","sticky":false,"template":"","format":"standard","meta":{"_eb_attr":"","_exactmetrics_skip_tracking":false,"_exactmetrics_sitenote_active":false,"_exactmetrics_sitenote_note":"","_exactmetrics_sitenote_category":0,"_monsterinsights_skip_tracking":false,"_monsterinsights_sitenote_active":false,"_monsterinsights_sitenote_note":"","_monsterinsights_sitenote_category":0,"site-sidebar-layout":"default","site-content-layout":"","ast-site-content-layout":"","site-content-style":"default","site-sidebar-style":"default","ast-global-header-display":"","ast-banner-title-visibility":"","ast-main-header-display":"","ast-hfb-above-header-display":"","ast-hfb-below-header-display":"","ast-hfb-mobile-header-display":"","site-post-title":"","ast-breadcrumbs-content":"","ast-featured-img":"","footer-sml-layout":"","theme-transparent-header-meta":"","adv-header-id-meta":"","stick-header-meta":"","header-above-stick-meta":"","header-main-stick-meta":"","header-below-stick-meta":"","astra-migrate-meta-layouts":"default","ast-page-background-enabled":"default","ast-page-background-meta":{"desktop":{"background-color":"var(--ast-global-color-4)","background-image":"","background-repeat":"repeat","background-position":"center center","background-size":"auto","background-attachment":"scroll","background-type":"","background-media":"","overlay-type":"","overlay-color":"","overlay-opacity":"","overlay-gradient":""},"tablet":{"background-color":"","background-image":"","background-repeat":"repeat","background-position":"center center","background-size":"auto","background-attachment":"scroll","background-type":"","background-media":"","overlay-type":"","overlay-color":"","overlay-opacity":"","overlay-gradient":""},"mobile":{"background-color":"","background-image":"","background-repeat":"repeat","background-position":"center center","background-size":"auto","background-attachment":"scroll","background-type":"","background-media":"","overlay-type":"","overlay-color":"","overlay-opacity":"","overlay-gradient":""}},"ast-content-background-meta":{"desktop":{"background-color":"var(--ast-global-color-5)","background-image":"","background-repeat":"repeat","background-position":"center center","background-size":"auto","background-attachment":"scroll","background-type":"","background-media":"","overlay-type":"","overlay-color":"","overlay-opacity":"","overlay-gradient":""},"tablet":{"background-color":"var(--ast-global-color-5)","background-image":"","background-repeat":"repeat","background-position":"center center","background-size":"auto","background-attachment":"scroll","background-type":"","background-media":"","overlay-type":"","overlay-color":"","overlay-opacity":"","overlay-gradient":""},"mobile":{"background-color":"var(--ast-global-color-5)","background-image":"","background-repeat":"repeat","background-position":"center center","background-size":"auto","background-attachment":"scroll","background-type":"","background-media":"","overlay-type":"","overlay-color":"","overlay-opacity":"","overlay-gradient":""}},"_joinchat":[],"footnotes":""},"categories":[6,54,56,53,55,70],"tags":[],"class_list":["post-455","post","type-post","status-publish","format-standard","has-post-thumbnail","hentry","category-nos-decouvertes","category-amerique-du-sud","category-andes","category-destination","category-equateur","category-pichincha"],"_links":{"self":[{"href":"https:\/\/www.incatrek-ecuador.com\/blog\/wp-json\/wp\/v2\/posts\/455","targetHints":{"allow":["GET"]}}],"collection":[{"href":"https:\/\/www.incatrek-ecuador.com\/blog\/wp-json\/wp\/v2\/posts"}],"about":[{"href":"https:\/\/www.incatrek-ecuador.com\/blog\/wp-json\/wp\/v2\/types\/post"}],"author":[{"embeddable":true,"href":"https:\/\/www.incatrek-ecuador.com\/blog\/wp-json\/wp\/v2\/users\/3"}],"replies":[{"embeddable":true,"href":"https:\/\/www.incatrek-ecuador.com\/blog\/wp-json\/wp\/v2\/comments?post=455"}],"version-history":[{"count":0,"href":"https:\/\/www.incatrek-ecuador.com\/blog\/wp-json\/wp\/v2\/posts\/455\/revisions"}],"wp:featuredmedia":[{"embeddable":true,"href":"https:\/\/www.incatrek-ecuador.com\/blog\/wp-json\/wp\/v2\/media\/475"}],"wp:attachment":[{"href":"https:\/\/www.incatrek-ecuador.com\/blog\/wp-json\/wp\/v2\/media?parent=455"}],"wp:term":[{"taxonomy":"category","embeddable":true,"href":"https:\/\/www.incatrek-ecuador.com\/blog\/wp-json\/wp\/v2\/categories?post=455"},{"taxonomy":"post_tag","embeddable":true,"href":"https:\/\/www.incatrek-ecuador.com\/blog\/wp-json\/wp\/v2\/tags?post=455"}],"curies":[{"name":"wp","href":"https:\/\/api.w.org\/{rel}","templated":true}]}}