{"id":483,"date":"2017-10-02T15:00:26","date_gmt":"2017-10-02T13:00:26","guid":{"rendered":"http:\/\/www.incatrek-ecuador.com\/blog\/?p=483"},"modified":"2024-04-01T22:05:34","modified_gmt":"2024-04-01T20:05:34","slug":"raid-equateur-2017","status":"publish","type":"post","link":"https:\/\/www.incatrek-ecuador.com\/blog\/raid-equateur-2017\/","title":{"rendered":"Raid Equateur 2017"},"content":{"rendered":"<p>Pour la troisi\u00e8me\u00a0fois, le Raid organis\u00e9 par G\u00e9rard Verdenet (<a href=\"http:\/\/www.raid-equateur.fr\/fr\/\" target=\"_blank\" rel=\"noopener\">Raid Indochine<\/a>), a\u00a0fait escale en Equateur. Depuis 2013, G\u00e9rard parcourt le monde en organisant des raids avec 5 \u00e9tapes de 20-25km environ. En effet, le Laos, le Vietnam, le Tanzanie (derni\u00e8re \u00e9dition en 2016), l&#8217;Equateur et la Colombie (d\u00e8s 2018), ont \u00e9t\u00e9 travers\u00e9s par ses coureurs et marcheurs en qu\u00eate de d\u00e9couvrir un pays d&#8217;une mani\u00e8re diff\u00e9rente.<br \/>\nL&#8217;\u00e9dition 2017 du Raid Equateur s&#8217;est donc termin\u00e9 le 22 septembre apr\u00e8s 12 jours en Equateur dont 5 jours de courses.<\/p>\n<p>&nbsp;<\/p>\n<div id='gallery-1' class='gallery galleryid-483 gallery-columns-1 gallery-size-large'><figure class='gallery-item'>\n\t\t\t<div class='gallery-icon landscape'>\n\t\t\t\t<a href=\"https:\/\/www.incatrek-ecuador.com\/blog\/wp-content\/uploads\/2017\/09\/depart-premiere-etape-raid-2017.jpg\"><img fetchpriority=\"high\" decoding=\"async\" width=\"1024\" height=\"683\" src=\"https:\/\/www.incatrek-ecuador.com\/blog\/wp-content\/uploads\/2017\/09\/depart-premiere-etape-raid-2017-1024x683.jpg\" class=\"attachment-large size-large\" alt=\"voyage-andes-san-clemente\" aria-describedby=\"gallery-1-495\" srcset=\"https:\/\/www.incatrek-ecuador.com\/blog\/wp-content\/uploads\/2017\/09\/depart-premiere-etape-raid-2017-1024x683.jpg 1024w, https:\/\/www.incatrek-ecuador.com\/blog\/wp-content\/uploads\/2017\/09\/depart-premiere-etape-raid-2017-300x200.jpg 300w, https:\/\/www.incatrek-ecuador.com\/blog\/wp-content\/uploads\/2017\/09\/depart-premiere-etape-raid-2017-768x512.jpg 768w, https:\/\/www.incatrek-ecuador.com\/blog\/wp-content\/uploads\/2017\/09\/depart-premiere-etape-raid-2017-370x247.jpg 370w, https:\/\/www.incatrek-ecuador.com\/blog\/wp-content\/uploads\/2017\/09\/depart-premiere-etape-raid-2017-270x180.jpg 270w, https:\/\/www.incatrek-ecuador.com\/blog\/wp-content\/uploads\/2017\/09\/depart-premiere-etape-raid-2017-570x380.jpg 570w, https:\/\/www.incatrek-ecuador.com\/blog\/wp-content\/uploads\/2017\/09\/depart-premiere-etape-raid-2017-770x513.jpg 770w, https:\/\/www.incatrek-ecuador.com\/blog\/wp-content\/uploads\/2017\/09\/depart-premiere-etape-raid-2017-1170x780.jpg 1170w, https:\/\/www.incatrek-ecuador.com\/blog\/wp-content\/uploads\/2017\/09\/depart-premiere-etape-raid-2017-870x580.jpg 870w, https:\/\/www.incatrek-ecuador.com\/blog\/wp-content\/uploads\/2017\/09\/depart-premiere-etape-raid-2017.jpg 2048w\" sizes=\"(max-width: 1024px) 100vw, 1024px\" \/><\/a>\n\t\t\t<\/div>\n\t\t\t\t<figcaption class='wp-caption-text gallery-caption' id='gallery-1-495'>\n\t\t\t\tGrand d\u00e9part du Raid Equateur 2017\n\t\t\t\t<\/figcaption><\/figure>\n\t\t<\/div>\n\n<h2 style=\"text-align: center;\"><span style=\"text-decoration: underline;\"><strong>Pr\u00e9sentation de la course<\/strong><\/span><\/h2>\n<p>Le concept des raids, organis\u00e9s par Raid Indochine, est universel \u00e0 toutes les destinations. En effet, 12 jours sur place, quelques jours n\u00e9cessaires pour s&#8217;adapter aux conditions climatiques, et puis viennent les 5 jours de courses. Cela varie entre 100km et 125km de distance totale lors de ces raids.<\/p>\n<p>Les deux marches d&#8217;acclimatations se sont d\u00e9roul\u00e9es \u00e0 la lagune de Cuicocha (r\u00e9gion d&#8217;Otavalo) et sur le volcan Fuya Fuya (4 263m):<\/p>\n<div id='gallery-2' class='gallery galleryid-483 gallery-columns-2 gallery-size-large'><figure class='gallery-item'>\n\t\t\t<div class='gallery-icon landscape'>\n\t\t\t\t<a href=\"https:\/\/www.incatrek-ecuador.com\/blog\/wp-content\/uploads\/2017\/09\/fuya-fuya-luis-raid-2017.jpg\"><img decoding=\"async\" width=\"1024\" height=\"683\" src=\"https:\/\/www.incatrek-ecuador.com\/blog\/wp-content\/uploads\/2017\/09\/fuya-fuya-luis-raid-2017-1024x683.jpg\" class=\"attachment-large size-large\" alt=\"voyage-montagne-volcan\" aria-describedby=\"gallery-2-498\" srcset=\"https:\/\/www.incatrek-ecuador.com\/blog\/wp-content\/uploads\/2017\/09\/fuya-fuya-luis-raid-2017-1024x683.jpg 1024w, https:\/\/www.incatrek-ecuador.com\/blog\/wp-content\/uploads\/2017\/09\/fuya-fuya-luis-raid-2017-300x200.jpg 300w, https:\/\/www.incatrek-ecuador.com\/blog\/wp-content\/uploads\/2017\/09\/fuya-fuya-luis-raid-2017-768x512.jpg 768w, https:\/\/www.incatrek-ecuador.com\/blog\/wp-content\/uploads\/2017\/09\/fuya-fuya-luis-raid-2017-370x247.jpg 370w, https:\/\/www.incatrek-ecuador.com\/blog\/wp-content\/uploads\/2017\/09\/fuya-fuya-luis-raid-2017-270x180.jpg 270w, https:\/\/www.incatrek-ecuador.com\/blog\/wp-content\/uploads\/2017\/09\/fuya-fuya-luis-raid-2017-570x380.jpg 570w, https:\/\/www.incatrek-ecuador.com\/blog\/wp-content\/uploads\/2017\/09\/fuya-fuya-luis-raid-2017-770x513.jpg 770w, https:\/\/www.incatrek-ecuador.com\/blog\/wp-content\/uploads\/2017\/09\/fuya-fuya-luis-raid-2017-1170x780.jpg 1170w, https:\/\/www.incatrek-ecuador.com\/blog\/wp-content\/uploads\/2017\/09\/fuya-fuya-luis-raid-2017-870x580.jpg 870w, https:\/\/www.incatrek-ecuador.com\/blog\/wp-content\/uploads\/2017\/09\/fuya-fuya-luis-raid-2017.jpg 2048w\" sizes=\"(max-width: 1024px) 100vw, 1024px\" \/><\/a>\n\t\t\t<\/div>\n\t\t\t\t<figcaption class='wp-caption-text gallery-caption' id='gallery-2-498'>\n\t\t\t\tLe guide Luis Mashqui pendant le Raid Equateur 2017 lors de l&#8217;acclimatation au Fuya Fuya\n\t\t\t\t<\/figcaption><\/figure><figure class='gallery-item'>\n\t\t\t<div class='gallery-icon landscape'>\n\t\t\t\t<a href=\"https:\/\/www.incatrek-ecuador.com\/blog\/wp-content\/uploads\/2017\/09\/marche-acclimatation-cuicocha.jpg\"><img decoding=\"async\" width=\"1024\" height=\"683\" src=\"https:\/\/www.incatrek-ecuador.com\/blog\/wp-content\/uploads\/2017\/09\/marche-acclimatation-cuicocha-1024x683.jpg\" class=\"attachment-large size-large\" alt=\"voyage-lagune-equateur\" aria-describedby=\"gallery-2-501\" srcset=\"https:\/\/www.incatrek-ecuador.com\/blog\/wp-content\/uploads\/2017\/09\/marche-acclimatation-cuicocha-1024x683.jpg 1024w, https:\/\/www.incatrek-ecuador.com\/blog\/wp-content\/uploads\/2017\/09\/marche-acclimatation-cuicocha-300x200.jpg 300w, https:\/\/www.incatrek-ecuador.com\/blog\/wp-content\/uploads\/2017\/09\/marche-acclimatation-cuicocha-768x512.jpg 768w, https:\/\/www.incatrek-ecuador.com\/blog\/wp-content\/uploads\/2017\/09\/marche-acclimatation-cuicocha-370x247.jpg 370w, https:\/\/www.incatrek-ecuador.com\/blog\/wp-content\/uploads\/2017\/09\/marche-acclimatation-cuicocha-270x180.jpg 270w, https:\/\/www.incatrek-ecuador.com\/blog\/wp-content\/uploads\/2017\/09\/marche-acclimatation-cuicocha-570x380.jpg 570w, https:\/\/www.incatrek-ecuador.com\/blog\/wp-content\/uploads\/2017\/09\/marche-acclimatation-cuicocha-770x513.jpg 770w, https:\/\/www.incatrek-ecuador.com\/blog\/wp-content\/uploads\/2017\/09\/marche-acclimatation-cuicocha-1170x780.jpg 1170w, https:\/\/www.incatrek-ecuador.com\/blog\/wp-content\/uploads\/2017\/09\/marche-acclimatation-cuicocha-870x580.jpg 870w, https:\/\/www.incatrek-ecuador.com\/blog\/wp-content\/uploads\/2017\/09\/marche-acclimatation-cuicocha.jpg 2048w\" sizes=\"(max-width: 1024px) 100vw, 1024px\" \/><\/a>\n\t\t\t<\/div>\n\t\t\t\t<figcaption class='wp-caption-text gallery-caption' id='gallery-2-501'>\n\t\t\t\tMarche d&#8217;acclimatation \u00e0 la lagune Cuicocha\n\t\t\t\t<\/figcaption><\/figure>\n\t\t<\/div>\n\n<p>Pour la 3\u00e8me \u00e9dition, les \u00e9tapes du Raid Equateur \u00e9taient repartis ainsi:<\/p>\n<ul>\n<li>Deux jours de courses dans le nord du pays dans la r\u00e9gion d&#8217;Otavalo\/Ibarra, au sein de la communaut\u00e9 San Clemente.<\/li>\n<li>Une \u00e9tape dans le parc Cotopaxi qui est le plus haut volcan actif du monde (5 800m)<\/li>\n<li>Deux \u00e9tapes dans la for\u00eat amazonienne, dans la r\u00e9gion de Tena.<\/li>\n<\/ul>\n<h2 style=\"text-align: left;\">1 \u00e8re \u00e9tape<\/h2>\n<p>Une mise en jambe difficile avec 25 km au programme, mais surtout 750m de d\u00e9nivel\u00e9 positif majoritairement repartis sur la seconde partie de la course. Une arriv\u00e9e dans la communaut\u00e9 Nueva America o\u00f9 bi\u00e8res et repas chauds attendaient les concurrents. La pluie, invit\u00e9e surprise pour la fin de la course, n&#8217;a pas r\u00e9ussi \u00e0 \u00e9branler la bonne humeur des coureurs et marcheurs.<\/p>\n<div id='gallery-3' class='gallery galleryid-483 gallery-columns-2 gallery-size-large'><figure class='gallery-item'>\n\t\t\t<div class='gallery-icon landscape'>\n\t\t\t\t<a href=\"https:\/\/www.incatrek-ecuador.com\/blog\/wp-content\/uploads\/2017\/09\/marcheurs-raid-2017.jpg\"><img loading=\"lazy\" decoding=\"async\" width=\"1024\" height=\"683\" src=\"https:\/\/www.incatrek-ecuador.com\/blog\/wp-content\/uploads\/2017\/09\/marcheurs-raid-2017-1024x683.jpg\" class=\"attachment-large size-large\" alt=\"equateur-volcan-otavalo\" aria-describedby=\"gallery-3-502\" srcset=\"https:\/\/www.incatrek-ecuador.com\/blog\/wp-content\/uploads\/2017\/09\/marcheurs-raid-2017-1024x683.jpg 1024w, https:\/\/www.incatrek-ecuador.com\/blog\/wp-content\/uploads\/2017\/09\/marcheurs-raid-2017-300x200.jpg 300w, https:\/\/www.incatrek-ecuador.com\/blog\/wp-content\/uploads\/2017\/09\/marcheurs-raid-2017-768x512.jpg 768w, https:\/\/www.incatrek-ecuador.com\/blog\/wp-content\/uploads\/2017\/09\/marcheurs-raid-2017-370x247.jpg 370w, https:\/\/www.incatrek-ecuador.com\/blog\/wp-content\/uploads\/2017\/09\/marcheurs-raid-2017-270x180.jpg 270w, https:\/\/www.incatrek-ecuador.com\/blog\/wp-content\/uploads\/2017\/09\/marcheurs-raid-2017-570x380.jpg 570w, https:\/\/www.incatrek-ecuador.com\/blog\/wp-content\/uploads\/2017\/09\/marcheurs-raid-2017-770x513.jpg 770w, https:\/\/www.incatrek-ecuador.com\/blog\/wp-content\/uploads\/2017\/09\/marcheurs-raid-2017-1170x780.jpg 1170w, https:\/\/www.incatrek-ecuador.com\/blog\/wp-content\/uploads\/2017\/09\/marcheurs-raid-2017-870x580.jpg 870w, https:\/\/www.incatrek-ecuador.com\/blog\/wp-content\/uploads\/2017\/09\/marcheurs-raid-2017.jpg 2048w\" sizes=\"(max-width: 1024px) 100vw, 1024px\" \/><\/a>\n\t\t\t<\/div>\n\t\t\t\t<figcaption class='wp-caption-text gallery-caption' id='gallery-3-502'>\n\t\t\t\tGroupe de marcheurs lors du Raid Equateur 2017\n\n\t\t\t\t<\/figcaption><\/figure><figure class='gallery-item'>\n\t\t\t<div class='gallery-icon landscape'>\n\t\t\t\t<a href=\"https:\/\/www.incatrek-ecuador.com\/blog\/wp-content\/uploads\/2017\/09\/didier-laurianne-2017.jpg\"><img loading=\"lazy\" decoding=\"async\" width=\"1024\" height=\"683\" src=\"https:\/\/www.incatrek-ecuador.com\/blog\/wp-content\/uploads\/2017\/09\/didier-laurianne-2017-1024x683.jpg\" class=\"attachment-large size-large\" alt=\"medecin-raid-trail-equateur\" aria-describedby=\"gallery-3-496\" srcset=\"https:\/\/www.incatrek-ecuador.com\/blog\/wp-content\/uploads\/2017\/09\/didier-laurianne-2017-1024x683.jpg 1024w, https:\/\/www.incatrek-ecuador.com\/blog\/wp-content\/uploads\/2017\/09\/didier-laurianne-2017-300x200.jpg 300w, https:\/\/www.incatrek-ecuador.com\/blog\/wp-content\/uploads\/2017\/09\/didier-laurianne-2017-768x512.jpg 768w, https:\/\/www.incatrek-ecuador.com\/blog\/wp-content\/uploads\/2017\/09\/didier-laurianne-2017-370x247.jpg 370w, https:\/\/www.incatrek-ecuador.com\/blog\/wp-content\/uploads\/2017\/09\/didier-laurianne-2017-270x180.jpg 270w, https:\/\/www.incatrek-ecuador.com\/blog\/wp-content\/uploads\/2017\/09\/didier-laurianne-2017-570x380.jpg 570w, https:\/\/www.incatrek-ecuador.com\/blog\/wp-content\/uploads\/2017\/09\/didier-laurianne-2017-770x513.jpg 770w, https:\/\/www.incatrek-ecuador.com\/blog\/wp-content\/uploads\/2017\/09\/didier-laurianne-2017-1170x780.jpg 1170w, https:\/\/www.incatrek-ecuador.com\/blog\/wp-content\/uploads\/2017\/09\/didier-laurianne-2017-870x580.jpg 870w, https:\/\/www.incatrek-ecuador.com\/blog\/wp-content\/uploads\/2017\/09\/didier-laurianne-2017.jpg 2048w\" sizes=\"(max-width: 1024px) 100vw, 1024px\" \/><\/a>\n\t\t\t<\/div>\n\t\t\t\t<figcaption class='wp-caption-text gallery-caption' id='gallery-3-496'>\n\t\t\t\tLe medecin en plein soin durant la premi\u00e8re \u00e9tape\n\t\t\t\t<\/figcaption><\/figure>\n\t\t<\/div>\n\n<h2>2 \u00e8me \u00e9tape<\/h2>\n<p>La seconde journ\u00e9e de course, avec les courbatures de la veille, promettait une \u00e9tape compliqu\u00e9e pour les coureurs et marcheurs. Cette \u00e9tape faisait 22 km avec 1000m de d\u00e9nivel\u00e9 positif, mais c&#8217;est surtout la mont\u00e9e brute de 4km avec 750m de d\u00e9nivel\u00e9 que redoutaient les concurrents. Une \u00e9tape passant d&#8217;abord par les villages avoisinant la communaut\u00e9 de San Clemente, puis finissant par un chemin en pleine nature, seul au monde, avec la vue sur le volcan Cayambe (5 790m). L&#8217;arriv\u00e9e s&#8217;est effectu\u00e9 avec les familles de San Clemente attendant les concurrents avec leurs plateaux repas.<\/p>\n<div id='gallery-4' class='gallery galleryid-483 gallery-columns-2 gallery-size-large'><figure class='gallery-item'>\n\t\t\t<div class='gallery-icon landscape'>\n\t\t\t\t<a href=\"https:\/\/www.incatrek-ecuador.com\/blog\/wp-content\/uploads\/2017\/09\/single-deuxieme-etape-2017.jpg\"><img loading=\"lazy\" decoding=\"async\" width=\"1024\" height=\"683\" src=\"https:\/\/www.incatrek-ecuador.com\/blog\/wp-content\/uploads\/2017\/09\/single-deuxieme-etape-2017-1024x683.jpg\" class=\"attachment-large size-large\" alt=\"voyage-Equateur-andes\" aria-describedby=\"gallery-4-509\" srcset=\"https:\/\/www.incatrek-ecuador.com\/blog\/wp-content\/uploads\/2017\/09\/single-deuxieme-etape-2017-1024x683.jpg 1024w, https:\/\/www.incatrek-ecuador.com\/blog\/wp-content\/uploads\/2017\/09\/single-deuxieme-etape-2017-300x200.jpg 300w, https:\/\/www.incatrek-ecuador.com\/blog\/wp-content\/uploads\/2017\/09\/single-deuxieme-etape-2017-768x512.jpg 768w, https:\/\/www.incatrek-ecuador.com\/blog\/wp-content\/uploads\/2017\/09\/single-deuxieme-etape-2017-370x247.jpg 370w, https:\/\/www.incatrek-ecuador.com\/blog\/wp-content\/uploads\/2017\/09\/single-deuxieme-etape-2017-270x180.jpg 270w, https:\/\/www.incatrek-ecuador.com\/blog\/wp-content\/uploads\/2017\/09\/single-deuxieme-etape-2017-570x380.jpg 570w, https:\/\/www.incatrek-ecuador.com\/blog\/wp-content\/uploads\/2017\/09\/single-deuxieme-etape-2017-770x513.jpg 770w, https:\/\/www.incatrek-ecuador.com\/blog\/wp-content\/uploads\/2017\/09\/single-deuxieme-etape-2017-1170x780.jpg 1170w, https:\/\/www.incatrek-ecuador.com\/blog\/wp-content\/uploads\/2017\/09\/single-deuxieme-etape-2017-870x580.jpg 870w, https:\/\/www.incatrek-ecuador.com\/blog\/wp-content\/uploads\/2017\/09\/single-deuxieme-etape-2017.jpg 2048w\" sizes=\"(max-width: 1024px) 100vw, 1024px\" \/><\/a>\n\t\t\t<\/div>\n\t\t\t\t<figcaption class='wp-caption-text gallery-caption' id='gallery-4-509'>\n\t\t\t\tPassage technique lors de la seconde \u00e9tape dans les Andes\n\t\t\t\t<\/figcaption><\/figure><figure class='gallery-item'>\n\t\t\t<div class='gallery-icon landscape'>\n\t\t\t\t<a href=\"https:\/\/www.incatrek-ecuador.com\/blog\/wp-content\/uploads\/2017\/09\/groupe-famille-san-clemente.jpg\"><img loading=\"lazy\" decoding=\"async\" width=\"1024\" height=\"683\" src=\"https:\/\/www.incatrek-ecuador.com\/blog\/wp-content\/uploads\/2017\/09\/groupe-famille-san-clemente-1024x683.jpg\" class=\"attachment-large size-large\" alt=\"voyage-raid-trek\" aria-describedby=\"gallery-4-500\" srcset=\"https:\/\/www.incatrek-ecuador.com\/blog\/wp-content\/uploads\/2017\/09\/groupe-famille-san-clemente-1024x683.jpg 1024w, https:\/\/www.incatrek-ecuador.com\/blog\/wp-content\/uploads\/2017\/09\/groupe-famille-san-clemente-300x200.jpg 300w, https:\/\/www.incatrek-ecuador.com\/blog\/wp-content\/uploads\/2017\/09\/groupe-famille-san-clemente-768x512.jpg 768w, https:\/\/www.incatrek-ecuador.com\/blog\/wp-content\/uploads\/2017\/09\/groupe-famille-san-clemente-370x247.jpg 370w, https:\/\/www.incatrek-ecuador.com\/blog\/wp-content\/uploads\/2017\/09\/groupe-famille-san-clemente-270x180.jpg 270w, https:\/\/www.incatrek-ecuador.com\/blog\/wp-content\/uploads\/2017\/09\/groupe-famille-san-clemente-570x380.jpg 570w, https:\/\/www.incatrek-ecuador.com\/blog\/wp-content\/uploads\/2017\/09\/groupe-famille-san-clemente-770x513.jpg 770w, https:\/\/www.incatrek-ecuador.com\/blog\/wp-content\/uploads\/2017\/09\/groupe-famille-san-clemente-1170x780.jpg 1170w, https:\/\/www.incatrek-ecuador.com\/blog\/wp-content\/uploads\/2017\/09\/groupe-famille-san-clemente-870x580.jpg 870w, https:\/\/www.incatrek-ecuador.com\/blog\/wp-content\/uploads\/2017\/09\/groupe-famille-san-clemente.jpg 2048w\" sizes=\"(max-width: 1024px) 100vw, 1024px\" \/><\/a>\n\t\t\t<\/div>\n\t\t\t\t<figcaption class='wp-caption-text gallery-caption' id='gallery-4-500'>\n\t\t\t\tD\u00e9part de la seconde \u00e9tape depuis San Clemente\n\t\t\t\t<\/figcaption><\/figure>\n\t\t<\/div>\n\n<h2>3 \u00e8me \u00e9tape<\/h2>\n<p>Changement de d\u00e9cors pour cette troisi\u00e8me \u00e9tape avec une course de 24 km au coeur du parc Cotopaxi. La vraie difficult\u00e9 de ce parcours ne fut pas le d\u00e9nivel\u00e9, seulement 250 de D+, mais bien l&#8217;altitude \u00e0 laquelle les concurrents devaient \u00e9voluer. Les coureurs et marcheurs sont mont\u00e9s jusqu&#8217;\u00e0 3 900m. Une vraie difficult\u00e9 quand on sait que le mauvais climat de la journ\u00e9e est venu s&#8217;ajouter \u00e0 cette altitude. En effet, la brume, et surtout le vent sont venus accompagner les participants. Un d\u00e9cors lunaire, voir apocalyptique on permis de rendre cette \u00e9tape fabuleuse et mystique.<\/p>\n<div id='gallery-5' class='gallery galleryid-483 gallery-columns-2 gallery-size-large'><figure class='gallery-item'>\n\t\t\t<div class='gallery-icon landscape'>\n\t\t\t\t<a href=\"https:\/\/www.incatrek-ecuador.com\/blog\/wp-content\/uploads\/2017\/09\/depart-marcheurs-parc-cotopaxi.jpg\"><img loading=\"lazy\" decoding=\"async\" width=\"1024\" height=\"683\" src=\"https:\/\/www.incatrek-ecuador.com\/blog\/wp-content\/uploads\/2017\/09\/depart-marcheurs-parc-cotopaxi-1024x683.jpg\" class=\"attachment-large size-large\" alt=\"voyage-cotopaxi-volcan\" aria-describedby=\"gallery-5-493\" srcset=\"https:\/\/www.incatrek-ecuador.com\/blog\/wp-content\/uploads\/2017\/09\/depart-marcheurs-parc-cotopaxi-1024x683.jpg 1024w, https:\/\/www.incatrek-ecuador.com\/blog\/wp-content\/uploads\/2017\/09\/depart-marcheurs-parc-cotopaxi-300x200.jpg 300w, https:\/\/www.incatrek-ecuador.com\/blog\/wp-content\/uploads\/2017\/09\/depart-marcheurs-parc-cotopaxi-768x512.jpg 768w, https:\/\/www.incatrek-ecuador.com\/blog\/wp-content\/uploads\/2017\/09\/depart-marcheurs-parc-cotopaxi-370x247.jpg 370w, https:\/\/www.incatrek-ecuador.com\/blog\/wp-content\/uploads\/2017\/09\/depart-marcheurs-parc-cotopaxi-270x180.jpg 270w, https:\/\/www.incatrek-ecuador.com\/blog\/wp-content\/uploads\/2017\/09\/depart-marcheurs-parc-cotopaxi-570x380.jpg 570w, https:\/\/www.incatrek-ecuador.com\/blog\/wp-content\/uploads\/2017\/09\/depart-marcheurs-parc-cotopaxi-770x513.jpg 770w, https:\/\/www.incatrek-ecuador.com\/blog\/wp-content\/uploads\/2017\/09\/depart-marcheurs-parc-cotopaxi-1170x780.jpg 1170w, https:\/\/www.incatrek-ecuador.com\/blog\/wp-content\/uploads\/2017\/09\/depart-marcheurs-parc-cotopaxi-870x580.jpg 870w, https:\/\/www.incatrek-ecuador.com\/blog\/wp-content\/uploads\/2017\/09\/depart-marcheurs-parc-cotopaxi.jpg 2048w\" sizes=\"(max-width: 1024px) 100vw, 1024px\" \/><\/a>\n\t\t\t<\/div>\n\t\t\t\t<figcaption class='wp-caption-text gallery-caption' id='gallery-5-493'>\n\t\t\t\tD\u00e9part marcheurs de l&#8217;\u00e9tape du Parc Cotopaxi\n\t\t\t\t<\/figcaption><\/figure><figure class='gallery-item'>\n\t\t\t<div class='gallery-icon landscape'>\n\t\t\t\t<a href=\"https:\/\/www.incatrek-ecuador.com\/blog\/wp-content\/uploads\/2017\/09\/parc-cotopaxi-2017.jpg\"><img loading=\"lazy\" decoding=\"async\" width=\"1024\" height=\"683\" src=\"https:\/\/www.incatrek-ecuador.com\/blog\/wp-content\/uploads\/2017\/09\/parc-cotopaxi-2017-1024x683.jpg\" class=\"attachment-large size-large\" alt=\"voyage-equateur\" aria-describedby=\"gallery-5-503\" srcset=\"https:\/\/www.incatrek-ecuador.com\/blog\/wp-content\/uploads\/2017\/09\/parc-cotopaxi-2017-1024x683.jpg 1024w, https:\/\/www.incatrek-ecuador.com\/blog\/wp-content\/uploads\/2017\/09\/parc-cotopaxi-2017-300x200.jpg 300w, https:\/\/www.incatrek-ecuador.com\/blog\/wp-content\/uploads\/2017\/09\/parc-cotopaxi-2017-768x512.jpg 768w, https:\/\/www.incatrek-ecuador.com\/blog\/wp-content\/uploads\/2017\/09\/parc-cotopaxi-2017-370x247.jpg 370w, https:\/\/www.incatrek-ecuador.com\/blog\/wp-content\/uploads\/2017\/09\/parc-cotopaxi-2017-270x180.jpg 270w, https:\/\/www.incatrek-ecuador.com\/blog\/wp-content\/uploads\/2017\/09\/parc-cotopaxi-2017-570x380.jpg 570w, https:\/\/www.incatrek-ecuador.com\/blog\/wp-content\/uploads\/2017\/09\/parc-cotopaxi-2017-770x513.jpg 770w, https:\/\/www.incatrek-ecuador.com\/blog\/wp-content\/uploads\/2017\/09\/parc-cotopaxi-2017-1170x780.jpg 1170w, https:\/\/www.incatrek-ecuador.com\/blog\/wp-content\/uploads\/2017\/09\/parc-cotopaxi-2017-870x580.jpg 870w, https:\/\/www.incatrek-ecuador.com\/blog\/wp-content\/uploads\/2017\/09\/parc-cotopaxi-2017.jpg 2048w\" sizes=\"(max-width: 1024px) 100vw, 1024px\" \/><\/a>\n\t\t\t<\/div>\n\t\t\t\t<figcaption class='wp-caption-text gallery-caption' id='gallery-5-503'>\n\t\t\t\t\u00c9tape mystique dans le parc Cotopaxi\n\t\t\t\t<\/figcaption><\/figure>\n\t\t<\/div>\n\n<h2>4 \u00e8me \u00e9tape<\/h2>\n<p>Premi\u00e8re \u00e9tape dans la r\u00e9gion de Tena en for\u00eat amazonienne secondaire. Les coureurs ont pu troquer leur coupe vent contre casquette, d\u00e9bardeur et cr\u00e8me solaire. Apr\u00e8s 3 km de piste, venait 6 km de mont\u00e9e avec 700m de d\u00e9nivel\u00e9 positif dans la for\u00eat amazonienne. L&#8217;\u00e9tape s&#8217;est termin\u00e9e par de la descente sur piste, endurcis par le soleil tr\u00e8s pr\u00e9sent jour l\u00e0. Une arriv\u00e9e au lodge agr\u00e9able avec sa piscine pour s&#8217;y reposer.<\/p>\n<div id='gallery-6' class='gallery galleryid-483 gallery-columns-2 gallery-size-large'><figure class='gallery-item'>\n\t\t\t<div class='gallery-icon landscape'>\n\t\t\t\t<a href=\"https:\/\/www.incatrek-ecuador.com\/blog\/wp-content\/uploads\/2017\/09\/depart-premiere-etape-amazonie.jpg\"><img loading=\"lazy\" decoding=\"async\" width=\"1024\" height=\"683\" src=\"https:\/\/www.incatrek-ecuador.com\/blog\/wp-content\/uploads\/2017\/09\/depart-premiere-etape-amazonie-1024x683.jpg\" class=\"attachment-large size-large\" alt=\"amazonie-equateur\" aria-describedby=\"gallery-6-494\" srcset=\"https:\/\/www.incatrek-ecuador.com\/blog\/wp-content\/uploads\/2017\/09\/depart-premiere-etape-amazonie-1024x683.jpg 1024w, https:\/\/www.incatrek-ecuador.com\/blog\/wp-content\/uploads\/2017\/09\/depart-premiere-etape-amazonie-300x200.jpg 300w, https:\/\/www.incatrek-ecuador.com\/blog\/wp-content\/uploads\/2017\/09\/depart-premiere-etape-amazonie-768x512.jpg 768w, https:\/\/www.incatrek-ecuador.com\/blog\/wp-content\/uploads\/2017\/09\/depart-premiere-etape-amazonie-370x247.jpg 370w, https:\/\/www.incatrek-ecuador.com\/blog\/wp-content\/uploads\/2017\/09\/depart-premiere-etape-amazonie-270x180.jpg 270w, https:\/\/www.incatrek-ecuador.com\/blog\/wp-content\/uploads\/2017\/09\/depart-premiere-etape-amazonie-570x380.jpg 570w, https:\/\/www.incatrek-ecuador.com\/blog\/wp-content\/uploads\/2017\/09\/depart-premiere-etape-amazonie-770x513.jpg 770w, https:\/\/www.incatrek-ecuador.com\/blog\/wp-content\/uploads\/2017\/09\/depart-premiere-etape-amazonie-1170x780.jpg 1170w, https:\/\/www.incatrek-ecuador.com\/blog\/wp-content\/uploads\/2017\/09\/depart-premiere-etape-amazonie-870x580.jpg 870w, https:\/\/www.incatrek-ecuador.com\/blog\/wp-content\/uploads\/2017\/09\/depart-premiere-etape-amazonie.jpg 2048w\" sizes=\"(max-width: 1024px) 100vw, 1024px\" \/><\/a>\n\t\t\t<\/div>\n\t\t\t\t<figcaption class='wp-caption-text gallery-caption' id='gallery-6-494'>\n\t\t\t\tD\u00e9part de la premi\u00e8re \u00e9tape en Amazonie\n\t\t\t\t<\/figcaption><\/figure><figure class='gallery-item'>\n\t\t\t<div class='gallery-icon landscape'>\n\t\t\t\t<a href=\"https:\/\/www.incatrek-ecuador.com\/blog\/wp-content\/uploads\/2017\/09\/premie\u0300re-etape-amazonie.jpg\"><img loading=\"lazy\" decoding=\"async\" width=\"1024\" height=\"683\" src=\"https:\/\/www.incatrek-ecuador.com\/blog\/wp-content\/uploads\/2017\/09\/premie\u0300re-etape-amazonie-1024x683.jpg\" class=\"attachment-large size-large\" alt=\"Voyage-raid\" aria-describedby=\"gallery-6-507\" srcset=\"https:\/\/www.incatrek-ecuador.com\/blog\/wp-content\/uploads\/2017\/09\/premie\u0300re-etape-amazonie-1024x683.jpg 1024w, https:\/\/www.incatrek-ecuador.com\/blog\/wp-content\/uploads\/2017\/09\/premie\u0300re-etape-amazonie-300x200.jpg 300w, https:\/\/www.incatrek-ecuador.com\/blog\/wp-content\/uploads\/2017\/09\/premie\u0300re-etape-amazonie-768x512.jpg 768w, https:\/\/www.incatrek-ecuador.com\/blog\/wp-content\/uploads\/2017\/09\/premie\u0300re-etape-amazonie-370x247.jpg 370w, https:\/\/www.incatrek-ecuador.com\/blog\/wp-content\/uploads\/2017\/09\/premie\u0300re-etape-amazonie-270x180.jpg 270w, https:\/\/www.incatrek-ecuador.com\/blog\/wp-content\/uploads\/2017\/09\/premie\u0300re-etape-amazonie-570x380.jpg 570w, https:\/\/www.incatrek-ecuador.com\/blog\/wp-content\/uploads\/2017\/09\/premie\u0300re-etape-amazonie-770x513.jpg 770w, https:\/\/www.incatrek-ecuador.com\/blog\/wp-content\/uploads\/2017\/09\/premie\u0300re-etape-amazonie-1170x780.jpg 1170w, https:\/\/www.incatrek-ecuador.com\/blog\/wp-content\/uploads\/2017\/09\/premie\u0300re-etape-amazonie-870x580.jpg 870w, https:\/\/www.incatrek-ecuador.com\/blog\/wp-content\/uploads\/2017\/09\/premie\u0300re-etape-amazonie.jpg 2048w\" sizes=\"(max-width: 1024px) 100vw, 1024px\" \/><\/a>\n\t\t\t<\/div>\n\t\t\t\t<figcaption class='wp-caption-text gallery-caption' id='gallery-6-507'>\n\t\t\t\tPremi\u00e8re \u00e9tape en Amazonie pour les concurents\n\t\t\t\t<\/figcaption><\/figure>\n\t\t<\/div>\n\n<h2>5 \u00e8me \u00e9tape<\/h2>\n<p>Pour la derni\u00e8re \u00e9tape, encore plus de for\u00eat pour encore plus de plaisir. Une course de 17 km avec ni plus ni moins 12 km de for\u00eat amazonienne. L&#8217;arriv\u00e9e spectaculaire sur un pont au dessus d&#8217;une rivi\u00e8re bleue turquoise offre une belle mani\u00e8re de cl\u00f4turer ces 5 jours d&#8217;\u00e9tapes o\u00f9 les organismes ont souffert.<\/p>\n<p>Au total ce sont 105 km de course repartis entre ces 5 \u00e9tapes. Une vari\u00e9t\u00e9 de paysages, d&#8217;altitudes et de climats. L&#8217;Equateur \u00e9tant le pays id\u00e9al pour passer de l&#8217;altitude de la cordill\u00e8re des Andes, \u00e0 la chaleur humide de l&#8217;Amazonie.<\/p>\n<div id='gallery-7' class='gallery galleryid-483 gallery-columns-3 gallery-size-large'><figure class='gallery-item'>\n\t\t\t<div class='gallery-icon landscape'>\n\t\t\t\t<a href=\"https:\/\/www.incatrek-ecuador.com\/blog\/wp-content\/uploads\/2017\/09\/arrive\u0301e-pere-fils-derniere-etape.jpg\"><img loading=\"lazy\" decoding=\"async\" width=\"1024\" height=\"683\" src=\"https:\/\/www.incatrek-ecuador.com\/blog\/wp-content\/uploads\/2017\/09\/arrive\u0301e-pere-fils-derniere-etape-1024x683.jpg\" class=\"attachment-large size-large\" alt=\"raid-2017\" aria-describedby=\"gallery-7-490\" srcset=\"https:\/\/www.incatrek-ecuador.com\/blog\/wp-content\/uploads\/2017\/09\/arrive\u0301e-pere-fils-derniere-etape-1024x683.jpg 1024w, https:\/\/www.incatrek-ecuador.com\/blog\/wp-content\/uploads\/2017\/09\/arrive\u0301e-pere-fils-derniere-etape-300x200.jpg 300w, https:\/\/www.incatrek-ecuador.com\/blog\/wp-content\/uploads\/2017\/09\/arrive\u0301e-pere-fils-derniere-etape-768x512.jpg 768w, https:\/\/www.incatrek-ecuador.com\/blog\/wp-content\/uploads\/2017\/09\/arrive\u0301e-pere-fils-derniere-etape-370x247.jpg 370w, https:\/\/www.incatrek-ecuador.com\/blog\/wp-content\/uploads\/2017\/09\/arrive\u0301e-pere-fils-derniere-etape-270x180.jpg 270w, https:\/\/www.incatrek-ecuador.com\/blog\/wp-content\/uploads\/2017\/09\/arrive\u0301e-pere-fils-derniere-etape-570x380.jpg 570w, https:\/\/www.incatrek-ecuador.com\/blog\/wp-content\/uploads\/2017\/09\/arrive\u0301e-pere-fils-derniere-etape-770x513.jpg 770w, https:\/\/www.incatrek-ecuador.com\/blog\/wp-content\/uploads\/2017\/09\/arrive\u0301e-pere-fils-derniere-etape-1170x780.jpg 1170w, https:\/\/www.incatrek-ecuador.com\/blog\/wp-content\/uploads\/2017\/09\/arrive\u0301e-pere-fils-derniere-etape-870x580.jpg 870w, https:\/\/www.incatrek-ecuador.com\/blog\/wp-content\/uploads\/2017\/09\/arrive\u0301e-pere-fils-derniere-etape.jpg 2048w\" sizes=\"(max-width: 1024px) 100vw, 1024px\" \/><\/a>\n\t\t\t<\/div>\n\t\t\t\t<figcaption class='wp-caption-text gallery-caption' id='gallery-7-490'>\n\t\t\t\tP\u00e8re et fils \u00e0 l&#8217;arriv\u00e9e de la derni\u00e8re \u00e9tape\n\t\t\t\t<\/figcaption><\/figure><figure class='gallery-item'>\n\t\t\t<div class='gallery-icon landscape'>\n\t\t\t\t<a href=\"https:\/\/www.incatrek-ecuador.com\/blog\/wp-content\/uploads\/2017\/09\/arrive\u0301e-raid-2017-pont.jpg\"><img loading=\"lazy\" decoding=\"async\" width=\"1024\" height=\"683\" src=\"https:\/\/www.incatrek-ecuador.com\/blog\/wp-content\/uploads\/2017\/09\/arrive\u0301e-raid-2017-pont-1024x683.jpg\" class=\"attachment-large size-large\" alt=\"amazonie-raid\" aria-describedby=\"gallery-7-491\" srcset=\"https:\/\/www.incatrek-ecuador.com\/blog\/wp-content\/uploads\/2017\/09\/arrive\u0301e-raid-2017-pont-1024x683.jpg 1024w, https:\/\/www.incatrek-ecuador.com\/blog\/wp-content\/uploads\/2017\/09\/arrive\u0301e-raid-2017-pont-300x200.jpg 300w, https:\/\/www.incatrek-ecuador.com\/blog\/wp-content\/uploads\/2017\/09\/arrive\u0301e-raid-2017-pont-768x512.jpg 768w, https:\/\/www.incatrek-ecuador.com\/blog\/wp-content\/uploads\/2017\/09\/arrive\u0301e-raid-2017-pont-370x247.jpg 370w, https:\/\/www.incatrek-ecuador.com\/blog\/wp-content\/uploads\/2017\/09\/arrive\u0301e-raid-2017-pont-270x180.jpg 270w, https:\/\/www.incatrek-ecuador.com\/blog\/wp-content\/uploads\/2017\/09\/arrive\u0301e-raid-2017-pont-570x380.jpg 570w, https:\/\/www.incatrek-ecuador.com\/blog\/wp-content\/uploads\/2017\/09\/arrive\u0301e-raid-2017-pont-770x513.jpg 770w, https:\/\/www.incatrek-ecuador.com\/blog\/wp-content\/uploads\/2017\/09\/arrive\u0301e-raid-2017-pont-1170x780.jpg 1170w, https:\/\/www.incatrek-ecuador.com\/blog\/wp-content\/uploads\/2017\/09\/arrive\u0301e-raid-2017-pont-870x580.jpg 870w, https:\/\/www.incatrek-ecuador.com\/blog\/wp-content\/uploads\/2017\/09\/arrive\u0301e-raid-2017-pont.jpg 2048w\" sizes=\"(max-width: 1024px) 100vw, 1024px\" \/><\/a>\n\t\t\t<\/div>\n\t\t\t\t<figcaption class='wp-caption-text gallery-caption' id='gallery-7-491'>\n\t\t\t\tArriv\u00e9e group\u00e9e sur le pont de la derni\u00e8re \u00e9tape\n\n\t\t\t\t<\/figcaption><\/figure><figure class='gallery-item'>\n\t\t\t<div class='gallery-icon landscape'>\n\t\t\t\t<a href=\"https:\/\/www.incatrek-ecuador.com\/blog\/wp-content\/uploads\/2017\/09\/arrive\u0301e-dernie\u0300re-etape-couple-2017.jpg\"><img loading=\"lazy\" decoding=\"async\" width=\"1024\" height=\"683\" src=\"https:\/\/www.incatrek-ecuador.com\/blog\/wp-content\/uploads\/2017\/09\/arrive\u0301e-dernie\u0300re-etape-couple-2017-1024x683.jpg\" class=\"attachment-large size-large\" alt=\"voyage-raid.2017\" aria-describedby=\"gallery-7-488\" srcset=\"https:\/\/www.incatrek-ecuador.com\/blog\/wp-content\/uploads\/2017\/09\/arrive\u0301e-dernie\u0300re-etape-couple-2017-1024x683.jpg 1024w, https:\/\/www.incatrek-ecuador.com\/blog\/wp-content\/uploads\/2017\/09\/arrive\u0301e-dernie\u0300re-etape-couple-2017-300x200.jpg 300w, https:\/\/www.incatrek-ecuador.com\/blog\/wp-content\/uploads\/2017\/09\/arrive\u0301e-dernie\u0300re-etape-couple-2017-768x512.jpg 768w, https:\/\/www.incatrek-ecuador.com\/blog\/wp-content\/uploads\/2017\/09\/arrive\u0301e-dernie\u0300re-etape-couple-2017-370x247.jpg 370w, https:\/\/www.incatrek-ecuador.com\/blog\/wp-content\/uploads\/2017\/09\/arrive\u0301e-dernie\u0300re-etape-couple-2017-270x180.jpg 270w, https:\/\/www.incatrek-ecuador.com\/blog\/wp-content\/uploads\/2017\/09\/arrive\u0301e-dernie\u0300re-etape-couple-2017-570x380.jpg 570w, https:\/\/www.incatrek-ecuador.com\/blog\/wp-content\/uploads\/2017\/09\/arrive\u0301e-dernie\u0300re-etape-couple-2017-770x513.jpg 770w, https:\/\/www.incatrek-ecuador.com\/blog\/wp-content\/uploads\/2017\/09\/arrive\u0301e-dernie\u0300re-etape-couple-2017-1170x780.jpg 1170w, https:\/\/www.incatrek-ecuador.com\/blog\/wp-content\/uploads\/2017\/09\/arrive\u0301e-dernie\u0300re-etape-couple-2017-870x580.jpg 870w, https:\/\/www.incatrek-ecuador.com\/blog\/wp-content\/uploads\/2017\/09\/arrive\u0301e-dernie\u0300re-etape-couple-2017.jpg 2048w\" sizes=\"(max-width: 1024px) 100vw, 1024px\" \/><\/a>\n\t\t\t<\/div>\n\t\t\t\t<figcaption class='wp-caption-text gallery-caption' id='gallery-7-488'>\n\t\t\t\tVisages marqu\u00e9s \u00e0 la fin de ce raid\n\t\t\t\t<\/figcaption><\/figure>\n\t\t<\/div>\n\n<h2 style=\"text-align: center;\"><span style=\"text-decoration: underline;\"><strong>Points forts du s\u00e9jour en photo<\/strong><\/span><\/h2>\n<p style=\"text-align: center;\"><span style=\"text-decoration: underline;\">Lagune Cuicocha.<\/span><\/p>\n<div id='gallery-8' class='gallery galleryid-483 gallery-columns-1 gallery-size-large'><figure class='gallery-item'>\n\t\t\t<div class='gallery-icon landscape'>\n\t\t\t\t<a href=\"https:\/\/www.incatrek-ecuador.com\/blog\/wp-content\/uploads\/2017\/09\/laguna-cuicocha-otavalo.jpg\"><img loading=\"lazy\" decoding=\"async\" width=\"1024\" height=\"768\" src=\"https:\/\/www.incatrek-ecuador.com\/blog\/wp-content\/uploads\/2017\/09\/laguna-cuicocha-otavalo-1024x768.jpg\" class=\"attachment-large size-large\" alt=\"voyage-lagune-tradition\" aria-describedby=\"gallery-8-517\" srcset=\"https:\/\/www.incatrek-ecuador.com\/blog\/wp-content\/uploads\/2017\/09\/laguna-cuicocha-otavalo-1024x768.jpg 1024w, https:\/\/www.incatrek-ecuador.com\/blog\/wp-content\/uploads\/2017\/09\/laguna-cuicocha-otavalo-300x225.jpg 300w, https:\/\/www.incatrek-ecuador.com\/blog\/wp-content\/uploads\/2017\/09\/laguna-cuicocha-otavalo-768x576.jpg 768w, https:\/\/www.incatrek-ecuador.com\/blog\/wp-content\/uploads\/2017\/09\/laguna-cuicocha-otavalo-370x278.jpg 370w, https:\/\/www.incatrek-ecuador.com\/blog\/wp-content\/uploads\/2017\/09\/laguna-cuicocha-otavalo-570x428.jpg 570w, https:\/\/www.incatrek-ecuador.com\/blog\/wp-content\/uploads\/2017\/09\/laguna-cuicocha-otavalo-770x578.jpg 770w, https:\/\/www.incatrek-ecuador.com\/blog\/wp-content\/uploads\/2017\/09\/laguna-cuicocha-otavalo-1170x878.jpg 1170w, https:\/\/www.incatrek-ecuador.com\/blog\/wp-content\/uploads\/2017\/09\/laguna-cuicocha-otavalo-773x580.jpg 773w, https:\/\/www.incatrek-ecuador.com\/blog\/wp-content\/uploads\/2017\/09\/laguna-cuicocha-otavalo.jpg 1600w\" sizes=\"(max-width: 1024px) 100vw, 1024px\" \/><\/a>\n\t\t\t<\/div>\n\t\t\t\t<figcaption class='wp-caption-text gallery-caption' id='gallery-8-517'>\n\t\t\t\tLa lagune Cuicocha dans la r\u00e9gion d&#8217;Otavalo\n\t\t\t\t<\/figcaption><\/figure>\n\t\t<\/div>\n\n<p style=\"text-align: center;\"><span style=\"text-decoration: underline;\">Ascension du volcan Fuya Fuya.<\/span><\/p>\n<div id='gallery-9' class='gallery galleryid-483 gallery-columns-1 gallery-size-large'><figure class='gallery-item'>\n\t\t\t<div class='gallery-icon landscape'>\n\t\t\t\t<a href=\"https:\/\/www.incatrek-ecuador.com\/blog\/wp-content\/uploads\/2017\/09\/lagune-mojanda-fuya-fuya.jpg\"><img loading=\"lazy\" decoding=\"async\" width=\"1024\" height=\"768\" src=\"https:\/\/www.incatrek-ecuador.com\/blog\/wp-content\/uploads\/2017\/09\/lagune-mojanda-fuya-fuya-1024x768.jpg\" class=\"attachment-large size-large\" alt=\"volcan-equateur-voyage\" aria-describedby=\"gallery-9-518\" srcset=\"https:\/\/www.incatrek-ecuador.com\/blog\/wp-content\/uploads\/2017\/09\/lagune-mojanda-fuya-fuya-1024x768.jpg 1024w, https:\/\/www.incatrek-ecuador.com\/blog\/wp-content\/uploads\/2017\/09\/lagune-mojanda-fuya-fuya-300x225.jpg 300w, https:\/\/www.incatrek-ecuador.com\/blog\/wp-content\/uploads\/2017\/09\/lagune-mojanda-fuya-fuya-768x576.jpg 768w, https:\/\/www.incatrek-ecuador.com\/blog\/wp-content\/uploads\/2017\/09\/lagune-mojanda-fuya-fuya-370x278.jpg 370w, https:\/\/www.incatrek-ecuador.com\/blog\/wp-content\/uploads\/2017\/09\/lagune-mojanda-fuya-fuya-570x428.jpg 570w, https:\/\/www.incatrek-ecuador.com\/blog\/wp-content\/uploads\/2017\/09\/lagune-mojanda-fuya-fuya-770x578.jpg 770w, https:\/\/www.incatrek-ecuador.com\/blog\/wp-content\/uploads\/2017\/09\/lagune-mojanda-fuya-fuya-1170x878.jpg 1170w, https:\/\/www.incatrek-ecuador.com\/blog\/wp-content\/uploads\/2017\/09\/lagune-mojanda-fuya-fuya-773x580.jpg 773w\" sizes=\"(max-width: 1024px) 100vw, 1024px\" \/><\/a>\n\t\t\t<\/div>\n\t\t\t\t<figcaption class='wp-caption-text gallery-caption' id='gallery-9-518'>\n\t\t\t\tAcclimatation  sur le volcan Fuya Fuya\n\t\t\t\t<\/figcaption><\/figure>\n\t\t<\/div>\n\n<p style=\"text-align: center;\"><span style=\"text-decoration: underline;\">Rencontres et nuits avec la communaut\u00e9 de San Clemente. Une mani\u00e8re de vivre diff\u00e9rente de ce que l&#8217;on peut trouver dans les villes \u00e9quatoriennes.<\/span><\/p>\n<div id='gallery-10' class='gallery galleryid-483 gallery-columns-2 gallery-size-large'><figure class='gallery-item'>\n\t\t\t<div class='gallery-icon landscape'>\n\t\t\t\t<a href=\"https:\/\/www.incatrek-ecuador.com\/blog\/wp-content\/uploads\/2017\/09\/groupe-famille-san-clemente.jpg\"><img loading=\"lazy\" decoding=\"async\" width=\"1024\" height=\"683\" src=\"https:\/\/www.incatrek-ecuador.com\/blog\/wp-content\/uploads\/2017\/09\/groupe-famille-san-clemente-1024x683.jpg\" class=\"attachment-large size-large\" alt=\"voyage-raid-trek\" aria-describedby=\"gallery-10-500\" srcset=\"https:\/\/www.incatrek-ecuador.com\/blog\/wp-content\/uploads\/2017\/09\/groupe-famille-san-clemente-1024x683.jpg 1024w, https:\/\/www.incatrek-ecuador.com\/blog\/wp-content\/uploads\/2017\/09\/groupe-famille-san-clemente-300x200.jpg 300w, https:\/\/www.incatrek-ecuador.com\/blog\/wp-content\/uploads\/2017\/09\/groupe-famille-san-clemente-768x512.jpg 768w, https:\/\/www.incatrek-ecuador.com\/blog\/wp-content\/uploads\/2017\/09\/groupe-famille-san-clemente-370x247.jpg 370w, https:\/\/www.incatrek-ecuador.com\/blog\/wp-content\/uploads\/2017\/09\/groupe-famille-san-clemente-270x180.jpg 270w, https:\/\/www.incatrek-ecuador.com\/blog\/wp-content\/uploads\/2017\/09\/groupe-famille-san-clemente-570x380.jpg 570w, https:\/\/www.incatrek-ecuador.com\/blog\/wp-content\/uploads\/2017\/09\/groupe-famille-san-clemente-770x513.jpg 770w, https:\/\/www.incatrek-ecuador.com\/blog\/wp-content\/uploads\/2017\/09\/groupe-famille-san-clemente-1170x780.jpg 1170w, https:\/\/www.incatrek-ecuador.com\/blog\/wp-content\/uploads\/2017\/09\/groupe-famille-san-clemente-870x580.jpg 870w, https:\/\/www.incatrek-ecuador.com\/blog\/wp-content\/uploads\/2017\/09\/groupe-famille-san-clemente.jpg 2048w\" sizes=\"(max-width: 1024px) 100vw, 1024px\" \/><\/a>\n\t\t\t<\/div>\n\t\t\t\t<figcaption class='wp-caption-text gallery-caption' id='gallery-10-500'>\n\t\t\t\tD\u00e9part de la seconde \u00e9tape depuis San Clemente\n\t\t\t\t<\/figcaption><\/figure><figure class='gallery-item'>\n\t\t\t<div class='gallery-icon landscape'>\n\t\t\t\t<a href=\"https:\/\/www.incatrek-ecuador.com\/blog\/wp-content\/uploads\/2017\/09\/famille-san-clemente.jpg\"><img loading=\"lazy\" decoding=\"async\" width=\"1024\" height=\"683\" src=\"https:\/\/www.incatrek-ecuador.com\/blog\/wp-content\/uploads\/2017\/09\/famille-san-clemente-1024x683.jpg\" class=\"attachment-large size-large\" alt=\"equateur-voyage\" aria-describedby=\"gallery-10-497\" srcset=\"https:\/\/www.incatrek-ecuador.com\/blog\/wp-content\/uploads\/2017\/09\/famille-san-clemente-1024x683.jpg 1024w, https:\/\/www.incatrek-ecuador.com\/blog\/wp-content\/uploads\/2017\/09\/famille-san-clemente-300x200.jpg 300w, https:\/\/www.incatrek-ecuador.com\/blog\/wp-content\/uploads\/2017\/09\/famille-san-clemente-768x512.jpg 768w, https:\/\/www.incatrek-ecuador.com\/blog\/wp-content\/uploads\/2017\/09\/famille-san-clemente-370x247.jpg 370w, https:\/\/www.incatrek-ecuador.com\/blog\/wp-content\/uploads\/2017\/09\/famille-san-clemente-270x180.jpg 270w, https:\/\/www.incatrek-ecuador.com\/blog\/wp-content\/uploads\/2017\/09\/famille-san-clemente-570x380.jpg 570w, https:\/\/www.incatrek-ecuador.com\/blog\/wp-content\/uploads\/2017\/09\/famille-san-clemente-770x513.jpg 770w, https:\/\/www.incatrek-ecuador.com\/blog\/wp-content\/uploads\/2017\/09\/famille-san-clemente-1170x780.jpg 1170w, https:\/\/www.incatrek-ecuador.com\/blog\/wp-content\/uploads\/2017\/09\/famille-san-clemente-870x580.jpg 870w, https:\/\/www.incatrek-ecuador.com\/blog\/wp-content\/uploads\/2017\/09\/famille-san-clemente.jpg 2048w\" sizes=\"(max-width: 1024px) 100vw, 1024px\" \/><\/a>\n\t\t\t<\/div>\n\t\t\t\t<figcaption class='wp-caption-text gallery-caption' id='gallery-10-497'>\n\t\t\t\tFamille de la communaut\u00e9 de San Clemente\n\t\t\t\t<\/figcaption><\/figure>\n\t\t<\/div>\n\n<p style=\"text-align: center;\"><span style=\"text-decoration: underline;\">Le parc Cotopaxi, une des plus belles r\u00e9serve naturelle d&#8217;Equateur (et du monde) avec ses paysages lunaires, \u00e0 pr\u00e8s de 4 000m d&#8217;altitude.<\/span><\/p>\n<div id='gallery-11' class='gallery galleryid-483 gallery-columns-2 gallery-size-large'><figure class='gallery-item'>\n\t\t\t<div class='gallery-icon landscape'>\n\t\t\t\t<a href=\"https:\/\/www.incatrek-ecuador.com\/blog\/wp-content\/uploads\/2017\/09\/cotopaxi-nuage-parc.jpg\"><img loading=\"lazy\" decoding=\"async\" width=\"1024\" height=\"576\" src=\"https:\/\/www.incatrek-ecuador.com\/blog\/wp-content\/uploads\/2017\/09\/cotopaxi-nuage-parc-1024x576.jpg\" class=\"attachment-large size-large\" alt=\"voyage-parc-volcan\" aria-describedby=\"gallery-11-519\" srcset=\"https:\/\/www.incatrek-ecuador.com\/blog\/wp-content\/uploads\/2017\/09\/cotopaxi-nuage-parc-1024x576.jpg 1024w, https:\/\/www.incatrek-ecuador.com\/blog\/wp-content\/uploads\/2017\/09\/cotopaxi-nuage-parc-300x169.jpg 300w, https:\/\/www.incatrek-ecuador.com\/blog\/wp-content\/uploads\/2017\/09\/cotopaxi-nuage-parc-768x432.jpg 768w, https:\/\/www.incatrek-ecuador.com\/blog\/wp-content\/uploads\/2017\/09\/cotopaxi-nuage-parc-370x208.jpg 370w, https:\/\/www.incatrek-ecuador.com\/blog\/wp-content\/uploads\/2017\/09\/cotopaxi-nuage-parc-570x321.jpg 570w, https:\/\/www.incatrek-ecuador.com\/blog\/wp-content\/uploads\/2017\/09\/cotopaxi-nuage-parc-770x433.jpg 770w, https:\/\/www.incatrek-ecuador.com\/blog\/wp-content\/uploads\/2017\/09\/cotopaxi-nuage-parc-1170x658.jpg 1170w, https:\/\/www.incatrek-ecuador.com\/blog\/wp-content\/uploads\/2017\/09\/cotopaxi-nuage-parc-1031x580.jpg 1031w\" sizes=\"(max-width: 1024px) 100vw, 1024px\" \/><\/a>\n\t\t\t<\/div>\n\t\t\t\t<figcaption class='wp-caption-text gallery-caption' id='gallery-11-519'>\n\t\t\t\tParc Cotopaxi\n\t\t\t\t<\/figcaption><\/figure><figure class='gallery-item'>\n\t\t\t<div class='gallery-icon landscape'>\n\t\t\t\t<a href=\"https:\/\/www.incatrek-ecuador.com\/blog\/wp-content\/uploads\/2017\/09\/etape-cotopaxi.jpg\"><img loading=\"lazy\" decoding=\"async\" width=\"1024\" height=\"683\" src=\"https:\/\/www.incatrek-ecuador.com\/blog\/wp-content\/uploads\/2017\/09\/etape-cotopaxi-1024x683.jpg\" class=\"attachment-large size-large\" alt=\"andes-reserve\" aria-describedby=\"gallery-11-520\" srcset=\"https:\/\/www.incatrek-ecuador.com\/blog\/wp-content\/uploads\/2017\/09\/etape-cotopaxi-1024x683.jpg 1024w, https:\/\/www.incatrek-ecuador.com\/blog\/wp-content\/uploads\/2017\/09\/etape-cotopaxi-300x200.jpg 300w, https:\/\/www.incatrek-ecuador.com\/blog\/wp-content\/uploads\/2017\/09\/etape-cotopaxi-768x512.jpg 768w, https:\/\/www.incatrek-ecuador.com\/blog\/wp-content\/uploads\/2017\/09\/etape-cotopaxi-370x247.jpg 370w, https:\/\/www.incatrek-ecuador.com\/blog\/wp-content\/uploads\/2017\/09\/etape-cotopaxi-270x180.jpg 270w, https:\/\/www.incatrek-ecuador.com\/blog\/wp-content\/uploads\/2017\/09\/etape-cotopaxi-570x380.jpg 570w, https:\/\/www.incatrek-ecuador.com\/blog\/wp-content\/uploads\/2017\/09\/etape-cotopaxi-770x513.jpg 770w, https:\/\/www.incatrek-ecuador.com\/blog\/wp-content\/uploads\/2017\/09\/etape-cotopaxi-1170x780.jpg 1170w, https:\/\/www.incatrek-ecuador.com\/blog\/wp-content\/uploads\/2017\/09\/etape-cotopaxi-870x580.jpg 870w, https:\/\/www.incatrek-ecuador.com\/blog\/wp-content\/uploads\/2017\/09\/etape-cotopaxi.jpg 2048w\" sizes=\"(max-width: 1024px) 100vw, 1024px\" \/><\/a>\n\t\t\t<\/div>\n\t\t\t\t<figcaption class='wp-caption-text gallery-caption' id='gallery-11-520'>\n\t\t\t\tEtape du parc Cotopaxi sous les nuages\n\t\t\t\t<\/figcaption><\/figure>\n\t\t<\/div>\n\n<p style=\"text-align: center;\"><span style=\"text-decoration: underline;\">L&#8217;hacienda o\u00f9 nous avons s\u00e9journ\u00e9 proche du parc Cotopaxi, Los Morti\u00f1os.<\/span><\/p>\n<div id='gallery-12' class='gallery galleryid-483 gallery-columns-1 gallery-size-full'><figure class='gallery-item'>\n\t\t\t<div class='gallery-icon landscape'>\n\t\t\t\t<a href=\"https:\/\/www.incatrek-ecuador.com\/blog\/wp-content\/uploads\/2017\/09\/los-mortin\u0303os-exte\u0301rieur-cotopaxi.jpg\"><img loading=\"lazy\" decoding=\"async\" width=\"1023\" height=\"768\" src=\"https:\/\/www.incatrek-ecuador.com\/blog\/wp-content\/uploads\/2017\/09\/los-mortin\u0303os-exte\u0301rieur-cotopaxi.jpg\" class=\"attachment-full size-full\" alt=\"voyage-hacianda\" aria-describedby=\"gallery-12-521\" srcset=\"https:\/\/www.incatrek-ecuador.com\/blog\/wp-content\/uploads\/2017\/09\/los-mortin\u0303os-exte\u0301rieur-cotopaxi.jpg 1023w, https:\/\/www.incatrek-ecuador.com\/blog\/wp-content\/uploads\/2017\/09\/los-mortin\u0303os-exte\u0301rieur-cotopaxi-300x225.jpg 300w, https:\/\/www.incatrek-ecuador.com\/blog\/wp-content\/uploads\/2017\/09\/los-mortin\u0303os-exte\u0301rieur-cotopaxi-768x577.jpg 768w, https:\/\/www.incatrek-ecuador.com\/blog\/wp-content\/uploads\/2017\/09\/los-mortin\u0303os-exte\u0301rieur-cotopaxi-370x278.jpg 370w, https:\/\/www.incatrek-ecuador.com\/blog\/wp-content\/uploads\/2017\/09\/los-mortin\u0303os-exte\u0301rieur-cotopaxi-570x428.jpg 570w, https:\/\/www.incatrek-ecuador.com\/blog\/wp-content\/uploads\/2017\/09\/los-mortin\u0303os-exte\u0301rieur-cotopaxi-770x578.jpg 770w, https:\/\/www.incatrek-ecuador.com\/blog\/wp-content\/uploads\/2017\/09\/los-mortin\u0303os-exte\u0301rieur-cotopaxi-773x580.jpg 773w\" sizes=\"(max-width: 1023px) 100vw, 1023px\" \/><\/a>\n\t\t\t<\/div>\n\t\t\t\t<figcaption class='wp-caption-text gallery-caption' id='gallery-12-521'>\n\t\t\t\tHacienda Los Morti\u00f1os\n\t\t\t\t<\/figcaption><\/figure>\n\t\t<\/div>\n\n<p style=\"text-align: center;\"><span style=\"text-decoration: underline;\">La for\u00eat amazonienne, dans la r\u00e9gion de Tena, des paysages spectaculaire, totalement diff\u00e9rents de ce que les coureurs ont pu d\u00e9couvrir dans les Andes.<\/span><\/p>\n<div id='gallery-13' class='gallery galleryid-483 gallery-columns-1 gallery-size-large'><figure class='gallery-item'>\n\t\t\t<div class='gallery-icon landscape'>\n\t\t\t\t<a href=\"https:\/\/www.incatrek-ecuador.com\/blog\/wp-content\/uploads\/2017\/09\/tena-riviere-amazonie.jpg\"><img loading=\"lazy\" decoding=\"async\" width=\"1024\" height=\"575\" src=\"https:\/\/www.incatrek-ecuador.com\/blog\/wp-content\/uploads\/2017\/09\/tena-riviere-amazonie-1024x575.jpg\" class=\"attachment-large size-large\" alt=\"voyage-amazonie-equateur\" aria-describedby=\"gallery-13-522\" srcset=\"https:\/\/www.incatrek-ecuador.com\/blog\/wp-content\/uploads\/2017\/09\/tena-riviere-amazonie.jpg 1024w, https:\/\/www.incatrek-ecuador.com\/blog\/wp-content\/uploads\/2017\/09\/tena-riviere-amazonie-300x168.jpg 300w, https:\/\/www.incatrek-ecuador.com\/blog\/wp-content\/uploads\/2017\/09\/tena-riviere-amazonie-768x431.jpg 768w, https:\/\/www.incatrek-ecuador.com\/blog\/wp-content\/uploads\/2017\/09\/tena-riviere-amazonie-370x208.jpg 370w, https:\/\/www.incatrek-ecuador.com\/blog\/wp-content\/uploads\/2017\/09\/tena-riviere-amazonie-570x320.jpg 570w, https:\/\/www.incatrek-ecuador.com\/blog\/wp-content\/uploads\/2017\/09\/tena-riviere-amazonie-770x432.jpg 770w\" sizes=\"(max-width: 1024px) 100vw, 1024px\" \/><\/a>\n\t\t\t<\/div>\n\t\t\t\t<figcaption class='wp-caption-text gallery-caption' id='gallery-13-522'>\n\t\t\t\tRivi\u00e8re de la for\u00eat amazonienne dans la r\u00e9gion de Tena\n\t\t\t\t<\/figcaption><\/figure>\n\t\t<\/div>\n\n<p>&nbsp;<\/p>\n<h2 style=\"text-align: center;\"><span style=\"text-decoration: underline;\"><strong>L&#8217;humanitaire<\/strong><\/span><\/h2>\n<p>Parce que G\u00e9rard, organisateur de ce Raid, tient que ses &#8220;courses&#8221; soient aussi un moment de rencontres et de partages, des actions humanitaires sont d\u00e9velopp\u00e9s tout au long de ce s\u00e9jour en Equateur mais aussi dans les autres pays que traverse ce raid.<\/p>\n<h2>Communaut\u00e9 San Clemente<\/h2>\n<p>La rencontre de la communaut\u00e9 de San Clemente avec notamment le &#8220;chef&#8221; de la communaut\u00e9 Manuel. Un partage qui apportera une exp\u00e9rience de vie pour les habitants de la communaut\u00e9 mais aussi aux coureurs. Un don de fournitures scolaire \u00e0 \u00e9t\u00e9 effectu\u00e9 au sein de l&#8217;\u00e9cole de la communaut\u00e9.<\/p>\n<p>Manuel \u00e0 \u00e9t\u00e9 un renfort pr\u00e9cieux pour les deux premi\u00e8res \u00e9tapes autour de la communaut\u00e9.<\/p>\n<div id='gallery-14' class='gallery galleryid-483 gallery-columns-1 gallery-size-large'><figure class='gallery-item'>\n\t\t\t<div class='gallery-icon landscape'>\n\t\t\t\t<a href=\"https:\/\/www.incatrek-ecuador.com\/blog\/wp-content\/uploads\/2017\/09\/san-clemente-fourniture-2017.jpg\"><img loading=\"lazy\" decoding=\"async\" width=\"1024\" height=\"683\" src=\"https:\/\/www.incatrek-ecuador.com\/blog\/wp-content\/uploads\/2017\/09\/san-clemente-fourniture-2017-1024x683.jpg\" class=\"attachment-large size-large\" alt=\"humanitaire-san-clemente-voyage\" aria-describedby=\"gallery-14-508\" srcset=\"https:\/\/www.incatrek-ecuador.com\/blog\/wp-content\/uploads\/2017\/09\/san-clemente-fourniture-2017-1024x683.jpg 1024w, https:\/\/www.incatrek-ecuador.com\/blog\/wp-content\/uploads\/2017\/09\/san-clemente-fourniture-2017-300x200.jpg 300w, https:\/\/www.incatrek-ecuador.com\/blog\/wp-content\/uploads\/2017\/09\/san-clemente-fourniture-2017-768x512.jpg 768w, https:\/\/www.incatrek-ecuador.com\/blog\/wp-content\/uploads\/2017\/09\/san-clemente-fourniture-2017-370x247.jpg 370w, https:\/\/www.incatrek-ecuador.com\/blog\/wp-content\/uploads\/2017\/09\/san-clemente-fourniture-2017-270x180.jpg 270w, https:\/\/www.incatrek-ecuador.com\/blog\/wp-content\/uploads\/2017\/09\/san-clemente-fourniture-2017-570x380.jpg 570w, https:\/\/www.incatrek-ecuador.com\/blog\/wp-content\/uploads\/2017\/09\/san-clemente-fourniture-2017-770x513.jpg 770w, https:\/\/www.incatrek-ecuador.com\/blog\/wp-content\/uploads\/2017\/09\/san-clemente-fourniture-2017-1170x780.jpg 1170w, https:\/\/www.incatrek-ecuador.com\/blog\/wp-content\/uploads\/2017\/09\/san-clemente-fourniture-2017-870x580.jpg 870w, https:\/\/www.incatrek-ecuador.com\/blog\/wp-content\/uploads\/2017\/09\/san-clemente-fourniture-2017.jpg 2048w\" sizes=\"(max-width: 1024px) 100vw, 1024px\" \/><\/a>\n\t\t\t<\/div>\n\t\t\t\t<figcaption class='wp-caption-text gallery-caption' id='gallery-14-508'>\n\t\t\t\tRemise des fournitures dans la communaut\u00e9 de San Clemente \n\t\t\t\t<\/figcaption><\/figure>\n\t\t<\/div>\n\n<h2>L&#8217;Amazonie avec le village de El Capricho<\/h2>\n<p>L&#8217;autre moment humanitaire de ce Raid 2017 fut en Amazonie. L&#8217;\u00e9cole du village nous a accueilli avec un spectacle pr\u00e9par\u00e9 par les \u00e9l\u00e8ves. Une \u00e9tape importante du Raid Equateur puisque un don de fourniture scolaire a aussi \u00e9t\u00e9 effectu\u00e9 afin d&#8217;aider cette institution. Un moment fort en \u00e9motion et en partage avant la derni\u00e8re \u00e9tape de ce Raid.<\/p>\n<p>Un homme sans qui le parcours en Amazonie n&#8217;aurait pas \u00e9t\u00e9 possible, Higinio, qui nous a \u00e9t\u00e9 d&#8217;une tr\u00e8s grande aide. En effet, il a pr\u00e9par\u00e9 le parcours en Amazonie \u00e0 la machette afin de d\u00e9gager un chemin pour les coureurs et marcheurs. Mais Higinio c&#8217;est aussi un coureur (un des meilleurs du pays) et un entraineur de course \u00e0 pied pour les jeunes de son village. C&#8217;est \u00e0\u00a0son association que le Raid Equateur et les concurrents ont fait un don de baskets de course \u00e0 pieds. Des paires qui serviront aux jeunes coureurs, et leurs permettront de s&#8217;entrainer dans de bonnes conditions plut\u00f4t que de tomber dans la drogue ou l&#8217;alcool, ce qui peut \u00eatre fr\u00e9quent dans ces r\u00e9gions plus recul\u00e9es.<\/p>\n<div id='gallery-15' class='gallery galleryid-483 gallery-columns-1 gallery-size-large'><figure class='gallery-item'>\n\t\t\t<div class='gallery-icon landscape'>\n\t\t\t\t<a href=\"https:\/\/www.incatrek-ecuador.com\/blog\/wp-content\/uploads\/2017\/09\/remise-chaussures-amazonie.jpg\"><img loading=\"lazy\" decoding=\"async\" width=\"1024\" height=\"683\" src=\"https:\/\/www.incatrek-ecuador.com\/blog\/wp-content\/uploads\/2017\/09\/remise-chaussures-amazonie-1024x683.jpg\" class=\"attachment-large size-large\" alt=\"voyage-equateur-trail-raid\" aria-describedby=\"gallery-15-515\" srcset=\"https:\/\/www.incatrek-ecuador.com\/blog\/wp-content\/uploads\/2017\/09\/remise-chaussures-amazonie-1024x683.jpg 1024w, https:\/\/www.incatrek-ecuador.com\/blog\/wp-content\/uploads\/2017\/09\/remise-chaussures-amazonie-300x200.jpg 300w, https:\/\/www.incatrek-ecuador.com\/blog\/wp-content\/uploads\/2017\/09\/remise-chaussures-amazonie-768x512.jpg 768w, https:\/\/www.incatrek-ecuador.com\/blog\/wp-content\/uploads\/2017\/09\/remise-chaussures-amazonie-370x247.jpg 370w, https:\/\/www.incatrek-ecuador.com\/blog\/wp-content\/uploads\/2017\/09\/remise-chaussures-amazonie-270x180.jpg 270w, https:\/\/www.incatrek-ecuador.com\/blog\/wp-content\/uploads\/2017\/09\/remise-chaussures-amazonie-570x380.jpg 570w, https:\/\/www.incatrek-ecuador.com\/blog\/wp-content\/uploads\/2017\/09\/remise-chaussures-amazonie-770x513.jpg 770w, https:\/\/www.incatrek-ecuador.com\/blog\/wp-content\/uploads\/2017\/09\/remise-chaussures-amazonie-1170x780.jpg 1170w, https:\/\/www.incatrek-ecuador.com\/blog\/wp-content\/uploads\/2017\/09\/remise-chaussures-amazonie-870x580.jpg 870w, https:\/\/www.incatrek-ecuador.com\/blog\/wp-content\/uploads\/2017\/09\/remise-chaussures-amazonie.jpg 2048w\" sizes=\"(max-width: 1024px) 100vw, 1024px\" \/><\/a>\n\t\t\t<\/div>\n\t\t\t\t<figcaption class='wp-caption-text gallery-caption' id='gallery-15-515'>\n\t\t\t\tRemise des paires de chaussures \u00e0 l&#8217;association d&#8217;Higinio\n\t\t\t\t<\/figcaption><\/figure>\n\t\t<\/div>\n\n<div id='gallery-16' class='gallery galleryid-483 gallery-columns-2 gallery-size-large'><figure class='gallery-item'>\n\t\t\t<div class='gallery-icon portrait'>\n\t\t\t\t<a href=\"https:\/\/www.incatrek-ecuador.com\/blog\/wp-content\/uploads\/2017\/09\/staff-higinio-amazonie-raid-2017.jpg\"><img loading=\"lazy\" decoding=\"async\" width=\"683\" height=\"1024\" src=\"https:\/\/www.incatrek-ecuador.com\/blog\/wp-content\/uploads\/2017\/09\/staff-higinio-amazonie-raid-2017-683x1024.jpg\" class=\"attachment-large size-large\" alt=\"voyage-equateur\" aria-describedby=\"gallery-16-514\" srcset=\"https:\/\/www.incatrek-ecuador.com\/blog\/wp-content\/uploads\/2017\/09\/staff-higinio-amazonie-raid-2017-683x1024.jpg 683w, https:\/\/www.incatrek-ecuador.com\/blog\/wp-content\/uploads\/2017\/09\/staff-higinio-amazonie-raid-2017-200x300.jpg 200w, https:\/\/www.incatrek-ecuador.com\/blog\/wp-content\/uploads\/2017\/09\/staff-higinio-amazonie-raid-2017-768x1152.jpg 768w, https:\/\/www.incatrek-ecuador.com\/blog\/wp-content\/uploads\/2017\/09\/staff-higinio-amazonie-raid-2017-370x555.jpg 370w, https:\/\/www.incatrek-ecuador.com\/blog\/wp-content\/uploads\/2017\/09\/staff-higinio-amazonie-raid-2017-570x855.jpg 570w, https:\/\/www.incatrek-ecuador.com\/blog\/wp-content\/uploads\/2017\/09\/staff-higinio-amazonie-raid-2017-770x1155.jpg 770w, https:\/\/www.incatrek-ecuador.com\/blog\/wp-content\/uploads\/2017\/09\/staff-higinio-amazonie-raid-2017-1170x1755.jpg 1170w, https:\/\/www.incatrek-ecuador.com\/blog\/wp-content\/uploads\/2017\/09\/staff-higinio-amazonie-raid-2017-387x580.jpg 387w, https:\/\/www.incatrek-ecuador.com\/blog\/wp-content\/uploads\/2017\/09\/staff-higinio-amazonie-raid-2017.jpg 1365w\" sizes=\"(max-width: 683px) 100vw, 683px\" \/><\/a>\n\t\t\t<\/div>\n\t\t\t\t<figcaption class='wp-caption-text gallery-caption' id='gallery-16-514'>\n\t\t\t\tQuelques membres du staff avec Higinio, le local d&#8217;Amazonie (de gauche \u00e0 droite: Gildas- Higinio &#8211; Patrick &#8211; G\u00e9rard)\n\t\t\t\t<\/figcaption><\/figure><figure class='gallery-item'>\n\t\t\t<div class='gallery-icon portrait'>\n\t\t\t\t<a href=\"https:\/\/www.incatrek-ecuador.com\/blog\/wp-content\/uploads\/2017\/09\/pisteurs-higinio-2017.jpg\"><img loading=\"lazy\" decoding=\"async\" width=\"683\" height=\"1024\" src=\"https:\/\/www.incatrek-ecuador.com\/blog\/wp-content\/uploads\/2017\/09\/pisteurs-higinio-2017-683x1024.jpg\" class=\"attachment-large size-large\" alt=\"voyage-amazonie-equateur\" aria-describedby=\"gallery-16-504\" srcset=\"https:\/\/www.incatrek-ecuador.com\/blog\/wp-content\/uploads\/2017\/09\/pisteurs-higinio-2017-683x1024.jpg 683w, https:\/\/www.incatrek-ecuador.com\/blog\/wp-content\/uploads\/2017\/09\/pisteurs-higinio-2017-200x300.jpg 200w, https:\/\/www.incatrek-ecuador.com\/blog\/wp-content\/uploads\/2017\/09\/pisteurs-higinio-2017-768x1152.jpg 768w, https:\/\/www.incatrek-ecuador.com\/blog\/wp-content\/uploads\/2017\/09\/pisteurs-higinio-2017-370x555.jpg 370w, https:\/\/www.incatrek-ecuador.com\/blog\/wp-content\/uploads\/2017\/09\/pisteurs-higinio-2017-570x855.jpg 570w, https:\/\/www.incatrek-ecuador.com\/blog\/wp-content\/uploads\/2017\/09\/pisteurs-higinio-2017-770x1155.jpg 770w, https:\/\/www.incatrek-ecuador.com\/blog\/wp-content\/uploads\/2017\/09\/pisteurs-higinio-2017-1170x1755.jpg 1170w, https:\/\/www.incatrek-ecuador.com\/blog\/wp-content\/uploads\/2017\/09\/pisteurs-higinio-2017-387x580.jpg 387w, https:\/\/www.incatrek-ecuador.com\/blog\/wp-content\/uploads\/2017\/09\/pisteurs-higinio-2017.jpg 1365w\" sizes=\"(max-width: 683px) 100vw, 683px\" \/><\/a>\n\t\t\t<\/div>\n\t\t\t\t<figcaption class='wp-caption-text gallery-caption' id='gallery-16-504'>\n\t\t\t\tMarc et Patrick avec Higinio apr\u00e8s les \u00e9tapes en Amazonie\n\n\t\t\t\t<\/figcaption><\/figure>\n\t\t<\/div>\n\n<p>&nbsp;<\/p>\n<h2 style=\"text-align: center;\"><span style=\"text-decoration: underline;\"><strong>R\u00e9sultats<\/strong><\/span><\/h2>\n<p>Je voulais avant tout f\u00e9liciter tout les coureurs et marcheurs pour avoir termin\u00e9 ce Raid 2017. La bonne humeur constante \u00e0 \u00e9t\u00e9 un vrai plus pour ce Raid Equateur.<\/p>\n<p style=\"text-align: center;\"><span style=\"text-decoration: underline;\">F\u00e9minin:<\/span> 1\u00e8re &#8211; Corinne (\u00e0 gauche) \/ 2\u00e8me &#8211; \u00c9meline (\u00e0 droite) \/ 3\u00e8me &#8211; Val\u00e9rie (au centre)<\/p>\n<div id='gallery-17' class='gallery galleryid-483 gallery-columns-1 gallery-size-medium'><figure class='gallery-item'>\n\t\t\t<div class='gallery-icon landscape'>\n\t\t\t\t<a href=\"https:\/\/www.incatrek-ecuador.com\/blog\/wp-content\/uploads\/2017\/09\/podium-feminin-2017.jpg\"><img loading=\"lazy\" decoding=\"async\" width=\"300\" height=\"200\" src=\"https:\/\/www.incatrek-ecuador.com\/blog\/wp-content\/uploads\/2017\/09\/podium-feminin-2017-300x200.jpg\" class=\"attachment-medium size-medium\" alt=\"voyage-raid-equateur\" aria-describedby=\"gallery-17-505\" srcset=\"https:\/\/www.incatrek-ecuador.com\/blog\/wp-content\/uploads\/2017\/09\/podium-feminin-2017-300x200.jpg 300w, https:\/\/www.incatrek-ecuador.com\/blog\/wp-content\/uploads\/2017\/09\/podium-feminin-2017-768x512.jpg 768w, https:\/\/www.incatrek-ecuador.com\/blog\/wp-content\/uploads\/2017\/09\/podium-feminin-2017-1024x683.jpg 1024w, https:\/\/www.incatrek-ecuador.com\/blog\/wp-content\/uploads\/2017\/09\/podium-feminin-2017-370x247.jpg 370w, https:\/\/www.incatrek-ecuador.com\/blog\/wp-content\/uploads\/2017\/09\/podium-feminin-2017-270x180.jpg 270w, https:\/\/www.incatrek-ecuador.com\/blog\/wp-content\/uploads\/2017\/09\/podium-feminin-2017-570x380.jpg 570w, https:\/\/www.incatrek-ecuador.com\/blog\/wp-content\/uploads\/2017\/09\/podium-feminin-2017-770x513.jpg 770w, https:\/\/www.incatrek-ecuador.com\/blog\/wp-content\/uploads\/2017\/09\/podium-feminin-2017-1170x780.jpg 1170w, https:\/\/www.incatrek-ecuador.com\/blog\/wp-content\/uploads\/2017\/09\/podium-feminin-2017-870x580.jpg 870w, https:\/\/www.incatrek-ecuador.com\/blog\/wp-content\/uploads\/2017\/09\/podium-feminin-2017.jpg 2048w\" sizes=\"(max-width: 300px) 100vw, 300px\" \/><\/a>\n\t\t\t<\/div>\n\t\t\t\t<figcaption class='wp-caption-text gallery-caption' id='gallery-17-505'>\n\t\t\t\tPodium f\u00e9minin du Raid Equateur 2017\n\t\t\t\t<\/figcaption><\/figure>\n\t\t<\/div>\n\n<p style=\"text-align: center;\"><span style=\"text-decoration: underline;\">Masculin:<\/span> 1er &#8211; Sylvain (au centre) \/ 2\u00e8me &#8211; Florian (\u00e0 gauche) \/ 3\u00e8me &#8211; Jean-michel (\u00e0 droite)<\/p>\n<div id='gallery-18' class='gallery galleryid-483 gallery-columns-1 gallery-size-medium'><figure class='gallery-item'>\n\t\t\t<div class='gallery-icon landscape'>\n\t\t\t\t<a href=\"https:\/\/www.incatrek-ecuador.com\/blog\/wp-content\/uploads\/2017\/09\/podium-homme-raid-2017.jpg\"><img loading=\"lazy\" decoding=\"async\" width=\"300\" height=\"200\" src=\"https:\/\/www.incatrek-ecuador.com\/blog\/wp-content\/uploads\/2017\/09\/podium-homme-raid-2017-300x200.jpg\" class=\"attachment-medium size-medium\" alt=\"andes-amazonie-trail\" aria-describedby=\"gallery-18-506\" srcset=\"https:\/\/www.incatrek-ecuador.com\/blog\/wp-content\/uploads\/2017\/09\/podium-homme-raid-2017-300x200.jpg 300w, https:\/\/www.incatrek-ecuador.com\/blog\/wp-content\/uploads\/2017\/09\/podium-homme-raid-2017-768x512.jpg 768w, https:\/\/www.incatrek-ecuador.com\/blog\/wp-content\/uploads\/2017\/09\/podium-homme-raid-2017-1024x683.jpg 1024w, https:\/\/www.incatrek-ecuador.com\/blog\/wp-content\/uploads\/2017\/09\/podium-homme-raid-2017-370x247.jpg 370w, https:\/\/www.incatrek-ecuador.com\/blog\/wp-content\/uploads\/2017\/09\/podium-homme-raid-2017-270x180.jpg 270w, https:\/\/www.incatrek-ecuador.com\/blog\/wp-content\/uploads\/2017\/09\/podium-homme-raid-2017-570x380.jpg 570w, https:\/\/www.incatrek-ecuador.com\/blog\/wp-content\/uploads\/2017\/09\/podium-homme-raid-2017-770x513.jpg 770w, https:\/\/www.incatrek-ecuador.com\/blog\/wp-content\/uploads\/2017\/09\/podium-homme-raid-2017-1170x780.jpg 1170w, https:\/\/www.incatrek-ecuador.com\/blog\/wp-content\/uploads\/2017\/09\/podium-homme-raid-2017-870x580.jpg 870w, https:\/\/www.incatrek-ecuador.com\/blog\/wp-content\/uploads\/2017\/09\/podium-homme-raid-2017.jpg 2048w\" sizes=\"(max-width: 300px) 100vw, 300px\" \/><\/a>\n\t\t\t<\/div>\n\t\t\t\t<figcaption class='wp-caption-text gallery-caption' id='gallery-18-506'>\n\t\t\t\tPodium masculin du raid Equateur 2017\n\t\t\t\t<\/figcaption><\/figure>\n\t\t<\/div>\n\n<p>Pour les marcheurs, leur parcours n&#8217;\u00e9tait pas chronom\u00e9tr\u00e9 mais tout le monde \u00e0 termin\u00e9 le parcours int\u00e9gralement. Un grand bravo \u00e0 eux !!!<\/p>\n<h2 style=\"text-align: center;\"><strong><span style=\"text-decoration: underline;\">Remerciements<\/span><\/strong><\/h2>\n<div id='gallery-19' class='gallery galleryid-483 gallery-columns-1 gallery-size-large'><figure class='gallery-item'>\n\t\t\t<div class='gallery-icon landscape'>\n\t\t\t\t<a href=\"https:\/\/www.incatrek-ecuador.com\/blog\/wp-content\/uploads\/2017\/09\/staff-raid-2017.jpg\"><img loading=\"lazy\" decoding=\"async\" width=\"1024\" height=\"683\" src=\"https:\/\/www.incatrek-ecuador.com\/blog\/wp-content\/uploads\/2017\/09\/staff-raid-2017-1024x683.jpg\" class=\"attachment-large size-large\" alt=\"voyage-raid-2017\" aria-describedby=\"gallery-19-510\" srcset=\"https:\/\/www.incatrek-ecuador.com\/blog\/wp-content\/uploads\/2017\/09\/staff-raid-2017-1024x683.jpg 1024w, https:\/\/www.incatrek-ecuador.com\/blog\/wp-content\/uploads\/2017\/09\/staff-raid-2017-300x200.jpg 300w, https:\/\/www.incatrek-ecuador.com\/blog\/wp-content\/uploads\/2017\/09\/staff-raid-2017-768x512.jpg 768w, https:\/\/www.incatrek-ecuador.com\/blog\/wp-content\/uploads\/2017\/09\/staff-raid-2017-370x247.jpg 370w, https:\/\/www.incatrek-ecuador.com\/blog\/wp-content\/uploads\/2017\/09\/staff-raid-2017-270x180.jpg 270w, https:\/\/www.incatrek-ecuador.com\/blog\/wp-content\/uploads\/2017\/09\/staff-raid-2017-570x380.jpg 570w, https:\/\/www.incatrek-ecuador.com\/blog\/wp-content\/uploads\/2017\/09\/staff-raid-2017-770x513.jpg 770w, https:\/\/www.incatrek-ecuador.com\/blog\/wp-content\/uploads\/2017\/09\/staff-raid-2017-1170x780.jpg 1170w, https:\/\/www.incatrek-ecuador.com\/blog\/wp-content\/uploads\/2017\/09\/staff-raid-2017-870x580.jpg 870w, https:\/\/www.incatrek-ecuador.com\/blog\/wp-content\/uploads\/2017\/09\/staff-raid-2017.jpg 2048w\" sizes=\"(max-width: 1024px) 100vw, 1024px\" \/><\/a>\n\t\t\t<\/div>\n\t\t\t\t<figcaption class='wp-caption-text gallery-caption' id='gallery-19-510'>\n\t\t\t\tStaff du Raid Equateur 2017 (de gauche \u00e0 droite: Antoine &#8211; Didier &#8211; Alain &#8211; G\u00e9rard &#8211; Fran\u00e7oise &#8211; Marc &#8211; Patrick &#8211; Gildas &#8211; Fran\u00e7oise)\n\t\t\t\t<\/figcaption><\/figure>\n\t\t<\/div>\n\n<p>Toute l&#8217;\u00e9quipe d&#8217;ITK voyage Equateur tient \u00e0 remercier tout les membres du staff en commen\u00e7ant par G\u00e9rard, qui est l&#8217;organisateur et cr\u00e9ateur de ces belles aventures autour de monde. C&#8217;est un plaisir de travailler avec lui \u00e0 chaque fois. Merci.<\/p>\n<p>Les courses seraient bien \u00e9videmment impossible \u00e0 g\u00e9rer sans les deux pisteurs, Marc Perrier et Patrick Roblin. Ils ont fait un tr\u00e8s gros travail tout au long de ces 5 \u00e9tapes. Leurs exp\u00e9riences a \u00e9t\u00e9 n\u00e9cessaire pour l&#8217;organisation et le marquage des courses.<\/p>\n<p>Puisque le Raid reste une course, et qu&#8217;il faut bien \u00e9videmment un classement, Fran\u00e7oise Verdenet, la femme de G\u00e9rard, \u00e0 effectu\u00e9 un travail parfait au chronom\u00e9trage. Son sourire sur la ligne d&#8217;arriv\u00e9e \u00e9tait la r\u00e9compense apr\u00e8s plusieurs heures d&#8217;efforts.<\/p>\n<p>La Raid Equateur est un effort physique, difficile et exigeant, le m\u00e9decin Didier et l&#8217;infirmi\u00e8re Fran\u00e7oise ont \u00e9t\u00e9 tr\u00e8s utiles pour soigner petites blessures ou intervenir lors de difficult\u00e9s plus importantes de coureurs.<\/p>\n<p>Les coureurs et marcheurs ont d\u00e9cid\u00e9s de venir en Equateur pour effectuer cette course de 5 jours, mais c&#8217;est aussi pour d\u00e9couvrir un pays qu&#8217;ils n&#8217;auraient pas forc\u00e9ment d\u00e9couvert autrement. C&#8217;est pourquoi les deux guides pr\u00e9sents tout au long du s\u00e9jour ont apport\u00e9s leurs connaissances et leur savoir sur ce pays. Un grand merci \u00e0 Alain Logeais et \u00e0 Luis Mashqui qui ont permis au voyageurs d&#8217;avoir un tr\u00e8s bel aper\u00e7u du pays en peu de temps. Leur aide lors des jours de courses \u00e0 \u00e9t\u00e9 pr\u00e9cieuse. Je crois que tout les coureurs ou marcheurs ont appr\u00e9ci\u00e9s leurs compagnie. Un grand merci \u00e0 eux.<\/p>\n<p>Sans oublier nos deux chauffeurs Pablo et Rafael qui ont toujours eu le sourire durant toute la dur\u00e9e du s\u00e9jour.<\/p>\n<p>Pour finir je voudrais remercier les locaux qui nous ont aid\u00e9s, en commen\u00e7ant par Manuel de la communaut\u00e9 de San Clemente. Il nous a aid\u00e9 pour les deux premiers jours de courses, il \u00e9tait membre int\u00e9gral du staff, merci \u00e0 lui.<\/p>\n<p>En Amazonie de nombreuses aides ont \u00e9t\u00e9 n\u00e9cessaires. Higinio \u00e0 \u00e9t\u00e9 un membre actif de l&#8217;organisation en d\u00e9broussaillant les parcours\u00a0qui traversaient\u00a0la for\u00eat et organisant la s\u00e9curit\u00e9 avec les pompiers du village. Eux aussi ont \u00e9t\u00e9 d&#8217;une grande aide et ont eu une tr\u00e8s grande r\u00e9activit\u00e9 sur les \u00e9tapes en Amazonie. Sans oublier les proches (famille ou coureurs) d&#8217;Higinio qui ont \u00e9t\u00e9 d&#8217;une grande aide sur ces deux \u00e9tapes en Amazonie.<\/p>\n<p>Je voudrais terminer en f\u00e9licitant tout les coureurs et marcheurs de cette \u00e9dition, tant par leur exploit sportif que par leur bonne humeur qui a rendu le s\u00e9jour tr\u00e8s agr\u00e9able !!!<\/p>\n<p>Bravo, merci \u00e0 tous, et \u00e0 l&#8217;ann\u00e9e prochaine !!!<\/p>\n<div id='gallery-20' class='gallery galleryid-483 gallery-columns-1 gallery-size-large'><figure class='gallery-item'>\n\t\t\t<div class='gallery-icon landscape'>\n\t\t\t\t<a href=\"https:\/\/www.incatrek-ecuador.com\/blog\/wp-content\/uploads\/2017\/09\/arrive\u0301e-dernie\u0300re-etape-raid-2017.jpg\"><img loading=\"lazy\" decoding=\"async\" width=\"1024\" height=\"683\" src=\"https:\/\/www.incatrek-ecuador.com\/blog\/wp-content\/uploads\/2017\/09\/arrive\u0301e-dernie\u0300re-etape-raid-2017-1024x683.jpg\" class=\"attachment-large size-large\" alt=\"raid-equateur\" aria-describedby=\"gallery-20-489\" srcset=\"https:\/\/www.incatrek-ecuador.com\/blog\/wp-content\/uploads\/2017\/09\/arrive\u0301e-dernie\u0300re-etape-raid-2017-1024x683.jpg 1024w, https:\/\/www.incatrek-ecuador.com\/blog\/wp-content\/uploads\/2017\/09\/arrive\u0301e-dernie\u0300re-etape-raid-2017-300x200.jpg 300w, https:\/\/www.incatrek-ecuador.com\/blog\/wp-content\/uploads\/2017\/09\/arrive\u0301e-dernie\u0300re-etape-raid-2017-768x512.jpg 768w, https:\/\/www.incatrek-ecuador.com\/blog\/wp-content\/uploads\/2017\/09\/arrive\u0301e-dernie\u0300re-etape-raid-2017-370x247.jpg 370w, https:\/\/www.incatrek-ecuador.com\/blog\/wp-content\/uploads\/2017\/09\/arrive\u0301e-dernie\u0300re-etape-raid-2017-270x180.jpg 270w, https:\/\/www.incatrek-ecuador.com\/blog\/wp-content\/uploads\/2017\/09\/arrive\u0301e-dernie\u0300re-etape-raid-2017-570x380.jpg 570w, https:\/\/www.incatrek-ecuador.com\/blog\/wp-content\/uploads\/2017\/09\/arrive\u0301e-dernie\u0300re-etape-raid-2017-770x513.jpg 770w, https:\/\/www.incatrek-ecuador.com\/blog\/wp-content\/uploads\/2017\/09\/arrive\u0301e-dernie\u0300re-etape-raid-2017-1170x780.jpg 1170w, https:\/\/www.incatrek-ecuador.com\/blog\/wp-content\/uploads\/2017\/09\/arrive\u0301e-dernie\u0300re-etape-raid-2017-870x580.jpg 870w, https:\/\/www.incatrek-ecuador.com\/blog\/wp-content\/uploads\/2017\/09\/arrive\u0301e-dernie\u0300re-etape-raid-2017.jpg 2048w\" sizes=\"(max-width: 1024px) 100vw, 1024px\" \/><\/a>\n\t\t\t<\/div>\n\t\t\t\t<figcaption class='wp-caption-text gallery-caption' id='gallery-20-489'>\n\t\t\t\tArriv\u00e9e de la derni\u00e8re \u00e9tape\n\t\t\t\t<\/figcaption><\/figure>\n\t\t<\/div>\n\n","protected":false},"excerpt":{"rendered":"<p>Pour la troisi\u00e8me\u00a0fois, le Raid organis\u00e9 par G\u00e9rard Verdenet (Raid Indochine), a\u00a0fait escale en Equateur. Depuis 2013, G\u00e9rard parcourt le [&hellip;]<\/p>\n","protected":false},"author":3,"featured_media":489,"comment_status":"closed","ping_status":"closed","sticky":false,"template":"","format":"standard","meta":{"_eb_attr":"","_exactmetrics_skip_tracking":false,"_exactmetrics_sitenote_active":false,"_exactmetrics_sitenote_note":"","_exactmetrics_sitenote_category":0,"_monsterinsights_skip_tracking":false,"_monsterinsights_sitenote_active":false,"_monsterinsights_sitenote_note":"","_monsterinsights_sitenote_category":0,"site-sidebar-layout":"default","site-content-layout":"","ast-site-content-layout":"","site-content-style":"default","site-sidebar-style":"default","ast-global-header-display":"","ast-banner-title-visibility":"","ast-main-header-display":"","ast-hfb-above-header-display":"","ast-hfb-below-header-display":"","ast-hfb-mobile-header-display":"","site-post-title":"","ast-breadcrumbs-content":"","ast-featured-img":"","footer-sml-layout":"","theme-transparent-header-meta":"","adv-header-id-meta":"","stick-header-meta":"","header-above-stick-meta":"","header-main-stick-meta":"","header-below-stick-meta":"","astra-migrate-meta-layouts":"default","ast-page-background-enabled":"default","ast-page-background-meta":{"desktop":{"background-color":"var(--ast-global-color-4)","background-image":"","background-repeat":"repeat","background-position":"center center","background-size":"auto","background-attachment":"scroll","background-type":"","background-media":"","overlay-type":"","overlay-color":"","overlay-opacity":"","overlay-gradient":""},"tablet":{"background-color":"","background-image":"","background-repeat":"repeat","background-position":"center center","background-size":"auto","background-attachment":"scroll","background-type":"","background-media":"","overlay-type":"","overlay-color":"","overlay-opacity":"","overlay-gradient":""},"mobile":{"background-color":"","background-image":"","background-repeat":"repeat","background-position":"center center","background-size":"auto","background-attachment":"scroll","background-type":"","background-media":"","overlay-type":"","overlay-color":"","overlay-opacity":"","overlay-gradient":""}},"ast-content-background-meta":{"desktop":{"background-color":"var(--ast-global-color-5)","background-image":"","background-repeat":"repeat","background-position":"center center","background-size":"auto","background-attachment":"scroll","background-type":"","background-media":"","overlay-type":"","overlay-color":"","overlay-opacity":"","overlay-gradient":""},"tablet":{"background-color":"var(--ast-global-color-5)","background-image":"","background-repeat":"repeat","background-position":"center center","background-size":"auto","background-attachment":"scroll","background-type":"","background-media":"","overlay-type":"","overlay-color":"","overlay-opacity":"","overlay-gradient":""},"mobile":{"background-color":"var(--ast-global-color-5)","background-image":"","background-repeat":"repeat","background-position":"center center","background-size":"auto","background-attachment":"scroll","background-type":"","background-media":"","overlay-type":"","overlay-color":"","overlay-opacity":"","overlay-gradient":""}},"_joinchat":[],"footnotes":""},"categories":[10,54,53,55],"tags":[],"class_list":["post-483","post","type-post","status-publish","format-standard","has-post-thumbnail","hentry","category-nos-randonnees-et-treks","category-amerique-du-sud","category-destination","category-equateur"],"_links":{"self":[{"href":"https:\/\/www.incatrek-ecuador.com\/blog\/wp-json\/wp\/v2\/posts\/483","targetHints":{"allow":["GET"]}}],"collection":[{"href":"https:\/\/www.incatrek-ecuador.com\/blog\/wp-json\/wp\/v2\/posts"}],"about":[{"href":"https:\/\/www.incatrek-ecuador.com\/blog\/wp-json\/wp\/v2\/types\/post"}],"author":[{"embeddable":true,"href":"https:\/\/www.incatrek-ecuador.com\/blog\/wp-json\/wp\/v2\/users\/3"}],"replies":[{"embeddable":true,"href":"https:\/\/www.incatrek-ecuador.com\/blog\/wp-json\/wp\/v2\/comments?post=483"}],"version-history":[{"count":0,"href":"https:\/\/www.incatrek-ecuador.com\/blog\/wp-json\/wp\/v2\/posts\/483\/revisions"}],"wp:featuredmedia":[{"embeddable":true,"href":"https:\/\/www.incatrek-ecuador.com\/blog\/wp-json\/wp\/v2\/media\/489"}],"wp:attachment":[{"href":"https:\/\/www.incatrek-ecuador.com\/blog\/wp-json\/wp\/v2\/media?parent=483"}],"wp:term":[{"taxonomy":"category","embeddable":true,"href":"https:\/\/www.incatrek-ecuador.com\/blog\/wp-json\/wp\/v2\/categories?post=483"},{"taxonomy":"post_tag","embeddable":true,"href":"https:\/\/www.incatrek-ecuador.com\/blog\/wp-json\/wp\/v2\/tags?post=483"}],"curies":[{"name":"wp","href":"https:\/\/api.w.org\/{rel}","templated":true}]}}