{"id":577,"date":"2017-12-07T23:26:35","date_gmt":"2017-12-07T22:26:35","guid":{"rendered":"http:\/\/www.incatrek-ecuador.com\/blog\/?p=577"},"modified":"2024-04-01T22:01:01","modified_gmt":"2024-04-01T20:01:01","slug":"quito-equateur-histoire-culture","status":"publish","type":"post","link":"https:\/\/www.incatrek-ecuador.com\/blog\/quito-equateur-histoire-culture\/","title":{"rendered":"Quito, une ville qui a travers\u00e9 les si\u00e8cles et les cultures"},"content":{"rendered":"<p>Quito est la plus vieille capitale d&#8217;Am\u00e9rique Latine, fond\u00e9e en 1534, le 6 d\u00e9cembre tr\u00e8s exactement. Mais cette ville a une histoire bien plus ancienne, car non, les Espagnols ne sont pas les premiers habitants d&#8217;Am\u00e9rique latine, cette terre \u00e9tait peupl\u00e9e bien avant l&#8217;arriv\u00e9e des colons.<\/p>\n<h2 style=\"text-align: center;\"><\/h2>\n<h2 style=\"text-align: center;\">L&#8217;\u00e8re pr\u00e9 Inca<\/h2>\n<p>Tout commen\u00e7a \u00e0 une \u00e9poque estim\u00e9e \u00e0 8000 av J.C gr\u00e2ce au datage d&#8217;outils retrouv\u00e9s dans la ville de Quito. Ces fouilles ont permis de trouver des pi\u00e8ces provenant de peuples nomades dans le quartier de Guapulo. Ces vestiges, dont on ne sait pas grand-chose, sont le signe de la plus ancienne trace de vie humaine dans la r\u00e9gion de Quito.<\/p>\n<p>Le premier peuple s\u00e9dentaire \u00e0 s&#8217;\u00eatre install\u00e9 dans la r\u00e9gion de Quito\u00a0est le peuple &#8220;Quitus&#8221;. Ce peuple est arriv\u00e9 en 1500 av J.C environ, et aujourd&#8217;hui nous pouvons trouver leurs vestiges dans le site arch\u00e9ologique de Rumipamba \u00e0 Quito.<\/p>\n<p>Durant l&#8217;occupation Quitus, un autre peuple s&#8217;est invit\u00e9 dans cette r\u00e9gion, le peuple &#8220;Caras&#8221;. Ce peuple vient de la r\u00e9gion c\u00f4ti\u00e8re, d&#8217;Esmerladas tr\u00e8s exactement. Ils ont remont\u00e9 le Rio Blanco pour arriver \u00e0 Quito o\u00f9 ils ont d\u00fb batailler pour prendre leur place dans cette r\u00e9gion. Finalement les deux peuples diff\u00e9rents se sont m\u00e9lang\u00e9s et ont v\u00e9cu ensemble du X\u00e8me si\u00e8cle au XVI\u00e8me si\u00e8cle, avec l&#8217;arriv\u00e9e des Incas.<\/p>\n<h2 style=\"text-align: center;\"><\/h2>\n<h2 style=\"text-align: center;\">Les incas<\/h2>\n<div id='gallery-1' class='gallery galleryid-577 gallery-columns-2 gallery-size-full'><figure class='gallery-item'>\n\t\t\t<div class='gallery-icon landscape'>\n\t\t\t\t<a href='https:\/\/www.incatrek-ecuador.com\/blog\/wp-content\/uploads\/2017\/12\/bustes-incas-chef.jpg'><img fetchpriority=\"high\" decoding=\"async\" width=\"1023\" height=\"768\" src=\"https:\/\/www.incatrek-ecuador.com\/blog\/wp-content\/uploads\/2017\/12\/bustes-incas-chef.jpg\" class=\"attachment-full size-full\" alt=\"incas-equateur\" aria-describedby=\"gallery-1-584\" srcset=\"https:\/\/www.incatrek-ecuador.com\/blog\/wp-content\/uploads\/2017\/12\/bustes-incas-chef.jpg 1023w, https:\/\/www.incatrek-ecuador.com\/blog\/wp-content\/uploads\/2017\/12\/bustes-incas-chef-300x225.jpg 300w, https:\/\/www.incatrek-ecuador.com\/blog\/wp-content\/uploads\/2017\/12\/bustes-incas-chef-768x577.jpg 768w, https:\/\/www.incatrek-ecuador.com\/blog\/wp-content\/uploads\/2017\/12\/bustes-incas-chef-370x278.jpg 370w, https:\/\/www.incatrek-ecuador.com\/blog\/wp-content\/uploads\/2017\/12\/bustes-incas-chef-570x428.jpg 570w, https:\/\/www.incatrek-ecuador.com\/blog\/wp-content\/uploads\/2017\/12\/bustes-incas-chef-770x578.jpg 770w, https:\/\/www.incatrek-ecuador.com\/blog\/wp-content\/uploads\/2017\/12\/bustes-incas-chef-773x580.jpg 773w\" sizes=\"(max-width: 1023px) 100vw, 1023px\" \/><\/a>\n\t\t\t<\/div>\n\t\t\t\t<figcaption class='wp-caption-text gallery-caption' id='gallery-1-584'>\n\t\t\t\tBustes des chefs Incas devant l&#8217;universit\u00e9 centrale\n\n\t\t\t\t<\/figcaption><\/figure><figure class='gallery-item'>\n\t\t\t<div class='gallery-icon landscape'>\n\t\t\t\t<a href='https:\/\/www.incatrek-ecuador.com\/blog\/wp-content\/uploads\/2017\/12\/ruminahui.jpg'><img decoding=\"async\" width=\"1023\" height=\"768\" src=\"https:\/\/www.incatrek-ecuador.com\/blog\/wp-content\/uploads\/2017\/12\/ruminahui.jpg\" class=\"attachment-full size-full\" alt=\"inca-tresor\" aria-describedby=\"gallery-1-580\" srcset=\"https:\/\/www.incatrek-ecuador.com\/blog\/wp-content\/uploads\/2017\/12\/ruminahui.jpg 1023w, https:\/\/www.incatrek-ecuador.com\/blog\/wp-content\/uploads\/2017\/12\/ruminahui-300x225.jpg 300w, https:\/\/www.incatrek-ecuador.com\/blog\/wp-content\/uploads\/2017\/12\/ruminahui-768x577.jpg 768w, https:\/\/www.incatrek-ecuador.com\/blog\/wp-content\/uploads\/2017\/12\/ruminahui-370x278.jpg 370w, https:\/\/www.incatrek-ecuador.com\/blog\/wp-content\/uploads\/2017\/12\/ruminahui-570x428.jpg 570w, https:\/\/www.incatrek-ecuador.com\/blog\/wp-content\/uploads\/2017\/12\/ruminahui-770x578.jpg 770w, https:\/\/www.incatrek-ecuador.com\/blog\/wp-content\/uploads\/2017\/12\/ruminahui-773x580.jpg 773w\" sizes=\"(max-width: 1023px) 100vw, 1023px\" \/><\/a>\n\t\t\t<\/div>\n\t\t\t\t<figcaption class='wp-caption-text gallery-caption' id='gallery-1-580'>\n\t\t\t\tLe g\u00e9n\u00e9ral Rumi\u00f1ahui\n\t\t\t\t<\/figcaption><\/figure>\n\t\t<\/div>\n\n<p>Les Incas ont envahis l&#8217;\u00c9quateur en 1487 sous les ordres de Tupac Inca Yupanqui qui \u00e9tait l&#8217;empereur Inca de l&#8217;\u00c9poque. Cependant ils n&#8217;ont pas atteint Quito tout de suite. En effet, c&#8217;est Huayna Capac qui termina le travail entam\u00e9 par son pr\u00e9d\u00e9cesseur, et conquit Quito. L&#8217;\u00e8re Inca en \u00c9quateur \u00e0 d\u00e9but\u00e9 avec le r\u00e8gne de Huayna Capac qui dirigeait ses troupes depuis Tomepamba, qui se trouve a l&#8217;emplacement actuel de Cuenca. Les Incas furent seuls et uniques occupant de la r\u00e9gion de Quito en ayant chass\u00e9s les Quitus et Caras.<\/p>\n<p>L&#8217;empereur le plus embl\u00e9matique de cette \u00e8re Inca fut le fameux Atahualpa qui naquit \u00e0 Quito m\u00eame. Atahualpa \u00e9tait le fils de Huayana Capac. Cet empereur \u00e9tait le dernier du nom dans cet Empire Inca. Il fut tu\u00e9 avec ses secrets et ses tr\u00e9sors. En effet, les conquistadors espagnols n&#8217;ont pas pu mettre la main sur le moindre lingot d&#8217;or que d\u00e9tenait Atahualpa. Son tombeau serait dans la r\u00e9gion de Sigchos, proche de la lagune Quilotoa.<\/p>\n<p>Une autre grande figure Inca en \u00c9quateur fut le g\u00e9n\u00e9ral d&#8217;Atahualpa, Rumi\u00f1ahui,\u00a0qui r\u00e9sista quelques mois \u00e0 l&#8217;invasion espagnole. Il br\u00fbla m\u00eame Quito et emporta tout l&#8217;or d&#8217;Atahualpa afin de le cacher dans la montagne. Son but \u00e9tait de ne rien laisser aux Espagnols avant leur arriv\u00e9e. Aujourd&#8217;hui encore cela est un des plus grands myst\u00e8res de l&#8217;histoire, et aussi un des tr\u00e9sors les plus recherch\u00e9s du monde. Ce tr\u00e9sor repr\u00e9senterait 6 tonnes d&#8217;or et 12 tonnes d&#8217;argent.<\/p>\n<h2 style=\"text-align: center;\"><\/h2>\n<h2 style=\"text-align: center;\">L&#8217;arriv\u00e9e des espagnols<\/h2>\n<div id='gallery-2' class='gallery galleryid-577 gallery-columns-1 gallery-size-full'><figure class='gallery-item'>\n\t\t\t<div class='gallery-icon portrait'>\n\t\t\t\t<a href='https:\/\/www.incatrek-ecuador.com\/blog\/wp-content\/uploads\/2017\/12\/typique-colonial-espagnol.jpg'><img decoding=\"async\" width=\"577\" height=\"768\" src=\"https:\/\/www.incatrek-ecuador.com\/blog\/wp-content\/uploads\/2017\/12\/typique-colonial-espagnol.jpg\" class=\"attachment-full size-full\" alt=\"quito-latin\" aria-describedby=\"gallery-2-585\" srcset=\"https:\/\/www.incatrek-ecuador.com\/blog\/wp-content\/uploads\/2017\/12\/typique-colonial-espagnol.jpg 577w, https:\/\/www.incatrek-ecuador.com\/blog\/wp-content\/uploads\/2017\/12\/typique-colonial-espagnol-225x300.jpg 225w, https:\/\/www.incatrek-ecuador.com\/blog\/wp-content\/uploads\/2017\/12\/typique-colonial-espagnol-370x492.jpg 370w, https:\/\/www.incatrek-ecuador.com\/blog\/wp-content\/uploads\/2017\/12\/typique-colonial-espagnol-570x759.jpg 570w, https:\/\/www.incatrek-ecuador.com\/blog\/wp-content\/uploads\/2017\/12\/typique-colonial-espagnol-436x580.jpg 436w\" sizes=\"(max-width: 577px) 100vw, 577px\" \/><\/a>\n\t\t\t<\/div>\n\t\t\t\t<figcaption class='wp-caption-text gallery-caption' id='gallery-2-585'>\n\t\t\t\tRue typique du centre colonial de Quito\n\t\t\t\t<\/figcaption><\/figure>\n\t\t<\/div>\n\n<p>Pourquoi les Espagnols ont conquis Quito ? La raison est simple, leur soif d&#8217;or. En effet, les colons \u00e9taient persuad\u00e9s que le tr\u00e9sor d&#8217;Atahualpa \u00e9tait rest\u00e9 dans la ville d\u00e9laiss\u00e9e par les Incas et le g\u00e9n\u00e9ral Rumi\u00f1ahui.<\/p>\n<p>C&#8217;est le 6 d\u00e9cembre 1534 qu&#8217;est arriv\u00e9 Sebastian de Benalcazar \u00e0 Quito, en cendres. Il entreprit directement la reconstruction de la ville sur les pentes du Pichincha. C&#8217;est pour cela que le 6 d\u00e9cembre est aujourd&#8217;hui un jour f\u00e9ri\u00e9 en \u00c9quateur.<\/p>\n<p>Le nom original de cette ville fut San Francisco de Quito, avant d&#8217;\u00eatre r\u00e9duit \u00e0 Quito. C&#8217;est la construction\u00a0des colons espagnols que l&#8217;on peut observer aujourd&#8217;hui dans le centre historique de Quito.<\/p>\n<h2 style=\"text-align: center;\"><\/h2>\n<h2 style=\"text-align: center;\">L&#8217;ind\u00e9pendance<\/h2>\n<div id='gallery-3' class='gallery galleryid-577 gallery-columns-1 gallery-size-full'><figure class='gallery-item'>\n\t\t\t<div class='gallery-icon portrait'>\n\t\t\t\t<a href='https:\/\/www.incatrek-ecuador.com\/blog\/wp-content\/uploads\/2017\/12\/Simon-bolivar.jpg'><img loading=\"lazy\" decoding=\"async\" width=\"435\" height=\"550\" src=\"https:\/\/www.incatrek-ecuador.com\/blog\/wp-content\/uploads\/2017\/12\/Simon-bolivar.jpg\" class=\"attachment-full size-full\" alt=\"independance-equateur\" aria-describedby=\"gallery-3-586\" srcset=\"https:\/\/www.incatrek-ecuador.com\/blog\/wp-content\/uploads\/2017\/12\/Simon-bolivar.jpg 435w, https:\/\/www.incatrek-ecuador.com\/blog\/wp-content\/uploads\/2017\/12\/Simon-bolivar-237x300.jpg 237w, https:\/\/www.incatrek-ecuador.com\/blog\/wp-content\/uploads\/2017\/12\/Simon-bolivar-370x468.jpg 370w\" sizes=\"(max-width: 435px) 100vw, 435px\" \/><\/a>\n\t\t\t<\/div>\n\t\t\t\t<figcaption class='wp-caption-text gallery-caption' id='gallery-3-586'>\n\t\t\t\tLe &#8220;libertador&#8221; Simon Bolivar\n\t\t\t\t<\/figcaption><\/figure>\n\t\t<\/div>\n\n<p>Les premi\u00e8res id\u00e9es d&#8217;ind\u00e9pendance sont venues avec les mouvements r\u00e9volutionnaires d&#8217;occident avec la r\u00e9volution fran\u00e7aise, et aux \u00c9tats Unis avec son ind\u00e9pendance. C&#8217;est alors, le 25 d\u00e9cembre 1808, que se d\u00e9roula la premi\u00e8re r\u00e9union entre futur r\u00e9volutionnaires eut lieu\u00a0afin de reprendre la ville de Quito et plus\u00a0g\u00e9n\u00e9ralement l&#8217;\u00c9quateur aux conquistadors.<\/p>\n<p>Ce mouvement r\u00e9volutionnaire men\u00e9 par Jos\u00e9 Antonio Sucre atteint son paroxysme le 24 mai 1822 avec la fameuse bataille du Pichincha qui opposa les royalistes espagnols aux r\u00e9volutionnaires de Jos\u00e9 Sucre. Cette guerre se conclut par une victoire des r\u00e9volutionnaires et permit, par la suite, de cr\u00e9er la Grande Colombie sous l&#8217;impulsion de Simon Bolivar, &#8220;el Libertador&#8221;. Le Venezuela, la Colombie et l&#8217;\u00c9quateur form\u00e8rent ce grand pays, libre de toute influence espagnole.<\/p>\n<p>Ce n&#8217;est qu&#8217;en 1830 que cette Grande Colombie fut scind\u00e9e en 3 pays que l&#8217;on conna\u00eet aujourd&#8217;hui avec la Colombie, le Venezuela et l&#8217;\u00c9quateur. C&#8217;est lors du congr\u00e8s scindant la Grande Colombie en trois pays distincts, que Quito fut proclam\u00e9 capitale de l&#8217;\u00c9quateur.<\/p>\n<h2 style=\"text-align: center;\"><\/h2>\n<h2 style=\"text-align: center;\">Quito aujourd&#8217;hui<\/h2>\n<div id='gallery-4' class='gallery galleryid-577 gallery-columns-2 gallery-size-full'><figure class='gallery-item'>\n\t\t\t<div class='gallery-icon portrait'>\n\t\t\t\t<a href='https:\/\/www.incatrek-ecuador.com\/blog\/wp-content\/uploads\/2017\/12\/patio-inte\u0301rieur-colonial.jpg'><img loading=\"lazy\" decoding=\"async\" width=\"577\" height=\"768\" src=\"https:\/\/www.incatrek-ecuador.com\/blog\/wp-content\/uploads\/2017\/12\/patio-inte\u0301rieur-colonial.jpg\" class=\"attachment-full size-full\" alt=\"colons-espagnols\" aria-describedby=\"gallery-4-582\" srcset=\"https:\/\/www.incatrek-ecuador.com\/blog\/wp-content\/uploads\/2017\/12\/patio-inte\u0301rieur-colonial.jpg 577w, https:\/\/www.incatrek-ecuador.com\/blog\/wp-content\/uploads\/2017\/12\/patio-inte\u0301rieur-colonial-225x300.jpg 225w, https:\/\/www.incatrek-ecuador.com\/blog\/wp-content\/uploads\/2017\/12\/patio-inte\u0301rieur-colonial-370x492.jpg 370w, https:\/\/www.incatrek-ecuador.com\/blog\/wp-content\/uploads\/2017\/12\/patio-inte\u0301rieur-colonial-570x759.jpg 570w, https:\/\/www.incatrek-ecuador.com\/blog\/wp-content\/uploads\/2017\/12\/patio-inte\u0301rieur-colonial-436x580.jpg 436w\" sizes=\"(max-width: 577px) 100vw, 577px\" \/><\/a>\n\t\t\t<\/div>\n\t\t\t\t<figcaption class='wp-caption-text gallery-caption' id='gallery-4-582'>\n\t\t\t\tPatio de style colonial d&#8217;une maison de Quito\n\t\t\t\t<\/figcaption><\/figure><figure class='gallery-item'>\n\t\t\t<div class='gallery-icon portrait'>\n\t\t\t\t<a href='https:\/\/www.incatrek-ecuador.com\/blog\/wp-content\/uploads\/2017\/12\/plaza-grande-basilique.jpg'><img loading=\"lazy\" decoding=\"async\" width=\"577\" height=\"768\" src=\"https:\/\/www.incatrek-ecuador.com\/blog\/wp-content\/uploads\/2017\/12\/plaza-grande-basilique.jpg\" class=\"attachment-full size-full\" alt=\"equateur-quito\" aria-describedby=\"gallery-4-581\" srcset=\"https:\/\/www.incatrek-ecuador.com\/blog\/wp-content\/uploads\/2017\/12\/plaza-grande-basilique.jpg 577w, https:\/\/www.incatrek-ecuador.com\/blog\/wp-content\/uploads\/2017\/12\/plaza-grande-basilique-225x300.jpg 225w, https:\/\/www.incatrek-ecuador.com\/blog\/wp-content\/uploads\/2017\/12\/plaza-grande-basilique-370x492.jpg 370w, https:\/\/www.incatrek-ecuador.com\/blog\/wp-content\/uploads\/2017\/12\/plaza-grande-basilique-570x759.jpg 570w, https:\/\/www.incatrek-ecuador.com\/blog\/wp-content\/uploads\/2017\/12\/plaza-grande-basilique-436x580.jpg 436w\" sizes=\"(max-width: 577px) 100vw, 577px\" \/><\/a>\n\t\t\t<\/div>\n\t\t\t\t<figcaption class='wp-caption-text gallery-caption' id='gallery-4-581'>\n\t\t\t\tVue de la plaza grande avec ses clochers et la basilique\n\t\t\t\t<\/figcaption><\/figure>\n\t\t<\/div>\n\n<p>Que repr\u00e9sente Quito dans le monde aujourd&#8217;hui ? Quito fut, avec Cracovie en Pologne, la premi\u00e8re ville au monde \u00e0 \u00eatre class\u00e9e au patrimoine mondial de l&#8217;UNESCO en 1978. Son centre historique est en effet consid\u00e9r\u00e9 comme le mieux conserv\u00e9 d&#8217;Am\u00e9rique Latine. Cuenca a rejoint Quito au patrimoine mondial de l&#8217;UNESCO en 1999.<\/p>\n<p><span style=\"text-decoration: underline;\">Particularit\u00e9 de Quito aujourd&#8217;hui:<\/span><\/p>\n<ul>\n<li>plus grande concentration d&#8217;\u00e9glise\u00a0en son centre historique, dont la Compa\u00f1\u00eda qui est recouverte d&#8217;or.<\/li>\n<li>vierge aill\u00e9e de Quito sur le Panecillo, qui est la seule repr\u00e9sentation aill\u00e9e de la vierge.<\/li>\n<\/ul>\n<p>Quito est aujourd&#8217;hui une ville m\u00e9langeant les cultures et gardant fi\u00e8rement les traces de son pass\u00e9 avec ce m\u00e9lange de populations et d&#8217;origines. En effet, de nombreux monuments et rues portent le nom de conquistadors ou empereurs Incas, comme le stade de football de la s\u00e9lection nationale (estadio Atahualpa) ou encore la rue Sebastian de Benalcazar.<\/p>\n<p>&nbsp;<\/p>\n<p>&nbsp;<\/p>\n","protected":false},"excerpt":{"rendered":"<p>Quito est la plus vieille capitale d&#8217;Am\u00e9rique Latine, fond\u00e9e en 1534, le 6 d\u00e9cembre tr\u00e8s exactement. Mais cette ville a [&hellip;]<\/p>\n","protected":false},"author":3,"featured_media":583,"comment_status":"closed","ping_status":"closed","sticky":false,"template":"","format":"standard","meta":{"_eb_attr":"","_exactmetrics_skip_tracking":false,"_exactmetrics_sitenote_active":false,"_exactmetrics_sitenote_note":"","_exactmetrics_sitenote_category":0,"_monsterinsights_skip_tracking":false,"_monsterinsights_sitenote_active":false,"_monsterinsights_sitenote_note":"","_monsterinsights_sitenote_category":0,"site-sidebar-layout":"default","site-content-layout":"","ast-site-content-layout":"","site-content-style":"default","site-sidebar-style":"default","ast-global-header-display":"","ast-banner-title-visibility":"","ast-main-header-display":"","ast-hfb-above-header-display":"","ast-hfb-below-header-display":"","ast-hfb-mobile-header-display":"","site-post-title":"","ast-breadcrumbs-content":"","ast-featured-img":"","footer-sml-layout":"","theme-transparent-header-meta":"","adv-header-id-meta":"","stick-header-meta":"","header-above-stick-meta":"","header-main-stick-meta":"","header-below-stick-meta":"","astra-migrate-meta-layouts":"default","ast-page-background-enabled":"default","ast-page-background-meta":{"desktop":{"background-color":"var(--ast-global-color-4)","background-image":"","background-repeat":"repeat","background-position":"center center","background-size":"auto","background-attachment":"scroll","background-type":"","background-media":"","overlay-type":"","overlay-color":"","overlay-opacity":"","overlay-gradient":""},"tablet":{"background-color":"","background-image":"","background-repeat":"repeat","background-position":"center center","background-size":"auto","background-attachment":"scroll","background-type":"","background-media":"","overlay-type":"","overlay-color":"","overlay-opacity":"","overlay-gradient":""},"mobile":{"background-color":"","background-image":"","background-repeat":"repeat","background-position":"center center","background-size":"auto","background-attachment":"scroll","background-type":"","background-media":"","overlay-type":"","overlay-color":"","overlay-opacity":"","overlay-gradient":""}},"ast-content-background-meta":{"desktop":{"background-color":"var(--ast-global-color-5)","background-image":"","background-repeat":"repeat","background-position":"center center","background-size":"auto","background-attachment":"scroll","background-type":"","background-media":"","overlay-type":"","overlay-color":"","overlay-opacity":"","overlay-gradient":""},"tablet":{"background-color":"var(--ast-global-color-5)","background-image":"","background-repeat":"repeat","background-position":"center center","background-size":"auto","background-attachment":"scroll","background-type":"","background-media":"","overlay-type":"","overlay-color":"","overlay-opacity":"","overlay-gradient":""},"mobile":{"background-color":"var(--ast-global-color-5)","background-image":"","background-repeat":"repeat","background-position":"center center","background-size":"auto","background-attachment":"scroll","background-type":"","background-media":"","overlay-type":"","overlay-color":"","overlay-opacity":"","overlay-gradient":""}},"_joinchat":[],"footnotes":""},"categories":[7,54,56,53,55,70],"tags":[],"class_list":["post-577","post","type-post","status-publish","format-standard","has-post-thumbnail","hentry","category-traditions-dequateur","category-amerique-du-sud","category-andes","category-destination","category-equateur","category-pichincha"],"_links":{"self":[{"href":"https:\/\/www.incatrek-ecuador.com\/blog\/wp-json\/wp\/v2\/posts\/577","targetHints":{"allow":["GET"]}}],"collection":[{"href":"https:\/\/www.incatrek-ecuador.com\/blog\/wp-json\/wp\/v2\/posts"}],"about":[{"href":"https:\/\/www.incatrek-ecuador.com\/blog\/wp-json\/wp\/v2\/types\/post"}],"author":[{"embeddable":true,"href":"https:\/\/www.incatrek-ecuador.com\/blog\/wp-json\/wp\/v2\/users\/3"}],"replies":[{"embeddable":true,"href":"https:\/\/www.incatrek-ecuador.com\/blog\/wp-json\/wp\/v2\/comments?post=577"}],"version-history":[{"count":0,"href":"https:\/\/www.incatrek-ecuador.com\/blog\/wp-json\/wp\/v2\/posts\/577\/revisions"}],"wp:featuredmedia":[{"embeddable":true,"href":"https:\/\/www.incatrek-ecuador.com\/blog\/wp-json\/wp\/v2\/media\/583"}],"wp:attachment":[{"href":"https:\/\/www.incatrek-ecuador.com\/blog\/wp-json\/wp\/v2\/media?parent=577"}],"wp:term":[{"taxonomy":"category","embeddable":true,"href":"https:\/\/www.incatrek-ecuador.com\/blog\/wp-json\/wp\/v2\/categories?post=577"},{"taxonomy":"post_tag","embeddable":true,"href":"https:\/\/www.incatrek-ecuador.com\/blog\/wp-json\/wp\/v2\/tags?post=577"}],"curies":[{"name":"wp","href":"https:\/\/api.w.org\/{rel}","templated":true}]}}