{"id":697,"date":"2018-03-26T20:05:36","date_gmt":"2018-03-26T18:05:36","guid":{"rendered":"http:\/\/www.incatrek-ecuador.com\/blog\/?p=697"},"modified":"2024-04-01T21:58:36","modified_gmt":"2024-04-01T19:58:36","slug":"volcans-andes-galapagos-equateur","status":"publish","type":"post","link":"https:\/\/www.incatrek-ecuador.com\/blog\/volcans-andes-galapagos-equateur\/","title":{"rendered":"L&#8217;activit\u00e9 volcanique en \u00c9quateur"},"content":{"rendered":"<h1>L&#8217;\u00c9quateur, terre de volcans<\/h1>\n<p>L&#8217;\u00c9quateur est un pays tr\u00e8s volcanique puisqu&#8217;il est situ\u00e9 sur la fameuse ceinture de feu du Pacifique. En effet, on d\u00e9nombre actuellement 4 volcans consid\u00e9r\u00e9s comme actifs sur le continent, et 4 principaux aux Galapagos. Fort heureusement la majorit\u00e9\u00a0des volcans actuellement actifs ne sont pas dangereux pour la population locale \u00e9quatorienne.<\/p>\n<p>Nous allons faire un petit r\u00e9capitulatif des volcans en activit\u00e9 ainsi que des \u00e9ruptions historiquement importantes.<\/p>\n<h2 style=\"text-align: center;\"><span style=\"text-decoration: underline;\">Continent<\/span><\/h2>\n<p>&nbsp;<\/p>\n<h3>Antisana (5 753 m)<\/h3>\n<p><span style=\"text-decoration: underline;\">Localisation:<\/span> 1h au sud-est de Quito<\/p>\n<div id='gallery-1' class='gallery galleryid-697 gallery-columns-1 gallery-size-full'><figure class='gallery-item'>\n\t\t\t<div class='gallery-icon landscape'>\n\t\t\t\t<a href='https:\/\/www.incatrek-ecuador.com\/blog\/wp-content\/uploads\/2018\/03\/antisanilla-volcan.jpg'><img fetchpriority=\"high\" decoding=\"async\" width=\"764\" height=\"575\" src=\"https:\/\/www.incatrek-ecuador.com\/blog\/wp-content\/uploads\/2018\/03\/antisanilla-volcan.jpg\" class=\"attachment-full size-full\" alt=\"\" aria-describedby=\"gallery-1-714\" srcset=\"https:\/\/www.incatrek-ecuador.com\/blog\/wp-content\/uploads\/2018\/03\/antisanilla-volcan.jpg 764w, https:\/\/www.incatrek-ecuador.com\/blog\/wp-content\/uploads\/2018\/03\/antisanilla-volcan-300x226.jpg 300w, https:\/\/www.incatrek-ecuador.com\/blog\/wp-content\/uploads\/2018\/03\/antisanilla-volcan-370x278.jpg 370w, https:\/\/www.incatrek-ecuador.com\/blog\/wp-content\/uploads\/2018\/03\/antisanilla-volcan-570x429.jpg 570w\" sizes=\"(max-width: 764px) 100vw, 764px\" \/><\/a>\n\t\t\t<\/div>\n\t\t\t\t<figcaption class='wp-caption-text gallery-caption' id='gallery-1-714'>\n\t\t\t\tCoul\u00e9e de lave de l&#8217;\u00e9ruption de l&#8217;Antisana en 1728\n\t\t\t\t<\/figcaption><\/figure>\n\t\t<\/div>\n\n<p><span style=\"text-decoration: underline;\">Type de volcan<\/span>:\u00a0Stratovolcan, \u00e9ruptions du types stromboliennes (formation d&#8217;un d\u00f4me de lave \u00e9paisse)<\/p>\n<p><span style=\"text-decoration: underline;\">Statut<\/span>: Endormi<\/p>\n<p><span style=\"text-decoration: underline;\">Premi\u00e8re \u00e9ruption connue<\/span>: 1728<\/p>\n<p>Cette \u00e9ruption a provoqu\u00e9 la fameuse coul\u00e9e de lave de 12 km encore visible dans le parc Antisana, l&#8217;Antisanilla.<\/p>\n<p><span style=\"text-decoration: underline;\">Derni\u00e8re \u00e9ruption<\/span>: 1801<\/p>\n<p>La premi\u00e8re ascension de ce volcan fut en 1880 par le fameux Edward Whymper.<\/p>\n<p>&nbsp;<\/p>\n<h3>Cayambe (5 790 m)<\/h3>\n<p><span style=\"text-decoration: underline;\">Localisation:<\/span>\u00a02h30 \u00e0 l&#8217;est de Quito<\/p>\n<div id='gallery-2' class='gallery galleryid-697 gallery-columns-1 gallery-size-large'><figure class='gallery-item'>\n\t\t\t<div class='gallery-icon landscape'>\n\t\t\t\t<a href='https:\/\/www.incatrek-ecuador.com\/blog\/wp-content\/uploads\/2018\/03\/cayambe.jpg'><img decoding=\"async\" width=\"1024\" height=\"768\" src=\"https:\/\/www.incatrek-ecuador.com\/blog\/wp-content\/uploads\/2018\/03\/cayambe-1024x768.jpg\" class=\"attachment-large size-large\" alt=\"\" aria-describedby=\"gallery-2-701\" srcset=\"https:\/\/www.incatrek-ecuador.com\/blog\/wp-content\/uploads\/2018\/03\/cayambe-1024x768.jpg 1024w, https:\/\/www.incatrek-ecuador.com\/blog\/wp-content\/uploads\/2018\/03\/cayambe-300x225.jpg 300w, https:\/\/www.incatrek-ecuador.com\/blog\/wp-content\/uploads\/2018\/03\/cayambe-768x576.jpg 768w, https:\/\/www.incatrek-ecuador.com\/blog\/wp-content\/uploads\/2018\/03\/cayambe-370x278.jpg 370w, https:\/\/www.incatrek-ecuador.com\/blog\/wp-content\/uploads\/2018\/03\/cayambe-570x428.jpg 570w, https:\/\/www.incatrek-ecuador.com\/blog\/wp-content\/uploads\/2018\/03\/cayambe-770x578.jpg 770w, https:\/\/www.incatrek-ecuador.com\/blog\/wp-content\/uploads\/2018\/03\/cayambe-1170x878.jpg 1170w, https:\/\/www.incatrek-ecuador.com\/blog\/wp-content\/uploads\/2018\/03\/cayambe-773x580.jpg 773w, https:\/\/www.incatrek-ecuador.com\/blog\/wp-content\/uploads\/2018\/03\/cayambe.jpg 2048w\" sizes=\"(max-width: 1024px) 100vw, 1024px\" \/><\/a>\n\t\t\t<\/div>\n\t\t\t\t<figcaption class='wp-caption-text gallery-caption' id='gallery-2-701'>\n\t\t\t\tVolcan Cayambe &#8211; 5 790m\n\t\t\t\t<\/figcaption><\/figure>\n\t\t<\/div>\n\n<p><span style=\"text-decoration: underline;\">Type de volcan<\/span>: Complexe,\u00a0volcan ayant subi une transformation au cours de son histoire. Plusieurs types de volcan se sont succ\u00e9d\u00e9 pour former le Cayambe. Le Piton des Neiges est aussi un volcan complexe.<\/p>\n<p><span style=\"text-decoration: underline;\">Statut<\/span>: Endormi<\/p>\n<p><span style=\"text-decoration: underline;\">Premi\u00e8re \u00e9ruption connue<\/span>: 1800 av J.C<\/p>\n<p><span style=\"text-decoration: underline;\">Derni\u00e8re \u00e9ruption:<\/span> 1758<\/p>\n<p>En 1880, Edward Whymper fut le premier \u00e0 vaincre le sommet.<\/p>\n<p>&nbsp;<\/p>\n<h3>Chimborazo (6 310 m)<\/h3>\n<p><span style=\"text-decoration: underline;\">Localisation:<\/span>\u00a01h au nord de Riobamba (4h au sud de Quito)<\/p>\n<div id='gallery-3' class='gallery galleryid-697 gallery-columns-1 gallery-size-large'><figure class='gallery-item'>\n\t\t\t<div class='gallery-icon landscape'>\n\t\t\t\t<a href='https:\/\/www.incatrek-ecuador.com\/blog\/wp-content\/uploads\/2018\/03\/P1030732.jpg'><img decoding=\"async\" width=\"1024\" height=\"576\" src=\"https:\/\/www.incatrek-ecuador.com\/blog\/wp-content\/uploads\/2018\/03\/P1030732-1024x576.jpg\" class=\"attachment-large size-large\" alt=\"\" aria-describedby=\"gallery-3-702\" srcset=\"https:\/\/www.incatrek-ecuador.com\/blog\/wp-content\/uploads\/2018\/03\/P1030732-1024x576.jpg 1024w, https:\/\/www.incatrek-ecuador.com\/blog\/wp-content\/uploads\/2018\/03\/P1030732-300x169.jpg 300w, https:\/\/www.incatrek-ecuador.com\/blog\/wp-content\/uploads\/2018\/03\/P1030732-768x432.jpg 768w, https:\/\/www.incatrek-ecuador.com\/blog\/wp-content\/uploads\/2018\/03\/P1030732-370x208.jpg 370w, https:\/\/www.incatrek-ecuador.com\/blog\/wp-content\/uploads\/2018\/03\/P1030732-570x321.jpg 570w, https:\/\/www.incatrek-ecuador.com\/blog\/wp-content\/uploads\/2018\/03\/P1030732-770x433.jpg 770w, https:\/\/www.incatrek-ecuador.com\/blog\/wp-content\/uploads\/2018\/03\/P1030732-1170x658.jpg 1170w, https:\/\/www.incatrek-ecuador.com\/blog\/wp-content\/uploads\/2018\/03\/P1030732-1031x580.jpg 1031w\" sizes=\"(max-width: 1024px) 100vw, 1024px\" \/><\/a>\n\t\t\t<\/div>\n\t\t\t\t<figcaption class='wp-caption-text gallery-caption' id='gallery-3-702'>\n\t\t\t\tVolcan Chimborazo &#8211; 6 300m\n\t\t\t\t<\/figcaption><\/figure>\n\t\t<\/div>\n\n<p><span style=\"text-decoration: underline;\">Type de volcan<\/span>:\u00a0Complexe,\u00a0volcan ayant subi\u00a0plusieurs transformations au cours de son histoire. Aujourd&#8217;hui c&#8217;est un stratovolcan.<\/p>\n<p><span style=\"text-decoration: underline;\">Statut<\/span>: Endormi<\/p>\n<p><span style=\"text-decoration: underline;\">Premi\u00e8re \u00e9ruption connue<\/span>:\u00a0+\/- 7500 av J.C<\/p>\n<p><span style=\"text-decoration: underline;\">Derni\u00e8re \u00e9ruption:<\/span>\u00a0+\/- 550 ap J.C<\/p>\n<p>En 1880, Edward Whymper fut le premier \u00e0 vaincre le sommet.<\/p>\n<p>&nbsp;<\/p>\n<h3>Cotopaxi (5 897 m)<\/h3>\n<p><span style=\"text-decoration: underline;\">Localisation:<\/span>\u00a01h30 au sud de Quito<\/p>\n<div id='gallery-4' class='gallery galleryid-697 gallery-columns-1 gallery-size-full'><figure class='gallery-item'>\n\t\t\t<div class='gallery-icon landscape'>\n\t\t\t\t<a href='https:\/\/www.incatrek-ecuador.com\/blog\/wp-content\/uploads\/2018\/03\/cotopaxi-enneige\u0301-equateur.jpg'><img loading=\"lazy\" decoding=\"async\" width=\"1024\" height=\"576\" src=\"https:\/\/www.incatrek-ecuador.com\/blog\/wp-content\/uploads\/2018\/03\/cotopaxi-enneige\u0301-equateur.jpg\" class=\"attachment-full size-full\" alt=\"\" aria-describedby=\"gallery-4-703\" srcset=\"https:\/\/www.incatrek-ecuador.com\/blog\/wp-content\/uploads\/2018\/03\/cotopaxi-enneige\u0301-equateur.jpg 1024w, https:\/\/www.incatrek-ecuador.com\/blog\/wp-content\/uploads\/2018\/03\/cotopaxi-enneige\u0301-equateur-300x169.jpg 300w, https:\/\/www.incatrek-ecuador.com\/blog\/wp-content\/uploads\/2018\/03\/cotopaxi-enneige\u0301-equateur-768x432.jpg 768w, https:\/\/www.incatrek-ecuador.com\/blog\/wp-content\/uploads\/2018\/03\/cotopaxi-enneige\u0301-equateur-370x208.jpg 370w, https:\/\/www.incatrek-ecuador.com\/blog\/wp-content\/uploads\/2018\/03\/cotopaxi-enneige\u0301-equateur-570x321.jpg 570w, https:\/\/www.incatrek-ecuador.com\/blog\/wp-content\/uploads\/2018\/03\/cotopaxi-enneige\u0301-equateur-770x433.jpg 770w\" sizes=\"(max-width: 1024px) 100vw, 1024px\" \/><\/a>\n\t\t\t<\/div>\n\t\t\t\t<figcaption class='wp-caption-text gallery-caption' id='gallery-4-703'>\n\t\t\t\tVolcan Cotopaxi &#8211; 5 897m\n\t\t\t\t<\/figcaption><\/figure>\n\t\t<\/div>\n\n<p><span style=\"text-decoration: underline;\">Type de volcan<\/span>: Explosif.<\/p>\n<p><span style=\"text-decoration: underline;\">Statut<\/span>:\u00a0Actif<\/p>\n<p><span style=\"text-decoration: underline;\">Premi\u00e8re \u00e9ruption connue<\/span>:\u00a0+\/- 7700\u00a0av J.C<\/p>\n<p><span style=\"text-decoration: underline;\">Derni\u00e8re \u00e9ruption:<\/span>\u00a0Du 14 ao\u00fbt 2015 au 24 janvier 2016<\/p>\n<p>Le Cotopaxi conna\u00eet une p\u00e9riode \u00e9ruptive tous les 80 ans environ. L&#8217;\u00e9ruption de 2015 fut une anomalie g\u00e9ologique puisque jamais ce volcan ne s&#8217;\u00e9tait r\u00e9veill\u00e9 sans avoir de v\u00e9ritable \u00e9ruption derri\u00e8re. Le Cotopaxi s&#8217;est calm\u00e9 depuis 2016 et son ascension est de nouveau possible depuis octobre 2017.<\/p>\n<p>&nbsp;<\/p>\n<h3>Lagune Cuicocha (3 246 m)<\/h3>\n<p><span style=\"text-decoration: underline;\">Localisation:<\/span>\u00a02h au\u00a0nord de Quito<\/p>\n<div id='gallery-5' class='gallery galleryid-697 gallery-columns-1 gallery-size-large'><figure class='gallery-item'>\n\t\t\t<div class='gallery-icon landscape'>\n\t\t\t\t<a href='https:\/\/www.incatrek-ecuador.com\/blog\/wp-content\/uploads\/2018\/03\/laguna-cuicocha-otavalo.jpg'><img loading=\"lazy\" decoding=\"async\" width=\"1024\" height=\"768\" src=\"https:\/\/www.incatrek-ecuador.com\/blog\/wp-content\/uploads\/2018\/03\/laguna-cuicocha-otavalo-1024x768.jpg\" class=\"attachment-large size-large\" alt=\"\" aria-describedby=\"gallery-5-704\" srcset=\"https:\/\/www.incatrek-ecuador.com\/blog\/wp-content\/uploads\/2018\/03\/laguna-cuicocha-otavalo-1024x768.jpg 1024w, https:\/\/www.incatrek-ecuador.com\/blog\/wp-content\/uploads\/2018\/03\/laguna-cuicocha-otavalo-300x225.jpg 300w, https:\/\/www.incatrek-ecuador.com\/blog\/wp-content\/uploads\/2018\/03\/laguna-cuicocha-otavalo-768x576.jpg 768w, https:\/\/www.incatrek-ecuador.com\/blog\/wp-content\/uploads\/2018\/03\/laguna-cuicocha-otavalo-370x278.jpg 370w, https:\/\/www.incatrek-ecuador.com\/blog\/wp-content\/uploads\/2018\/03\/laguna-cuicocha-otavalo-570x428.jpg 570w, https:\/\/www.incatrek-ecuador.com\/blog\/wp-content\/uploads\/2018\/03\/laguna-cuicocha-otavalo-770x578.jpg 770w, https:\/\/www.incatrek-ecuador.com\/blog\/wp-content\/uploads\/2018\/03\/laguna-cuicocha-otavalo-1170x878.jpg 1170w, https:\/\/www.incatrek-ecuador.com\/blog\/wp-content\/uploads\/2018\/03\/laguna-cuicocha-otavalo-773x580.jpg 773w, https:\/\/www.incatrek-ecuador.com\/blog\/wp-content\/uploads\/2018\/03\/laguna-cuicocha-otavalo.jpg 1600w\" sizes=\"(max-width: 1024px) 100vw, 1024px\" \/><\/a>\n\t\t\t<\/div>\n\t\t\t\t<figcaption class='wp-caption-text gallery-caption' id='gallery-5-704'>\n\t\t\t\tLagune Cuicocha &#8211; 3 246m\n\t\t\t\t<\/figcaption><\/figure>\n\t\t<\/div>\n\n<p><span style=\"text-decoration: underline;\">Type de volcan<\/span>:\u00a0Caldeira, cuvette \u00e0 fond plat d\u00fb \u00e0 un effondrement d&#8217;une chambre magmatique. (ex: Santorin)<\/p>\n<p>Deux d\u00f4mes de lave se sont form\u00e9s au centre de la caldeira. La lagune Cuicocha est un des crat\u00e8res du volcan Cotacachi.<\/p>\n<p><span style=\"text-decoration: underline;\">Statut<\/span>:\u00a0Endormi<\/p>\n<p><span style=\"text-decoration: underline;\">Premi\u00e8re \u00e9ruption connue<\/span>:\u00a02550 av J.C<\/p>\n<p><span style=\"text-decoration: underline;\">Derni\u00e8re \u00e9ruption:<\/span>\u00a0650 ap J.C<\/p>\n<p>&nbsp;<\/p>\n<h3>Guagua Pichincha (4 784 m)<\/h3>\n<p><span style=\"text-decoration: underline;\">Localisation:<\/span>\u00a0le volcan bordant le c\u00f4t\u00e9 ouest de Quito<\/p>\n<div id='gallery-6' class='gallery galleryid-697 gallery-columns-1 gallery-size-large'><figure class='gallery-item'>\n\t\t\t<div class='gallery-icon landscape'>\n\t\t\t\t<a href='https:\/\/www.incatrek-ecuador.com\/blog\/wp-content\/uploads\/2018\/03\/crate\u0300re-pichincha.jpg'><img loading=\"lazy\" decoding=\"async\" width=\"1024\" height=\"575\" src=\"https:\/\/www.incatrek-ecuador.com\/blog\/wp-content\/uploads\/2018\/03\/crate\u0300re-pichincha-1024x575.jpg\" class=\"attachment-large size-large\" alt=\"\" aria-describedby=\"gallery-6-706\" srcset=\"https:\/\/www.incatrek-ecuador.com\/blog\/wp-content\/uploads\/2018\/03\/crate\u0300re-pichincha.jpg 1024w, https:\/\/www.incatrek-ecuador.com\/blog\/wp-content\/uploads\/2018\/03\/crate\u0300re-pichincha-300x168.jpg 300w, https:\/\/www.incatrek-ecuador.com\/blog\/wp-content\/uploads\/2018\/03\/crate\u0300re-pichincha-768x431.jpg 768w, https:\/\/www.incatrek-ecuador.com\/blog\/wp-content\/uploads\/2018\/03\/crate\u0300re-pichincha-370x208.jpg 370w, https:\/\/www.incatrek-ecuador.com\/blog\/wp-content\/uploads\/2018\/03\/crate\u0300re-pichincha-570x320.jpg 570w, https:\/\/www.incatrek-ecuador.com\/blog\/wp-content\/uploads\/2018\/03\/crate\u0300re-pichincha-770x432.jpg 770w\" sizes=\"(max-width: 1024px) 100vw, 1024px\" \/><\/a>\n\t\t\t<\/div>\n\t\t\t\t<figcaption class='wp-caption-text gallery-caption' id='gallery-6-706'>\n\t\t\t\tVolcan Guagua Pichincha &#8211; 4 784m\n\t\t\t\t<\/figcaption><\/figure>\n\t\t<\/div>\n\n<p><span style=\"text-decoration: underline;\">Type de volcan<\/span>:\u00a0Volcan gris (ex. V\u00e9suve)<\/p>\n<p><span style=\"text-decoration: underline;\">Statut<\/span>:\u00a0Endormi<\/p>\n<p><span style=\"text-decoration: underline;\">Premi\u00e8re \u00e9ruption connue<\/span>: +\/- 7000\u00a0av J.C<\/p>\n<p><span style=\"text-decoration: underline;\">Derni\u00e8re \u00e9ruption (majeure):<\/span>\u00a01999, un nuage de cendres \u00e9tait mont\u00e9 \u00e0 12 km de hauteur au-dessus de Quito.<\/p>\n<p>Le crat\u00e8re ne fait pas face \u00e0 Quito ce qui permet de pr\u00e9server la capitale \u00e9quatorienne.<\/p>\n<p>&nbsp;<\/p>\n<h3>Lagune Quilotoa (3 914 m)<\/h3>\n<p><span style=\"text-decoration: underline;\">Localisation:<\/span>\u00a02h30 au sud de Quito<\/p>\n<div id='gallery-7' class='gallery galleryid-697 gallery-columns-1 gallery-size-large'><figure class='gallery-item'>\n\t\t\t<div class='gallery-icon landscape'>\n\t\t\t\t<a href='https:\/\/www.incatrek-ecuador.com\/blog\/wp-content\/uploads\/2018\/03\/lagune-quilotoa.jpg'><img loading=\"lazy\" decoding=\"async\" width=\"1024\" height=\"576\" src=\"https:\/\/www.incatrek-ecuador.com\/blog\/wp-content\/uploads\/2018\/03\/lagune-quilotoa-1024x576.jpg\" class=\"attachment-large size-large\" alt=\"\" aria-describedby=\"gallery-7-705\" srcset=\"https:\/\/www.incatrek-ecuador.com\/blog\/wp-content\/uploads\/2018\/03\/lagune-quilotoa.jpg 1024w, https:\/\/www.incatrek-ecuador.com\/blog\/wp-content\/uploads\/2018\/03\/lagune-quilotoa-300x169.jpg 300w, https:\/\/www.incatrek-ecuador.com\/blog\/wp-content\/uploads\/2018\/03\/lagune-quilotoa-768x432.jpg 768w, https:\/\/www.incatrek-ecuador.com\/blog\/wp-content\/uploads\/2018\/03\/lagune-quilotoa-370x208.jpg 370w, https:\/\/www.incatrek-ecuador.com\/blog\/wp-content\/uploads\/2018\/03\/lagune-quilotoa-570x321.jpg 570w, https:\/\/www.incatrek-ecuador.com\/blog\/wp-content\/uploads\/2018\/03\/lagune-quilotoa-770x433.jpg 770w\" sizes=\"(max-width: 1024px) 100vw, 1024px\" \/><\/a>\n\t\t\t<\/div>\n\t\t\t\t<figcaption class='wp-caption-text gallery-caption' id='gallery-7-705'>\n\t\t\t\tLagune Quilotoa &#8211; 3 914m\n\t\t\t\t<\/figcaption><\/figure>\n\t\t<\/div>\n\n<p><span style=\"text-decoration: underline;\">Type de volcan<\/span>:\u00a0Caldeira<\/p>\n<p><span style=\"text-decoration: underline;\">Statut<\/span>: Endormi<\/p>\n<p><span style=\"text-decoration: underline;\">Premi\u00e8re \u00e9ruption connue<\/span>:\u00a01280<\/p>\n<p><span style=\"text-decoration: underline;\">Derni\u00e8re \u00e9ruption:<\/span>\u00a01797 (incertaine)<\/p>\n<p>&nbsp;<\/p>\n<h3>Reventador (3 562 m)<\/h3>\n<p><span style=\"text-decoration: underline;\">Localisation:<\/span>\u00a03h a l&#8217;est de Quito<\/p>\n<div id='gallery-8' class='gallery galleryid-697 gallery-columns-1 gallery-size-full'><figure class='gallery-item'>\n\t\t\t<div class='gallery-icon landscape'>\n\t\t\t\t<a href='https:\/\/www.incatrek-ecuador.com\/blog\/wp-content\/uploads\/2018\/03\/reventador-volcan.jpg'><img loading=\"lazy\" decoding=\"async\" width=\"800\" height=\"600\" src=\"https:\/\/www.incatrek-ecuador.com\/blog\/wp-content\/uploads\/2018\/03\/reventador-volcan.jpg\" class=\"attachment-full size-full\" alt=\"\" aria-describedby=\"gallery-8-707\" srcset=\"https:\/\/www.incatrek-ecuador.com\/blog\/wp-content\/uploads\/2018\/03\/reventador-volcan.jpg 800w, https:\/\/www.incatrek-ecuador.com\/blog\/wp-content\/uploads\/2018\/03\/reventador-volcan-300x225.jpg 300w, https:\/\/www.incatrek-ecuador.com\/blog\/wp-content\/uploads\/2018\/03\/reventador-volcan-768x576.jpg 768w, https:\/\/www.incatrek-ecuador.com\/blog\/wp-content\/uploads\/2018\/03\/reventador-volcan-370x278.jpg 370w, https:\/\/www.incatrek-ecuador.com\/blog\/wp-content\/uploads\/2018\/03\/reventador-volcan-570x428.jpg 570w, https:\/\/www.incatrek-ecuador.com\/blog\/wp-content\/uploads\/2018\/03\/reventador-volcan-770x578.jpg 770w, https:\/\/www.incatrek-ecuador.com\/blog\/wp-content\/uploads\/2018\/03\/reventador-volcan-773x580.jpg 773w\" sizes=\"(max-width: 800px) 100vw, 800px\" \/><\/a>\n\t\t\t<\/div>\n\t\t\t\t<figcaption class='wp-caption-text gallery-caption' id='gallery-8-707'>\n\t\t\t\tVolcan Reventador &#8211; 3 562m\n\t\t\t\t<\/figcaption><\/figure>\n\t\t<\/div>\n\n<p><span style=\"text-decoration: underline;\">Type de volcan<\/span>: Volcan gris<\/p>\n<p><span style=\"text-decoration: underline;\">Statut<\/span>:\u00a0Actif, en \u00e9ruption<\/p>\n<p><span style=\"text-decoration: underline;\">Premi\u00e8re \u00e9ruption connue<\/span>:\u00a01541<\/p>\n<p><span style=\"text-decoration: underline;\">Derni\u00e8re \u00e9ruption:<\/span>\u00a0Entam\u00e9e en 2008, sa derni\u00e8re explosion s&#8217;est produite en 2018. Le Reventador est aujourd&#8217;hui constamment en \u00e9ruption.<\/p>\n<p>C&#8217;est aujourd&#8217;hui le volcan le plus dangereux d&#8217;\u00c9quateur \u00e0 cause de la port\u00e9e de ses cendres volcaniques. En effet, Quito pourrait se retrouver en partie sous les cendres si ses \u00e9ruptions venaient \u00e0 prendre de la puissance.<\/p>\n<p>&nbsp;<\/p>\n<h3>Sangay (5 286 m)<\/h3>\n<p><span style=\"text-decoration: underline;\">Localisation:<\/span>\u00a06-7h au sud de Quito<\/p>\n<div id='gallery-9' class='gallery galleryid-697 gallery-columns-1 gallery-size-full'><figure class='gallery-item'>\n\t\t\t<div class='gallery-icon landscape'>\n\t\t\t\t<a href='https:\/\/www.incatrek-ecuador.com\/blog\/wp-content\/uploads\/2018\/03\/sangay-andes-volcan.jpg'><img loading=\"lazy\" decoding=\"async\" width=\"2048\" height=\"1364\" src=\"https:\/\/www.incatrek-ecuador.com\/blog\/wp-content\/uploads\/2018\/03\/sangay-andes-volcan.jpg\" class=\"attachment-full size-full\" alt=\"\" aria-describedby=\"gallery-9-709\" srcset=\"https:\/\/www.incatrek-ecuador.com\/blog\/wp-content\/uploads\/2018\/03\/sangay-andes-volcan.jpg 2048w, https:\/\/www.incatrek-ecuador.com\/blog\/wp-content\/uploads\/2018\/03\/sangay-andes-volcan-300x200.jpg 300w, https:\/\/www.incatrek-ecuador.com\/blog\/wp-content\/uploads\/2018\/03\/sangay-andes-volcan-768x512.jpg 768w, https:\/\/www.incatrek-ecuador.com\/blog\/wp-content\/uploads\/2018\/03\/sangay-andes-volcan-1024x682.jpg 1024w, https:\/\/www.incatrek-ecuador.com\/blog\/wp-content\/uploads\/2018\/03\/sangay-andes-volcan-370x246.jpg 370w, https:\/\/www.incatrek-ecuador.com\/blog\/wp-content\/uploads\/2018\/03\/sangay-andes-volcan-270x180.jpg 270w, https:\/\/www.incatrek-ecuador.com\/blog\/wp-content\/uploads\/2018\/03\/sangay-andes-volcan-570x380.jpg 570w, https:\/\/www.incatrek-ecuador.com\/blog\/wp-content\/uploads\/2018\/03\/sangay-andes-volcan-770x513.jpg 770w, https:\/\/www.incatrek-ecuador.com\/blog\/wp-content\/uploads\/2018\/03\/sangay-andes-volcan-1170x779.jpg 1170w, https:\/\/www.incatrek-ecuador.com\/blog\/wp-content\/uploads\/2018\/03\/sangay-andes-volcan-871x580.jpg 871w\" sizes=\"(max-width: 2048px) 100vw, 2048px\" \/><\/a>\n\t\t\t<\/div>\n\t\t\t\t<figcaption class='wp-caption-text gallery-caption' id='gallery-9-709'>\n\t\t\t\tVolcan Sangay &#8211; 5 286m &#8212; Credit photo: Fernando Revelo\n\t\t\t\t<\/figcaption><\/figure>\n\t\t<\/div>\n\n<p><span style=\"text-decoration: underline;\">Type de volcan<\/span>: Volcan gris<\/p>\n<p><span style=\"text-decoration: underline;\">Statut<\/span>:\u00a0Actif, en \u00e9ruption<\/p>\n<p><span style=\"text-decoration: underline;\">Premi\u00e8re \u00e9ruption connue<\/span>:\u00a01628<\/p>\n<p><span style=\"text-decoration: underline;\">Derni\u00e8re \u00e9ruption:<\/span>\u00a02017<\/p>\n<p>Le Sangay est l&#8217;un des volcans les plus actifs d&#8217;\u00c9quateur mais il est sans danger pour la population puisqu&#8217;il est situ\u00e9 au coeur d&#8217;une r\u00e9serve tr\u00e8s peu peupl\u00e9e.<\/p>\n<p>&nbsp;<\/p>\n<h3>Sumaco (3 990 m)<\/h3>\n<p><span style=\"text-decoration: underline;\">Localisation:<\/span>\u00a04h a l&#8217;est de Quito<\/p>\n<p><span style=\"text-decoration: underline;\">Type de volcan<\/span>:\u00a0Stratovolcan<\/p>\n<p><span style=\"text-decoration: underline;\">Statut<\/span>: Endormi<\/p>\n<p><span style=\"text-decoration: underline;\">Premi\u00e8re \u00e9ruption connue<\/span>:\u00a0+\/- 1650 (incertaine)<\/p>\n<p><span style=\"text-decoration: underline;\">Derni\u00e8re \u00e9ruption:<\/span>\u00a0+\/- 1895<\/p>\n<h3>Tungurahua (5 023 m)<\/h3>\n<p><span style=\"text-decoration: underline;\">Localisation:<\/span>\u00a03h30 au sud de Quito, proche de Ba\u00f1os<\/p>\n<div id='gallery-10' class='gallery galleryid-697 gallery-columns-1 gallery-size-full'><figure class='gallery-item'>\n\t\t\t<div class='gallery-icon landscape'>\n\t\t\t\t<a href='https:\/\/www.incatrek-ecuador.com\/blog\/wp-content\/uploads\/2018\/03\/tungurahua-volcan.jpg'><img loading=\"lazy\" decoding=\"async\" width=\"1024\" height=\"768\" src=\"https:\/\/www.incatrek-ecuador.com\/blog\/wp-content\/uploads\/2018\/03\/tungurahua-volcan.jpg\" class=\"attachment-full size-full\" alt=\"\" aria-describedby=\"gallery-10-708\" srcset=\"https:\/\/www.incatrek-ecuador.com\/blog\/wp-content\/uploads\/2018\/03\/tungurahua-volcan.jpg 1024w, https:\/\/www.incatrek-ecuador.com\/blog\/wp-content\/uploads\/2018\/03\/tungurahua-volcan-300x225.jpg 300w, https:\/\/www.incatrek-ecuador.com\/blog\/wp-content\/uploads\/2018\/03\/tungurahua-volcan-768x576.jpg 768w, https:\/\/www.incatrek-ecuador.com\/blog\/wp-content\/uploads\/2018\/03\/tungurahua-volcan-370x278.jpg 370w, https:\/\/www.incatrek-ecuador.com\/blog\/wp-content\/uploads\/2018\/03\/tungurahua-volcan-570x428.jpg 570w, https:\/\/www.incatrek-ecuador.com\/blog\/wp-content\/uploads\/2018\/03\/tungurahua-volcan-770x578.jpg 770w, https:\/\/www.incatrek-ecuador.com\/blog\/wp-content\/uploads\/2018\/03\/tungurahua-volcan-773x580.jpg 773w\" sizes=\"(max-width: 1024px) 100vw, 1024px\" \/><\/a>\n\t\t\t<\/div>\n\t\t\t\t<figcaption class='wp-caption-text gallery-caption' id='gallery-10-708'>\n\t\t\t\tVolcan Tungurahua &#8211; 5 023m\n\t\t\t\t<\/figcaption><\/figure>\n\t\t<\/div>\n\n<p><span style=\"text-decoration: underline;\">Type de volcan<\/span>: Stratovolcan<\/p>\n<p><span style=\"text-decoration: underline;\">Statut<\/span>:\u00a0Actif<\/p>\n<p><span style=\"text-decoration: underline;\">Premi\u00e8re \u00e9ruption connue<\/span>:\u00a07750 av J.C<\/p>\n<p><span style=\"text-decoration: underline;\">Derni\u00e8re \u00e9ruption:<\/span>\u00a02016<\/p>\n<p>Le Tungurahua a cess\u00e9 son activit\u00e9 depuis 2016 apr\u00e8s avoir connu une p\u00e9riode \u00e9ruptive de 25 ans.<\/p>\n<h3><\/h3>\n<h2 style=\"text-align: center;\"><span style=\"text-decoration: underline;\">Galapagos<\/span><\/h2>\n<p>&nbsp;<\/p>\n<p>L&#8217;archipel des galapagos est un des principaux points chauds sur notre plan\u00e8te.\u00a0Comme beaucoup d&#8217;archipel sur la ceinture de feu, en Asie notamment, cet archipel a une activit\u00e9 volcanique constante.<\/p>\n<h3>La Cumbre &#8211; \u00eele Fernandina (1 476 m)<\/h3>\n<div id='gallery-11' class='gallery galleryid-697 gallery-columns-1 gallery-size-full'><figure class='gallery-item'>\n\t\t\t<div class='gallery-icon landscape'>\n\t\t\t\t<a href='https:\/\/www.incatrek-ecuador.com\/blog\/wp-content\/uploads\/2018\/03\/volcan-cumbre-fernandina.jpg'><img loading=\"lazy\" decoding=\"async\" width=\"954\" height=\"517\" src=\"https:\/\/www.incatrek-ecuador.com\/blog\/wp-content\/uploads\/2018\/03\/volcan-cumbre-fernandina.jpg\" class=\"attachment-full size-full\" alt=\"\" aria-describedby=\"gallery-11-713\" srcset=\"https:\/\/www.incatrek-ecuador.com\/blog\/wp-content\/uploads\/2018\/03\/volcan-cumbre-fernandina.jpg 954w, https:\/\/www.incatrek-ecuador.com\/blog\/wp-content\/uploads\/2018\/03\/volcan-cumbre-fernandina-300x163.jpg 300w, https:\/\/www.incatrek-ecuador.com\/blog\/wp-content\/uploads\/2018\/03\/volcan-cumbre-fernandina-768x416.jpg 768w, https:\/\/www.incatrek-ecuador.com\/blog\/wp-content\/uploads\/2018\/03\/volcan-cumbre-fernandina-370x201.jpg 370w, https:\/\/www.incatrek-ecuador.com\/blog\/wp-content\/uploads\/2018\/03\/volcan-cumbre-fernandina-570x309.jpg 570w, https:\/\/www.incatrek-ecuador.com\/blog\/wp-content\/uploads\/2018\/03\/volcan-cumbre-fernandina-770x417.jpg 770w\" sizes=\"(max-width: 954px) 100vw, 954px\" \/><\/a>\n\t\t\t<\/div>\n\t\t\t\t<figcaption class='wp-caption-text gallery-caption' id='gallery-11-713'>\n\t\t\t\tVolcan La Cumbre &#8211; 1 476m\n\t\t\t\t<\/figcaption><\/figure>\n\t\t<\/div>\n\n<p><span style=\"text-decoration: underline;\">Type de volcan<\/span>:Volcan Bouclier (rejette de la lave liquide) (Ex: Piton de la Fournaise)<\/p>\n<p><span style=\"text-decoration: underline;\">Statut<\/span>:\u00a0Actif<\/p>\n<p><span style=\"text-decoration: underline;\">Premi\u00e8re \u00e9ruption connue<\/span>:\u00a0950<\/p>\n<p><span style=\"text-decoration: underline;\">Derni\u00e8re \u00e9ruption:<\/span>\u00a0Septembre 2017<\/p>\n<p>La colonne de cendres \u00e9tait visible lors de votre croisi\u00e8re aux Galapagos en fin d&#8217;ann\u00e9e 2017.<\/p>\n<p>&nbsp;<\/p>\n<h3>Cerro Azul &#8211; \u00eele Isabela (1 640 m)<\/h3>\n<p><span style=\"text-decoration: underline;\">Type de volcan<\/span>: Volcan Bouclier (rejette de la lave liquide) (Ex: Piton de la Fournaise)<\/p>\n<p><span style=\"text-decoration: underline;\">Statut<\/span>:\u00a0Actif<\/p>\n<p><span style=\"text-decoration: underline;\">Premi\u00e8re \u00e9ruption connue<\/span>:\u00a0+\/- 1000 av J.C<\/p>\n<p><span style=\"text-decoration: underline;\">Derni\u00e8re \u00e9ruption:<\/span>\u00a02008<\/p>\n<p>&nbsp;<\/p>\n<h3>Sierra Negra &#8211; \u00eele Isabela (1 124 m)<\/h3>\n<div id='gallery-12' class='gallery galleryid-697 gallery-columns-3 gallery-size-large'><figure class='gallery-item'>\n\t\t\t<div class='gallery-icon landscape'>\n\t\t\t\t<a href='https:\/\/www.incatrek-ecuador.com\/blog\/wp-content\/uploads\/2018\/03\/crate\u0300re-sierra-negra.jpg'><img loading=\"lazy\" decoding=\"async\" width=\"1024\" height=\"768\" src=\"https:\/\/www.incatrek-ecuador.com\/blog\/wp-content\/uploads\/2018\/03\/crate\u0300re-sierra-negra-1024x768.jpg\" class=\"attachment-large size-large\" alt=\"\" aria-describedby=\"gallery-12-711\" srcset=\"https:\/\/www.incatrek-ecuador.com\/blog\/wp-content\/uploads\/2018\/03\/crate\u0300re-sierra-negra-1024x768.jpg 1024w, https:\/\/www.incatrek-ecuador.com\/blog\/wp-content\/uploads\/2018\/03\/crate\u0300re-sierra-negra-300x225.jpg 300w, https:\/\/www.incatrek-ecuador.com\/blog\/wp-content\/uploads\/2018\/03\/crate\u0300re-sierra-negra-768x576.jpg 768w, https:\/\/www.incatrek-ecuador.com\/blog\/wp-content\/uploads\/2018\/03\/crate\u0300re-sierra-negra-370x278.jpg 370w, https:\/\/www.incatrek-ecuador.com\/blog\/wp-content\/uploads\/2018\/03\/crate\u0300re-sierra-negra-570x428.jpg 570w, https:\/\/www.incatrek-ecuador.com\/blog\/wp-content\/uploads\/2018\/03\/crate\u0300re-sierra-negra-770x578.jpg 770w, https:\/\/www.incatrek-ecuador.com\/blog\/wp-content\/uploads\/2018\/03\/crate\u0300re-sierra-negra-1170x878.jpg 1170w, https:\/\/www.incatrek-ecuador.com\/blog\/wp-content\/uploads\/2018\/03\/crate\u0300re-sierra-negra-773x580.jpg 773w, https:\/\/www.incatrek-ecuador.com\/blog\/wp-content\/uploads\/2018\/03\/crate\u0300re-sierra-negra.jpg 1600w\" sizes=\"(max-width: 1024px) 100vw, 1024px\" \/><\/a>\n\t\t\t<\/div>\n\t\t\t\t<figcaption class='wp-caption-text gallery-caption' id='gallery-12-711'>\n\t\t\t\tSierra Negra &#8211; 1 124m\n\t\t\t\t<\/figcaption><\/figure><figure class='gallery-item'>\n\t\t\t<div class='gallery-icon landscape'>\n\t\t\t\t<a href='https:\/\/www.incatrek-ecuador.com\/blog\/wp-content\/uploads\/2018\/03\/coule\u0301e-lave-isabela.jpg'><img loading=\"lazy\" decoding=\"async\" width=\"1024\" height=\"768\" src=\"https:\/\/www.incatrek-ecuador.com\/blog\/wp-content\/uploads\/2018\/03\/coule\u0301e-lave-isabela-1024x768.jpg\" class=\"attachment-large size-large\" alt=\"\" aria-describedby=\"gallery-12-710\" srcset=\"https:\/\/www.incatrek-ecuador.com\/blog\/wp-content\/uploads\/2018\/03\/coule\u0301e-lave-isabela-1024x768.jpg 1024w, https:\/\/www.incatrek-ecuador.com\/blog\/wp-content\/uploads\/2018\/03\/coule\u0301e-lave-isabela-300x225.jpg 300w, https:\/\/www.incatrek-ecuador.com\/blog\/wp-content\/uploads\/2018\/03\/coule\u0301e-lave-isabela-768x576.jpg 768w, https:\/\/www.incatrek-ecuador.com\/blog\/wp-content\/uploads\/2018\/03\/coule\u0301e-lave-isabela-370x278.jpg 370w, https:\/\/www.incatrek-ecuador.com\/blog\/wp-content\/uploads\/2018\/03\/coule\u0301e-lave-isabela-570x428.jpg 570w, https:\/\/www.incatrek-ecuador.com\/blog\/wp-content\/uploads\/2018\/03\/coule\u0301e-lave-isabela-770x578.jpg 770w, https:\/\/www.incatrek-ecuador.com\/blog\/wp-content\/uploads\/2018\/03\/coule\u0301e-lave-isabela-1170x878.jpg 1170w, https:\/\/www.incatrek-ecuador.com\/blog\/wp-content\/uploads\/2018\/03\/coule\u0301e-lave-isabela-773x580.jpg 773w, https:\/\/www.incatrek-ecuador.com\/blog\/wp-content\/uploads\/2018\/03\/coule\u0301e-lave-isabela.jpg 1600w\" sizes=\"(max-width: 1024px) 100vw, 1024px\" \/><\/a>\n\t\t\t<\/div>\n\t\t\t\t<figcaption class='wp-caption-text gallery-caption' id='gallery-12-710'>\n\t\t\t\tVolcan de l&#8217;\u00eele Isabela &#8211; Sierra Negra\n\t\t\t\t<\/figcaption><\/figure><figure class='gallery-item'>\n\t\t\t<div class='gallery-icon landscape'>\n\t\t\t\t<a href='https:\/\/www.incatrek-ecuador.com\/blog\/wp-content\/uploads\/2018\/03\/volcan-isabela.jpg'><img loading=\"lazy\" decoding=\"async\" width=\"1024\" height=\"768\" src=\"https:\/\/www.incatrek-ecuador.com\/blog\/wp-content\/uploads\/2018\/03\/volcan-isabela-1024x768.jpg\" class=\"attachment-large size-large\" alt=\"\" aria-describedby=\"gallery-12-712\" srcset=\"https:\/\/www.incatrek-ecuador.com\/blog\/wp-content\/uploads\/2018\/03\/volcan-isabela-1024x768.jpg 1024w, https:\/\/www.incatrek-ecuador.com\/blog\/wp-content\/uploads\/2018\/03\/volcan-isabela-300x225.jpg 300w, https:\/\/www.incatrek-ecuador.com\/blog\/wp-content\/uploads\/2018\/03\/volcan-isabela-768x576.jpg 768w, https:\/\/www.incatrek-ecuador.com\/blog\/wp-content\/uploads\/2018\/03\/volcan-isabela-370x278.jpg 370w, https:\/\/www.incatrek-ecuador.com\/blog\/wp-content\/uploads\/2018\/03\/volcan-isabela-570x428.jpg 570w, https:\/\/www.incatrek-ecuador.com\/blog\/wp-content\/uploads\/2018\/03\/volcan-isabela-770x578.jpg 770w, https:\/\/www.incatrek-ecuador.com\/blog\/wp-content\/uploads\/2018\/03\/volcan-isabela-1170x878.jpg 1170w, https:\/\/www.incatrek-ecuador.com\/blog\/wp-content\/uploads\/2018\/03\/volcan-isabela-773x580.jpg 773w, https:\/\/www.incatrek-ecuador.com\/blog\/wp-content\/uploads\/2018\/03\/volcan-isabela.jpg 1600w\" sizes=\"(max-width: 1024px) 100vw, 1024px\" \/><\/a>\n\t\t\t<\/div>\n\t\t\t\t<figcaption class='wp-caption-text gallery-caption' id='gallery-12-712'>\n\t\t\t\tVolcan Sierra Negra\n\t\t\t\t<\/figcaption><\/figure>\n\t\t<\/div>\n\n<p><span style=\"text-decoration: underline;\">Type de volcan<\/span>:\u00a0Bouclier<\/p>\n<p><span style=\"text-decoration: underline;\">Statut<\/span>:\u00a0Actif<\/p>\n<p><span style=\"text-decoration: underline;\">Premi\u00e8re \u00e9ruption connue<\/span>:\u00a0+\/-\u00a08000 av J.C<\/p>\n<p><span style=\"text-decoration: underline;\">Derni\u00e8re \u00e9ruption:<\/span>\u00a02005<\/p>\n<p>Le volcan Sierra Negra montre une activit\u00e9 volcanique grandissante depuis 2 mois.<\/p>\n<p>&nbsp;<\/p>\n<h3>Wolf &#8211; \u00eele Isabela (1 710 m)<\/h3>\n<p><span style=\"text-decoration: underline;\">Type de volcan<\/span>:\u00a0Bouclier<\/p>\n<p><span style=\"text-decoration: underline;\">Statut<\/span>:\u00a0Actif<\/p>\n<p><span style=\"text-decoration: underline;\">Premi\u00e8re \u00e9ruption connue<\/span>:\u00a0+\/-\u00a01000<\/p>\n<p><span style=\"text-decoration: underline;\">Derni\u00e8re \u00e9ruption:<\/span>\u00a02015<\/p>\n","protected":false},"excerpt":{"rendered":"<p>L&#8217;\u00c9quateur, terre de volcans L&#8217;\u00c9quateur est un pays tr\u00e8s volcanique puisqu&#8217;il est situ\u00e9 sur la fameuse ceinture de feu du [&hellip;]<\/p>\n","protected":false},"author":3,"featured_media":716,"comment_status":"closed","ping_status":"closed","sticky":false,"template":"","format":"standard","meta":{"_eb_attr":"","_exactmetrics_skip_tracking":false,"_exactmetrics_sitenote_active":false,"_exactmetrics_sitenote_note":"","_exactmetrics_sitenote_category":0,"_monsterinsights_skip_tracking":false,"_monsterinsights_sitenote_active":false,"_monsterinsights_sitenote_note":"","_monsterinsights_sitenote_category":0,"site-sidebar-layout":"default","site-content-layout":"","ast-site-content-layout":"","site-content-style":"default","site-sidebar-style":"default","ast-global-header-display":"","ast-banner-title-visibility":"","ast-main-header-display":"","ast-hfb-above-header-display":"","ast-hfb-below-header-display":"","ast-hfb-mobile-header-display":"","site-post-title":"","ast-breadcrumbs-content":"","ast-featured-img":"","footer-sml-layout":"","theme-transparent-header-meta":"","adv-header-id-meta":"","stick-header-meta":"","header-above-stick-meta":"","header-main-stick-meta":"","header-below-stick-meta":"","astra-migrate-meta-layouts":"default","ast-page-background-enabled":"default","ast-page-background-meta":{"desktop":{"background-color":"var(--ast-global-color-4)","background-image":"","background-repeat":"repeat","background-position":"center center","background-size":"auto","background-attachment":"scroll","background-type":"","background-media":"","overlay-type":"","overlay-color":"","overlay-opacity":"","overlay-gradient":""},"tablet":{"background-color":"","background-image":"","background-repeat":"repeat","background-position":"center center","background-size":"auto","background-attachment":"scroll","background-type":"","background-media":"","overlay-type":"","overlay-color":"","overlay-opacity":"","overlay-gradient":""},"mobile":{"background-color":"","background-image":"","background-repeat":"repeat","background-position":"center center","background-size":"auto","background-attachment":"scroll","background-type":"","background-media":"","overlay-type":"","overlay-color":"","overlay-opacity":"","overlay-gradient":""}},"ast-content-background-meta":{"desktop":{"background-color":"var(--ast-global-color-5)","background-image":"","background-repeat":"repeat","background-position":"center center","background-size":"auto","background-attachment":"scroll","background-type":"","background-media":"","overlay-type":"","overlay-color":"","overlay-opacity":"","overlay-gradient":""},"tablet":{"background-color":"var(--ast-global-color-5)","background-image":"","background-repeat":"repeat","background-position":"center center","background-size":"auto","background-attachment":"scroll","background-type":"","background-media":"","overlay-type":"","overlay-color":"","overlay-opacity":"","overlay-gradient":""},"mobile":{"background-color":"var(--ast-global-color-5)","background-image":"","background-repeat":"repeat","background-position":"center center","background-size":"auto","background-attachment":"scroll","background-type":"","background-media":"","overlay-type":"","overlay-color":"","overlay-opacity":"","overlay-gradient":""}},"_joinchat":[],"footnotes":""},"categories":[10,54,56,53,55],"tags":[],"class_list":["post-697","post","type-post","status-publish","format-standard","has-post-thumbnail","hentry","category-nos-randonnees-et-treks","category-amerique-du-sud","category-andes","category-destination","category-equateur"],"_links":{"self":[{"href":"https:\/\/www.incatrek-ecuador.com\/blog\/wp-json\/wp\/v2\/posts\/697","targetHints":{"allow":["GET"]}}],"collection":[{"href":"https:\/\/www.incatrek-ecuador.com\/blog\/wp-json\/wp\/v2\/posts"}],"about":[{"href":"https:\/\/www.incatrek-ecuador.com\/blog\/wp-json\/wp\/v2\/types\/post"}],"author":[{"embeddable":true,"href":"https:\/\/www.incatrek-ecuador.com\/blog\/wp-json\/wp\/v2\/users\/3"}],"replies":[{"embeddable":true,"href":"https:\/\/www.incatrek-ecuador.com\/blog\/wp-json\/wp\/v2\/comments?post=697"}],"version-history":[{"count":0,"href":"https:\/\/www.incatrek-ecuador.com\/blog\/wp-json\/wp\/v2\/posts\/697\/revisions"}],"wp:featuredmedia":[{"embeddable":true,"href":"https:\/\/www.incatrek-ecuador.com\/blog\/wp-json\/wp\/v2\/media\/716"}],"wp:attachment":[{"href":"https:\/\/www.incatrek-ecuador.com\/blog\/wp-json\/wp\/v2\/media?parent=697"}],"wp:term":[{"taxonomy":"category","embeddable":true,"href":"https:\/\/www.incatrek-ecuador.com\/blog\/wp-json\/wp\/v2\/categories?post=697"},{"taxonomy":"post_tag","embeddable":true,"href":"https:\/\/www.incatrek-ecuador.com\/blog\/wp-json\/wp\/v2\/tags?post=697"}],"curies":[{"name":"wp","href":"https:\/\/api.w.org\/{rel}","templated":true}]}}