{"id":773,"date":"2021-11-23T04:36:00","date_gmt":"2021-11-23T03:36:00","guid":{"rendered":"http:\/\/www.incatrek-ecuador.com\/blog\/?p=773"},"modified":"2024-04-01T21:07:41","modified_gmt":"2024-04-01T19:07:41","slug":"programme-fetes-quito-equateur-2021","status":"publish","type":"post","link":"https:\/\/www.incatrek-ecuador.com\/blog\/programme-fetes-quito-equateur-2021\/","title":{"rendered":"Le programme complet des f\u00eates de Quito 2021"},"content":{"rendered":"<p><span style=\"color: #000000;\"><em><strong>Note 2021 : Le programme des f\u00eates de Quito 2021 a \u00e9t\u00e9 annonc\u00e9 ce 19 novembre. Les festivit\u00e9s d\u00e9buteront d\u00e8s le weekend du 21 novembre, culminent le 6 d\u00e9cembre (fondation de Quito), et se finaliseront le 8 d\u00e9cembre. L&#8217;agence locale ITK Voyage\u00a0Equateur vous propose ci-dessous le programme des principales festivit\u00e9s (concerts, d\u00e9fil\u00e9s) de fin d&#8217;ann\u00e9e 2021 \u00e0 Quito:<\/strong><\/em><\/span><\/p>\n<div id='gallery-1' class='gallery galleryid-773 gallery-columns-3 gallery-size-large'><figure class='gallery-item'>\n\t\t\t<div class='gallery-icon landscape'>\n\t\t\t\t<a href='https:\/\/www.incatrek-ecuador.com\/blog\/wp-content\/uploads\/2021\/11\/fiestas_de_quito_1.jpeg'><img fetchpriority=\"high\" decoding=\"async\" width=\"1024\" height=\"1024\" src=\"https:\/\/www.incatrek-ecuador.com\/blog\/wp-content\/uploads\/2021\/11\/fiestas_de_quito_1-1024x1024.jpeg\" class=\"attachment-large size-large\" alt=\"Programme des f\u00eates de Quito 2021\" aria-describedby=\"gallery-1-1366\" srcset=\"https:\/\/www.incatrek-ecuador.com\/blog\/wp-content\/uploads\/2021\/11\/fiestas_de_quito_1-1024x1024.jpeg 1024w, https:\/\/www.incatrek-ecuador.com\/blog\/wp-content\/uploads\/2021\/11\/fiestas_de_quito_1-300x300.jpeg 300w, https:\/\/www.incatrek-ecuador.com\/blog\/wp-content\/uploads\/2021\/11\/fiestas_de_quito_1-150x150.jpeg 150w, https:\/\/www.incatrek-ecuador.com\/blog\/wp-content\/uploads\/2021\/11\/fiestas_de_quito_1-768x768.jpeg 768w, https:\/\/www.incatrek-ecuador.com\/blog\/wp-content\/uploads\/2021\/11\/fiestas_de_quito_1-370x370.jpeg 370w, https:\/\/www.incatrek-ecuador.com\/blog\/wp-content\/uploads\/2021\/11\/fiestas_de_quito_1-570x570.jpeg 570w, https:\/\/www.incatrek-ecuador.com\/blog\/wp-content\/uploads\/2021\/11\/fiestas_de_quito_1-770x770.jpeg 770w, https:\/\/www.incatrek-ecuador.com\/blog\/wp-content\/uploads\/2021\/11\/fiestas_de_quito_1-1170x1170.jpeg 1170w, https:\/\/www.incatrek-ecuador.com\/blog\/wp-content\/uploads\/2021\/11\/fiestas_de_quito_1-580x580.jpeg 580w, https:\/\/www.incatrek-ecuador.com\/blog\/wp-content\/uploads\/2021\/11\/fiestas_de_quito_1.jpeg 1280w\" sizes=\"(max-width: 1024px) 100vw, 1024px\" \/><\/a>\n\t\t\t<\/div>\n\t\t\t\t<figcaption class='wp-caption-text gallery-caption' id='gallery-1-1366'>\n\t\t\t\tProgramme des f\u00eates de Quito 2021\n\t\t\t\t<\/figcaption><\/figure><figure class='gallery-item'>\n\t\t\t<div class='gallery-icon landscape'>\n\t\t\t\t<a href='https:\/\/www.incatrek-ecuador.com\/blog\/wp-content\/uploads\/2021\/11\/fiestas_de_quito_4.jpeg'><img decoding=\"async\" width=\"1024\" height=\"1024\" src=\"https:\/\/www.incatrek-ecuador.com\/blog\/wp-content\/uploads\/2021\/11\/fiestas_de_quito_4-1024x1024.jpeg\" class=\"attachment-large size-large\" alt=\"Programme des f\u00eates de Quito 2021\" aria-describedby=\"gallery-1-1367\" srcset=\"https:\/\/www.incatrek-ecuador.com\/blog\/wp-content\/uploads\/2021\/11\/fiestas_de_quito_4-1024x1024.jpeg 1024w, https:\/\/www.incatrek-ecuador.com\/blog\/wp-content\/uploads\/2021\/11\/fiestas_de_quito_4-300x300.jpeg 300w, https:\/\/www.incatrek-ecuador.com\/blog\/wp-content\/uploads\/2021\/11\/fiestas_de_quito_4-150x150.jpeg 150w, https:\/\/www.incatrek-ecuador.com\/blog\/wp-content\/uploads\/2021\/11\/fiestas_de_quito_4-768x768.jpeg 768w, https:\/\/www.incatrek-ecuador.com\/blog\/wp-content\/uploads\/2021\/11\/fiestas_de_quito_4-370x370.jpeg 370w, https:\/\/www.incatrek-ecuador.com\/blog\/wp-content\/uploads\/2021\/11\/fiestas_de_quito_4-570x570.jpeg 570w, https:\/\/www.incatrek-ecuador.com\/blog\/wp-content\/uploads\/2021\/11\/fiestas_de_quito_4-770x770.jpeg 770w, https:\/\/www.incatrek-ecuador.com\/blog\/wp-content\/uploads\/2021\/11\/fiestas_de_quito_4-1170x1170.jpeg 1170w, https:\/\/www.incatrek-ecuador.com\/blog\/wp-content\/uploads\/2021\/11\/fiestas_de_quito_4-580x580.jpeg 580w, https:\/\/www.incatrek-ecuador.com\/blog\/wp-content\/uploads\/2021\/11\/fiestas_de_quito_4.jpeg 1280w\" sizes=\"(max-width: 1024px) 100vw, 1024px\" \/><\/a>\n\t\t\t<\/div>\n\t\t\t\t<figcaption class='wp-caption-text gallery-caption' id='gallery-1-1367'>\n\t\t\t\tProgramme des f\u00eates de Quito 2021\n\t\t\t\t<\/figcaption><\/figure><figure class='gallery-item'>\n\t\t\t<div class='gallery-icon landscape'>\n\t\t\t\t<a href='https:\/\/www.incatrek-ecuador.com\/blog\/wp-content\/uploads\/2021\/11\/fiestas_de_quito_3.jpeg'><img decoding=\"async\" width=\"1024\" height=\"1024\" src=\"https:\/\/www.incatrek-ecuador.com\/blog\/wp-content\/uploads\/2021\/11\/fiestas_de_quito_3-1024x1024.jpeg\" class=\"attachment-large size-large\" alt=\"Programme des f\u00eates de Quito 2021\" aria-describedby=\"gallery-1-1368\" srcset=\"https:\/\/www.incatrek-ecuador.com\/blog\/wp-content\/uploads\/2021\/11\/fiestas_de_quito_3-1024x1024.jpeg 1024w, https:\/\/www.incatrek-ecuador.com\/blog\/wp-content\/uploads\/2021\/11\/fiestas_de_quito_3-300x300.jpeg 300w, https:\/\/www.incatrek-ecuador.com\/blog\/wp-content\/uploads\/2021\/11\/fiestas_de_quito_3-150x150.jpeg 150w, https:\/\/www.incatrek-ecuador.com\/blog\/wp-content\/uploads\/2021\/11\/fiestas_de_quito_3-768x768.jpeg 768w, https:\/\/www.incatrek-ecuador.com\/blog\/wp-content\/uploads\/2021\/11\/fiestas_de_quito_3-370x370.jpeg 370w, https:\/\/www.incatrek-ecuador.com\/blog\/wp-content\/uploads\/2021\/11\/fiestas_de_quito_3-570x570.jpeg 570w, https:\/\/www.incatrek-ecuador.com\/blog\/wp-content\/uploads\/2021\/11\/fiestas_de_quito_3-770x770.jpeg 770w, https:\/\/www.incatrek-ecuador.com\/blog\/wp-content\/uploads\/2021\/11\/fiestas_de_quito_3-1170x1170.jpeg 1170w, https:\/\/www.incatrek-ecuador.com\/blog\/wp-content\/uploads\/2021\/11\/fiestas_de_quito_3-580x580.jpeg 580w, https:\/\/www.incatrek-ecuador.com\/blog\/wp-content\/uploads\/2021\/11\/fiestas_de_quito_3.jpeg 1280w\" sizes=\"(max-width: 1024px) 100vw, 1024px\" \/><\/a>\n\t\t\t<\/div>\n\t\t\t\t<figcaption class='wp-caption-text gallery-caption' id='gallery-1-1368'>\n\t\t\t\tProgramme des f\u00eates de Quito 2021\n\t\t\t\t<\/figcaption><\/figure><figure class='gallery-item'>\n\t\t\t<div class='gallery-icon landscape'>\n\t\t\t\t<a href='https:\/\/www.incatrek-ecuador.com\/blog\/wp-content\/uploads\/2021\/11\/fiestas_de_quito_2.jpeg'><img loading=\"lazy\" decoding=\"async\" width=\"1024\" height=\"1024\" src=\"https:\/\/www.incatrek-ecuador.com\/blog\/wp-content\/uploads\/2021\/11\/fiestas_de_quito_2-1024x1024.jpeg\" class=\"attachment-large size-large\" alt=\"Programme des f\u00eates de Quito 2021\" aria-describedby=\"gallery-1-1369\" srcset=\"https:\/\/www.incatrek-ecuador.com\/blog\/wp-content\/uploads\/2021\/11\/fiestas_de_quito_2-1024x1024.jpeg 1024w, https:\/\/www.incatrek-ecuador.com\/blog\/wp-content\/uploads\/2021\/11\/fiestas_de_quito_2-300x300.jpeg 300w, https:\/\/www.incatrek-ecuador.com\/blog\/wp-content\/uploads\/2021\/11\/fiestas_de_quito_2-150x150.jpeg 150w, https:\/\/www.incatrek-ecuador.com\/blog\/wp-content\/uploads\/2021\/11\/fiestas_de_quito_2-768x768.jpeg 768w, https:\/\/www.incatrek-ecuador.com\/blog\/wp-content\/uploads\/2021\/11\/fiestas_de_quito_2-370x370.jpeg 370w, https:\/\/www.incatrek-ecuador.com\/blog\/wp-content\/uploads\/2021\/11\/fiestas_de_quito_2-570x570.jpeg 570w, https:\/\/www.incatrek-ecuador.com\/blog\/wp-content\/uploads\/2021\/11\/fiestas_de_quito_2-770x770.jpeg 770w, https:\/\/www.incatrek-ecuador.com\/blog\/wp-content\/uploads\/2021\/11\/fiestas_de_quito_2-1170x1170.jpeg 1170w, https:\/\/www.incatrek-ecuador.com\/blog\/wp-content\/uploads\/2021\/11\/fiestas_de_quito_2-580x580.jpeg 580w, https:\/\/www.incatrek-ecuador.com\/blog\/wp-content\/uploads\/2021\/11\/fiestas_de_quito_2.jpeg 1280w\" sizes=\"(max-width: 1024px) 100vw, 1024px\" \/><\/a>\n\t\t\t<\/div>\n\t\t\t\t<figcaption class='wp-caption-text gallery-caption' id='gallery-1-1369'>\n\t\t\t\tProgramme des f\u00eates de Quito 2021\n\t\t\t\t<\/figcaption><\/figure>\n\t\t<\/div>\n\n<p><span style=\"color: #000000;\"><strong>Parmi les diff\u00e9rents \u00e9v\u00e8nements qui animeront la ville durant cette p\u00e9riode festive, nous vous recommandons l&#8217;\u00e9lection de Miss Quito (25 novembre),le preg\u00f3n &#8220;f\u00eate&#8221; du 26 novembre, le festival de danses typiques du 30 novembre, le festival des orchestres (3 d\u00e9cembre), la s\u00e9r\u00e9nade Quite\u00f1a (5 d\u00e9cembre), et la session solennelle de la f\u00eate de Quito (6 d\u00e9cembre).\u00a0\u00a0<\/strong><\/span><\/p>\n<p>Cette ann\u00e9e (2021), la magnifique capitale \u00e9quatorienne f\u00eate ses <strong>487 ans<\/strong>! Il s&#8217;agit donc d&#8217;une ann\u00e9e sp\u00e9ciale pour <strong>Quito<\/strong>, appel\u00e9e avec tendresse &#8220;<strong>la Carita de Dios<\/strong>&#8221; (le visage de Dieu) qui a rev\u00eatu depuis le mois de novembre sa plus belle parure, avec un programme riche en \u00e9v\u00e8nements et c\u00e9l\u00e9brations. Tous les quartiers s&#8217;activent et s&#8217;animent \u00e0 l&#8217;unisson pour faire profiter \u00e0 tous les \u00e9quatoriens et voyageurs d&#8217;une fin d&#8217;ann\u00e9e spectaculaire. Si vous \u00eates sur place ou nous rejoignez bient\u00f4t au mois de d\u00e9cembre, vous profiterez forc\u00e9ment d&#8217;un <strong>s\u00e9jour \u00e0 Quito riche en \u00e9motion<\/strong>!<\/p>\n<p>Le <strong>6 d\u00e9cembre<\/strong> est consid\u00e9r\u00e9 comme la date de <strong>fondation de la ville<\/strong>, et fait partie des jours f\u00e9ri\u00e9s nationaux. C&#8217;est en effet \u00e0 cette date, en <strong>1534<\/strong>, que les espagnols ont conquis la cit\u00e9 inca,\u00a0o\u00f9 les premiers habitants s&#8217;\u00e9taient regroup\u00e9s depuis<strong>\u00a0l&#8217;an 1030<\/strong> approximativement. Quito est d\u00e8s lors devenue la <strong>capitale administrative du pays<\/strong>, \u00e9tant notamment la deuxi\u00e8me ville \u00e9table en territoire \u00e9quatorien par les conquistadores.<\/p>\n<p>Si vous souhaitez en savoir plus sur l&#8217;histoire fascinante et mouvement\u00e9e de la capitale \u00e9quatorienne (qu&#8217;il sera encore plus passionnant de d\u00e9couvrir sur place, durant votre voyage en \u00c9quateur) nous vous invitons \u00e0 <a href=\"http:\/\/www.incatrek-ecuador.com\/blog\/quito-une-ville-qui-a-traverse-les-siecles-et-les-cultures\/\">lire notre article sur le sujet<\/a>.<\/p>\n<figure id=\"attachment_778\" aria-describedby=\"caption-attachment-778\" style=\"width: 390px\" class=\"wp-caption aligncenter\"><img loading=\"lazy\" decoding=\"async\" class=\"wp-image-778 size-full\" src=\"http:\/\/www.incatrek-ecuador.com\/blog\/wp-content\/uploads\/2019\/12\/Quito-capitale-equatorienne.jpg\" alt=\"La capitale \u00e9quatorienne rev\u00eat ses plus belles parures pour l'occasion\" width=\"390\" height=\"200\" srcset=\"https:\/\/www.incatrek-ecuador.com\/blog\/wp-content\/uploads\/2019\/12\/Quito-capitale-equatorienne.jpg 390w, https:\/\/www.incatrek-ecuador.com\/blog\/wp-content\/uploads\/2019\/12\/Quito-capitale-equatorienne-300x154.jpg 300w, https:\/\/www.incatrek-ecuador.com\/blog\/wp-content\/uploads\/2019\/12\/Quito-capitale-equatorienne-370x190.jpg 370w\" sizes=\"(max-width: 390px) 100vw, 390px\" \/><figcaption id=\"caption-attachment-778\" class=\"wp-caption-text\">La capitale \u00e9quatorienne rev\u00eat ses plus belles parures pour l&#8217;occasion<\/figcaption><\/figure>\n<h2>Pour m\u00e9moire, le programme de l&#8217;ann\u00e9e 2019 fut le suivant.<\/h2>\n<h2>Concerts \u00e0 Quito:<\/h2>\n<ul>\n<li><b>29\u00a0novembre 2019 \u2013 Lieu: <em>Comite\u0301 del Pueblo<\/em> <em>(18h00)<\/em> | Artistes pr\u00e9sents:\u00a0<\/b>No\u00e9 Morales, La Vagancia, Puro Sentimiento, Orquesta Azuquito, Banda de Pueblo.<\/li>\n<li><strong>3 diciembre- Lieu : <em>Estadio El Gir\u00f3n Chillogallo (18h00)<\/em><\/strong> |\u00a0<b>Artistes pr\u00e9sents:\u00a0<\/b>Luis Mateus,\u00a0Los 4 del Altiplano,\u00a0Manolo Criollo,\u00a0Sra. Cumbia,\u00a0Banda de Pueblo.<\/li>\n<li><strong>4 diciembre \u2013<b>Lieu:\u00a0<\/b><em>Tribuna de los Shyris (18h00)<\/em><\/strong> |\u00a0<b>Artistes pr\u00e9sents:<\/b> Tomback, Quito tierra de POP-Homenaje al POP Quite\u00f1o, Jerry Rivera.<\/li>\n<li><b>4 diciembre \u2013Lieu:\u00a0<em>Tribuna Sur (Pacha Fest) (19h00)<\/em> |\u00a0Artistes pr\u00e9sents:\u00a0<\/b>Chyno Miranda, Tierra Canela, Heredia, Banda de Pueblo, Oscar de Leo\u0301n.<\/li>\n<li><b>5 diciembre \u2013Lieu:\u00a0<em>La Floresta (18h00)<\/em> |\u00a0Artistes pr\u00e9sents:\u00a0<\/b>Monsieur Perin\u00e9, Guardarraya, La M\u00e1quina Camale\u00f3n, Dj Denise Saez, Kaya Roots.<\/li>\n<li><b>5 diciembre \u2013Lieu:\u00a0<em>Noche de Plazas \u2013 Plaza San Francisco (19h00)<\/em> |\u00a0Artistes pr\u00e9sents:\u00a0<\/b>Mocedades,\u00a0Gustavo Pacheco y el grupo Bodega,\u00a0Margarita Laso,\u00a0Azuquito.<\/li>\n<li><b>5 diciembre \u2013Lieu:\u00a0<em>Noche de Plazas \u2013 Plaza Santo Domingo (19h00)<\/em> |\u00a0Artistes pr\u00e9sents:\u00a0<\/b>Paulina Tamayo,\u00a0Hector Jaramillo,\u00a0Tr\u00edo Pambil,\u00a0Osquesta K-tleya,\u00a0\u00a0Juan Fernando Velasco.<\/li>\n<li><b>5 diciembre \u2013Lieu:\u00a0<em>Noche de Plazas \u2013 Plaza del Teatro (19h00)<\/em> |\u00a0Artistes pr\u00e9sents:\u00a0<\/b>El Oriente\u201d Alvaro Marqu\u00e9z y su Cantata \u201cHijos del Sol\u201d, \u00d1anda Ma\u00f1achi, Saruymanda, Sangre.<\/li>\n<li><b>6 diciembre\u00a0 \u2013Lieu:\u00a0<em>Concierto Parque Bicentenario (18 h00)<\/em> |\u00a0Artistes pr\u00e9sents:\u00a0<\/b>Magneto y Mercurio, Cristian Castro, AU-D, The Mash, Banda de Pueblo.<\/li>\n<li><b>07 diciembre \u2013Lieu:\u00a0<em>Festival Urbano Quitumbe (18h00)<\/em> |\u00a0Artistes pr\u00e9sents:\u00a0<\/b>Nicky Jam, Ar\u00e9valo, Marqu\u00e9s, Jos\u00e9 Pita, Alex Sensation.<\/li>\n<\/ul>\n<p>Vous l&#8217;aurez compris, la musique va envahir la ville presque tous les jours! En plus de ces concerts, une f\u00eate internationale, baptis\u00e9e &#8220;Viva Quito 2019&#8221;, aura lieu du 29 novembre au 5 d\u00e9cembre, tous les jours, au<strong> Parque Bicentenario<\/strong>, situ\u00e9 au Nord de la capitale. En plus des nombreux artistes convi\u00e9s chaque jour, des \u00e9v\u00e8nements auront lieu en lien avec l&#8217;entrepenariat, la gastronomie nationale, les jeux, voitures et la technologie, ainsi que la construction et la mode. Le prix de l&#8217;entr\u00e9e est fix\u00e9 \u00e0 <strong>3 dollars<\/strong>.<\/p>\n<h2>Programme de la f\u00e9ria &#8220;Viva Quito 2019&#8221; au Parc Bicentenario:<\/h2>\n<ul>\n<li><strong>29 de noviembre:<\/strong> Alberto Barros<\/li>\n<li><strong>30 de noviembre:<\/strong> Artista pendiente<\/li>\n<li><strong>01 de diciembre:<\/strong> Jorge Celed\u00f3n<\/li>\n<li><strong>02 de diciembre:<\/strong> Juan Magan<\/li>\n<li><strong>03 de diciembre:<\/strong> Am\u00e9rico<\/li>\n<li><strong>04 de diciembre:<\/strong> Greeicy y Mike Bah\u00eda y 4 AM<\/li>\n<li><strong>05 de diciembre:<\/strong> Maelo Ruiz<\/li>\n<\/ul>\n<h2>D\u00e9fil\u00e9s populaires:<\/h2>\n<ul>\n<li><strong>Desfile por la Vida (&#8220;d\u00e9fil\u00e9 pour la vie&#8221;)<\/strong>, au parc El Ejido (Arco Circasiana) situ\u00e9 pr\u00e8s du centre historique de la capitale, le 23 novembre 2019, \u00e0 12h00.<\/li>\n<li><strong>Desfile de los Mercados (&#8220;d\u00e9fil\u00e9 des march\u00e9s&#8221;)<\/strong>,\u00a0qui a lieu dans le centre historique de la ville, pr\u00e8s de la basilique, rue\u00a0Venezuela,\u00a0le 27 novembre, \u00e0 8h00.<\/li>\n<li><strong>Desfile de la Confraternidad (&#8220;d\u00e9fil\u00e9 de la fraternit\u00e9&#8221;)<\/strong>\u00a0\u00a0\u00e0 la Tribuna de los Shyris, au Parc la Carolina, le 30 novembre \u00e0\u00a09h00.<\/li>\n<li><strong>Desfile de la Confraternidad<\/strong> <strong>(&#8220;d\u00e9fil\u00e9 de la fraternit\u00e9&#8221;)\u00a0<\/strong>\u00e0 la Tribuna del Sur, le 1er d\u00e9cembre, \u00e0 09h00.<\/li>\n<li><strong>Mascarada Nocturna\u00a0(&#8220;soir\u00e9e masqu\u00e9e nocture&#8221;)<\/strong>, sur l&#8217;Avenue Amazonas, le 7 d\u00e9cembre, \u00e0 19h00.<\/li>\n<\/ul>\n<figure id=\"attachment_780\" aria-describedby=\"caption-attachment-780\" style=\"width: 300px\" class=\"wp-caption aligncenter\"><img loading=\"lazy\" decoding=\"async\" class=\"wp-image-780 size-medium\" src=\"http:\/\/www.incatrek-ecuador.com\/blog\/wp-content\/uploads\/2019\/12\/Virgen-Panecillo-Quito-voyage-ITK-300x200.jpg\" alt=\"La &quot;Virgen del Panecillo&quot;, symbole de la &quot;Carita de Dios&quot;\" width=\"300\" height=\"200\" srcset=\"https:\/\/www.incatrek-ecuador.com\/blog\/wp-content\/uploads\/2019\/12\/Virgen-Panecillo-Quito-voyage-ITK-300x200.jpg 300w, https:\/\/www.incatrek-ecuador.com\/blog\/wp-content\/uploads\/2019\/12\/Virgen-Panecillo-Quito-voyage-ITK-768x512.jpg 768w, https:\/\/www.incatrek-ecuador.com\/blog\/wp-content\/uploads\/2019\/12\/Virgen-Panecillo-Quito-voyage-ITK-1024x683.jpg 1024w, https:\/\/www.incatrek-ecuador.com\/blog\/wp-content\/uploads\/2019\/12\/Virgen-Panecillo-Quito-voyage-ITK-370x247.jpg 370w, https:\/\/www.incatrek-ecuador.com\/blog\/wp-content\/uploads\/2019\/12\/Virgen-Panecillo-Quito-voyage-ITK-270x180.jpg 270w, https:\/\/www.incatrek-ecuador.com\/blog\/wp-content\/uploads\/2019\/12\/Virgen-Panecillo-Quito-voyage-ITK-570x380.jpg 570w, https:\/\/www.incatrek-ecuador.com\/blog\/wp-content\/uploads\/2019\/12\/Virgen-Panecillo-Quito-voyage-ITK-770x513.jpg 770w, https:\/\/www.incatrek-ecuador.com\/blog\/wp-content\/uploads\/2019\/12\/Virgen-Panecillo-Quito-voyage-ITK-1170x780.jpg 1170w, https:\/\/www.incatrek-ecuador.com\/blog\/wp-content\/uploads\/2019\/12\/Virgen-Panecillo-Quito-voyage-ITK-870x580.jpg 870w, https:\/\/www.incatrek-ecuador.com\/blog\/wp-content\/uploads\/2019\/12\/Virgen-Panecillo-Quito-voyage-ITK.jpg 1500w\" sizes=\"(max-width: 300px) 100vw, 300px\" \/><figcaption id=\"caption-attachment-780\" class=\"wp-caption-text\">La &#8220;Virgen del Panecillo&#8221;, symbole de la &#8220;Carita de Dios&#8221;<\/figcaption><\/figure>\n<p><strong>Pour le programme complet des festivit\u00e9s (plus de 200 \u00e9v\u00e8nements pr\u00e9vus!), vous pouvez consulter <a href=\"https:\/\/www.metroecuador.com.ec\/ec\/noticias\/2019\/11\/13\/fiestas-quito-2019-eventos.html\" target=\"_blank\" rel=\"noopener\">ce lien<\/a><\/strong><\/p>\n","protected":false},"excerpt":{"rendered":"<p>Note 2021 : Le programme des f\u00eates de Quito 2021 a \u00e9t\u00e9 annonc\u00e9 ce 19 novembre. Les festivit\u00e9s d\u00e9buteront d\u00e8s [&hellip;]<\/p>\n","protected":false},"author":2,"featured_media":777,"comment_status":"closed","ping_status":"closed","sticky":false,"template":"","format":"standard","meta":{"_eb_attr":"","_exactmetrics_skip_tracking":false,"_exactmetrics_sitenote_active":false,"_exactmetrics_sitenote_note":"","_exactmetrics_sitenote_category":0,"_monsterinsights_skip_tracking":false,"_monsterinsights_sitenote_active":false,"_monsterinsights_sitenote_note":"","_monsterinsights_sitenote_category":0,"site-sidebar-layout":"default","site-content-layout":"","ast-site-content-layout":"","site-content-style":"default","site-sidebar-style":"default","ast-global-header-display":"","ast-banner-title-visibility":"","ast-main-header-display":"","ast-hfb-above-header-display":"","ast-hfb-below-header-display":"","ast-hfb-mobile-header-display":"","site-post-title":"","ast-breadcrumbs-content":"","ast-featured-img":"","footer-sml-layout":"","theme-transparent-header-meta":"","adv-header-id-meta":"","stick-header-meta":"","header-above-stick-meta":"","header-main-stick-meta":"","header-below-stick-meta":"","astra-migrate-meta-layouts":"default","ast-page-background-enabled":"default","ast-page-background-meta":{"desktop":{"background-color":"var(--ast-global-color-4)","background-image":"","background-repeat":"repeat","background-position":"center center","background-size":"auto","background-attachment":"scroll","background-type":"","background-media":"","overlay-type":"","overlay-color":"","overlay-opacity":"","overlay-gradient":""},"tablet":{"background-color":"","background-image":"","background-repeat":"repeat","background-position":"center center","background-size":"auto","background-attachment":"scroll","background-type":"","background-media":"","overlay-type":"","overlay-color":"","overlay-opacity":"","overlay-gradient":""},"mobile":{"background-color":"","background-image":"","background-repeat":"repeat","background-position":"center center","background-size":"auto","background-attachment":"scroll","background-type":"","background-media":"","overlay-type":"","overlay-color":"","overlay-opacity":"","overlay-gradient":""}},"ast-content-background-meta":{"desktop":{"background-color":"var(--ast-global-color-5)","background-image":"","background-repeat":"repeat","background-position":"center center","background-size":"auto","background-attachment":"scroll","background-type":"","background-media":"","overlay-type":"","overlay-color":"","overlay-opacity":"","overlay-gradient":""},"tablet":{"background-color":"var(--ast-global-color-5)","background-image":"","background-repeat":"repeat","background-position":"center center","background-size":"auto","background-attachment":"scroll","background-type":"","background-media":"","overlay-type":"","overlay-color":"","overlay-opacity":"","overlay-gradient":""},"mobile":{"background-color":"var(--ast-global-color-5)","background-image":"","background-repeat":"repeat","background-position":"center center","background-size":"auto","background-attachment":"scroll","background-type":"","background-media":"","overlay-type":"","overlay-color":"","overlay-opacity":"","overlay-gradient":""}},"_joinchat":[],"footnotes":""},"categories":[8,54,53,55],"tags":[],"class_list":["post-773","post","type-post","status-publish","format-standard","has-post-thumbnail","hentry","category-actualite-dequateur","category-amerique-du-sud","category-destination","category-equateur"],"_links":{"self":[{"href":"https:\/\/www.incatrek-ecuador.com\/blog\/wp-json\/wp\/v2\/posts\/773","targetHints":{"allow":["GET"]}}],"collection":[{"href":"https:\/\/www.incatrek-ecuador.com\/blog\/wp-json\/wp\/v2\/posts"}],"about":[{"href":"https:\/\/www.incatrek-ecuador.com\/blog\/wp-json\/wp\/v2\/types\/post"}],"author":[{"embeddable":true,"href":"https:\/\/www.incatrek-ecuador.com\/blog\/wp-json\/wp\/v2\/users\/2"}],"replies":[{"embeddable":true,"href":"https:\/\/www.incatrek-ecuador.com\/blog\/wp-json\/wp\/v2\/comments?post=773"}],"version-history":[{"count":0,"href":"https:\/\/www.incatrek-ecuador.com\/blog\/wp-json\/wp\/v2\/posts\/773\/revisions"}],"wp:featuredmedia":[{"embeddable":true,"href":"https:\/\/www.incatrek-ecuador.com\/blog\/wp-json\/wp\/v2\/media\/777"}],"wp:attachment":[{"href":"https:\/\/www.incatrek-ecuador.com\/blog\/wp-json\/wp\/v2\/media?parent=773"}],"wp:term":[{"taxonomy":"category","embeddable":true,"href":"https:\/\/www.incatrek-ecuador.com\/blog\/wp-json\/wp\/v2\/categories?post=773"},{"taxonomy":"post_tag","embeddable":true,"href":"https:\/\/www.incatrek-ecuador.com\/blog\/wp-json\/wp\/v2\/tags?post=773"}],"curies":[{"name":"wp","href":"https:\/\/api.w.org\/{rel}","templated":true}]}}