{"id":951,"date":"2020-11-18T20:01:48","date_gmt":"2020-11-18T19:01:48","guid":{"rendered":"https:\/\/www.incatrek-ecuador.com\/blog\/?p=951"},"modified":"2024-04-01T21:30:59","modified_gmt":"2024-04-01T19:30:59","slug":"legendes-dequateur-la-cueva-de-los-tayos","status":"publish","type":"post","link":"https:\/\/www.incatrek-ecuador.com\/blog\/legendes-dequateur-la-cueva-de-los-tayos\/","title":{"rendered":"L\u00e9gendes d&#8217;\u00c9quateur #1 &#8211; La myst\u00e9rieuse Cueva de los Tayos"},"content":{"rendered":"<h1>L&#8217;histoire de la Cueva de los Tayos<\/h1>\n<p>Si l&#8217;\u00c9quateur regorge de lieux myst\u00e9rieux et charg\u00e9s d&#8217;histoire, il est un endroit qui d\u00e9chaine particuli\u00e8rement les passions depuis le si\u00e8cle dernier, tant il est la source de nombreux r\u00e9cits et l\u00e9gendes, entretenues par plusieurs exp\u00e9ditions, documentaires et reportages.<\/p>\n<figure id=\"attachment_952\" aria-describedby=\"caption-attachment-952\" style=\"width: 300px\" class=\"wp-caption alignright\"><a href=\"https:\/\/www.incatrek-ecuador.com\/blog\/wp-content\/uploads\/2020\/11\/ubicacion_cueva_de_los_tayos.jpg\"><img fetchpriority=\"high\" decoding=\"async\" class=\"size-medium wp-image-952\" src=\"https:\/\/www.incatrek-ecuador.com\/blog\/wp-content\/uploads\/2020\/11\/ubicacion_cueva_de_los_tayos-300x300.jpg\" alt=\"Carte de la Cueva de los Tayos\" width=\"300\" height=\"300\" srcset=\"https:\/\/www.incatrek-ecuador.com\/blog\/wp-content\/uploads\/2020\/11\/ubicacion_cueva_de_los_tayos-300x300.jpg 300w, https:\/\/www.incatrek-ecuador.com\/blog\/wp-content\/uploads\/2020\/11\/ubicacion_cueva_de_los_tayos-150x150.jpg 150w, https:\/\/www.incatrek-ecuador.com\/blog\/wp-content\/uploads\/2020\/11\/ubicacion_cueva_de_los_tayos-370x369.jpg 370w, https:\/\/www.incatrek-ecuador.com\/blog\/wp-content\/uploads\/2020\/11\/ubicacion_cueva_de_los_tayos-570x568.jpg 570w, https:\/\/www.incatrek-ecuador.com\/blog\/wp-content\/uploads\/2020\/11\/ubicacion_cueva_de_los_tayos-582x580.jpg 582w, https:\/\/www.incatrek-ecuador.com\/blog\/wp-content\/uploads\/2020\/11\/ubicacion_cueva_de_los_tayos.jpg 747w\" sizes=\"(max-width: 300px) 100vw, 300px\" \/><\/a><figcaption id=\"caption-attachment-952\" class=\"wp-caption-text\">Carte de la Cueva de los Tayos<\/figcaption><\/figure>\n<p>La <strong>Cueva de los Tayos<\/strong><em> (&#8220;Cave des guacharos des cavernes en fran\u00e7ais&#8221;<strong>)<\/strong><\/em>, nomm\u00e9e ainsi de par les nombreux oiseaux nocturnes (Tayos \/ Oilbirds) qui y r\u00e9sident, est un immense r\u00e9seau de tunnels souterrains d&#8217;origine karstique seulement partiellement explor\u00e9 \u00e0 ce jour.\u00a0Les grands <strong>blocs de pierre m\u00e9galithiques, polis et taill\u00e9s avec une pr\u00e9cision\u00a0incroyabl<\/strong>e,\u00a0forment l&#8217;une des \u00e9nigmes qui entourent la Cueva.\u00a0Mais ce sont \u00e9galement, selon les premiers explorateurs, certaines des pi\u00e8ces de la grotte et les nombreuses <strong>plaques m\u00e9talliques myst\u00e9rieuses grav\u00e9es d&#8217;\u00e9criture id\u00e9ographique, <\/strong>\u00a0qui ont fait sa l\u00e9gende.<\/p>\n<p>La Cueva de los Tayos se situe au sud-est de l&#8217;\u00c9quateur, dans la province de<strong>\u00a0Morona Santiago<\/strong>, au coeur de la for\u00eat vierge d&#8217;Amazonie et du territoire ind\u00e9pendant appartenant\u00a0aux <strong>kuankus<\/strong>, membres de la communaut\u00e9 <strong>Shuar Arutam <\/strong>(coordonn\u00e9es GPS\u00a0<span class=\"geo-default\"><span class=\"geo-dms\" title=\"Mapas, fotos y otros datos de 3\u00b003\u203205\u2033S 78\u00b012\u203219\u2033O\"><a class=\"external text\" href=\"http:\/\/tools.wmflabs.org\/geohack\/geohack.php?language=es&amp;pagename=Cueva_de_los_Tayos&amp;params=-3.0514983333333_N_-78.205358055556_E_type:landmark\" target=\"_blank\" rel=\"noopener\"><span class=\"latitude\">3\u00b003\u203205\u2033S\u00a0<\/span><span class=\"longitude\">78\u00b012\u203219\u2033O<\/span><\/a>)<\/span><\/span>. Selon les donn\u00e9es les plus r\u00e9centes, elle est situ\u00e9e \u00e0 une altitude de 539 m\u00e8tres.<\/p>\n<p>Se rendre \u00e0 la grotte depuis Quito repr\u00e9sente un<strong> long voyage de 3 jours<\/strong>, mais qui reste la partie la plus facile de cette exp\u00e9dition. En effet, une fois sur place, une <strong>descente en rappel de 87 m\u00e8tres<\/strong> jusqu&#8217;au premier niveau, puis de 25 m\u00e8tres jusqu&#8217;\u00e0 l&#8217;entr\u00e9e des tunnels est n\u00e9cessaire, en sachant que l&#8217;exploration de la cave n&#8217;est possible que durant de <strong>bonnes conditions climatiques<\/strong>, et avec un <strong>guide local Shuar.<\/strong> Les pluies fortes et fr\u00e9quentes de l&#8217;Amazonie inondent en effet tr\u00e8s fr\u00e9quemment une partie des tunnels, rendant toute avanc\u00e9e dangereuse\/impossible.<\/p>\n<p>Aujourd&#8217;hui, seule <strong>l&#8217;agence locale Tayos Expeditions<\/strong> organise des visites touristiques encadr\u00e9es\u00a0 (en g\u00e9n\u00e9ral sur 3 jours avec nuit en campement \u00e0 l&#8217;int\u00e9rieur de la grotte) d&#8217;une partie du site. Il est possible de se rendre \u00e0 la\u00a0Cueva \u00e0 pied, en bateau, par une combinaison des deux, ou\u00a0en h\u00e9licopt\u00e8re -lorsque le climat le permet- depuis le <strong>village de Macas<\/strong> situ\u00e9 \u00e0 40km de l&#8217;entr\u00e9e de la grotte. La visite s&#8217;adresse \u00e0 des sp\u00e9l\u00e9ologues confirm\u00e9s.\u00a0Certains passages, bien que non obligatoires, sont r\u00e9put\u00e9s difficiles, comme le tunnel &#8220;<strong>Sumidero<\/strong>&#8220;, chemin qui m\u00e8ne \u00e0 une caverne inond\u00e9e, et qui implique une\u00a0<strong>plong\u00e9e \u00e0 5 m\u00e8tres de profondeur<\/strong> (par temps non pluvieux) pour le traverser. exigeant \u00e0 la fois courage et technique.<\/p>\n<div id='gallery-1' class='gallery galleryid-951 gallery-columns-3 gallery-size-medium'><figure class='gallery-item'>\n\t\t\t<div class='gallery-icon landscape'>\n\t\t\t\t<a href=\"https:\/\/www.incatrek-ecuador.com\/blog\/wp-content\/uploads\/2020\/11\/expedition_moderne_cueva_de_los_tayos_equateur.jpg\"><img decoding=\"async\" width=\"300\" height=\"200\" src=\"https:\/\/www.incatrek-ecuador.com\/blog\/wp-content\/uploads\/2020\/11\/expedition_moderne_cueva_de_los_tayos_equateur-300x200.jpg\" class=\"attachment-medium size-medium\" alt=\"Expedition moderne \u00e0 la Cueva de los Tayos\" aria-describedby=\"gallery-1-953\" srcset=\"https:\/\/www.incatrek-ecuador.com\/blog\/wp-content\/uploads\/2020\/11\/expedition_moderne_cueva_de_los_tayos_equateur-300x200.jpg 300w, https:\/\/www.incatrek-ecuador.com\/blog\/wp-content\/uploads\/2020\/11\/expedition_moderne_cueva_de_los_tayos_equateur-768x512.jpg 768w, https:\/\/www.incatrek-ecuador.com\/blog\/wp-content\/uploads\/2020\/11\/expedition_moderne_cueva_de_los_tayos_equateur.jpg 1024w, https:\/\/www.incatrek-ecuador.com\/blog\/wp-content\/uploads\/2020\/11\/expedition_moderne_cueva_de_los_tayos_equateur-370x247.jpg 370w, https:\/\/www.incatrek-ecuador.com\/blog\/wp-content\/uploads\/2020\/11\/expedition_moderne_cueva_de_los_tayos_equateur-270x180.jpg 270w, https:\/\/www.incatrek-ecuador.com\/blog\/wp-content\/uploads\/2020\/11\/expedition_moderne_cueva_de_los_tayos_equateur-570x380.jpg 570w, https:\/\/www.incatrek-ecuador.com\/blog\/wp-content\/uploads\/2020\/11\/expedition_moderne_cueva_de_los_tayos_equateur-770x514.jpg 770w, https:\/\/www.incatrek-ecuador.com\/blog\/wp-content\/uploads\/2020\/11\/expedition_moderne_cueva_de_los_tayos_equateur-870x580.jpg 870w\" sizes=\"(max-width: 300px) 100vw, 300px\" \/><\/a>\n\t\t\t<\/div>\n\t\t\t\t<figcaption class='wp-caption-text gallery-caption' id='gallery-1-953'>\n\t\t\t\tExpedition moderne \u00e0 la Cueva de los Tayos\n\t\t\t\t<\/figcaption><\/figure><figure class='gallery-item'>\n\t\t\t<div class='gallery-icon landscape'>\n\t\t\t\t<a href=\"https:\/\/www.incatrek-ecuador.com\/blog\/wp-content\/uploads\/2020\/11\/tayo_oilbird_equateur.jpg\"><img decoding=\"async\" width=\"300\" height=\"200\" src=\"https:\/\/www.incatrek-ecuador.com\/blog\/wp-content\/uploads\/2020\/11\/tayo_oilbird_equateur-300x200.jpg\" class=\"attachment-medium size-medium\" alt=\"\" aria-describedby=\"gallery-1-954\" srcset=\"https:\/\/www.incatrek-ecuador.com\/blog\/wp-content\/uploads\/2020\/11\/tayo_oilbird_equateur-300x200.jpg 300w, https:\/\/www.incatrek-ecuador.com\/blog\/wp-content\/uploads\/2020\/11\/tayo_oilbird_equateur-768x511.jpg 768w, https:\/\/www.incatrek-ecuador.com\/blog\/wp-content\/uploads\/2020\/11\/tayo_oilbird_equateur-1024x681.jpg 1024w, https:\/\/www.incatrek-ecuador.com\/blog\/wp-content\/uploads\/2020\/11\/tayo_oilbird_equateur-370x246.jpg 370w, https:\/\/www.incatrek-ecuador.com\/blog\/wp-content\/uploads\/2020\/11\/tayo_oilbird_equateur-270x180.jpg 270w, https:\/\/www.incatrek-ecuador.com\/blog\/wp-content\/uploads\/2020\/11\/tayo_oilbird_equateur-570x379.jpg 570w, https:\/\/www.incatrek-ecuador.com\/blog\/wp-content\/uploads\/2020\/11\/tayo_oilbird_equateur-770x512.jpg 770w, https:\/\/www.incatrek-ecuador.com\/blog\/wp-content\/uploads\/2020\/11\/tayo_oilbird_equateur-1170x778.jpg 1170w, https:\/\/www.incatrek-ecuador.com\/blog\/wp-content\/uploads\/2020\/11\/tayo_oilbird_equateur-872x580.jpg 872w, https:\/\/www.incatrek-ecuador.com\/blog\/wp-content\/uploads\/2020\/11\/tayo_oilbird_equateur.jpg 1200w\" sizes=\"(max-width: 300px) 100vw, 300px\" \/><\/a>\n\t\t\t<\/div>\n\t\t\t\t<figcaption class='wp-caption-text gallery-caption' id='gallery-1-954'>\n\t\t\t\tUn specimen d&#8217;oiseau Tayo (Oilbird), Cr\u00e9dit Photo Don Henise\n\t\t\t\t<\/figcaption><\/figure><figure class='gallery-item'>\n\t\t\t<div class='gallery-icon landscape'>\n\t\t\t\t<a href=\"https:\/\/www.incatrek-ecuador.com\/blog\/wp-content\/uploads\/2020\/11\/interieure_cueva_de_los_tayos.jpg\"><img loading=\"lazy\" decoding=\"async\" width=\"300\" height=\"201\" src=\"https:\/\/www.incatrek-ecuador.com\/blog\/wp-content\/uploads\/2020\/11\/interieure_cueva_de_los_tayos-300x201.jpg\" class=\"attachment-medium size-medium\" alt=\"Int\u00e9rieur de la Cueva de los Tayos (cr\u00e9dit photo: EL UNIVERSO)\" aria-describedby=\"gallery-1-970\" srcset=\"https:\/\/www.incatrek-ecuador.com\/blog\/wp-content\/uploads\/2020\/11\/interieure_cueva_de_los_tayos-300x201.jpg 300w, https:\/\/www.incatrek-ecuador.com\/blog\/wp-content\/uploads\/2020\/11\/interieure_cueva_de_los_tayos-370x247.jpg 370w, https:\/\/www.incatrek-ecuador.com\/blog\/wp-content\/uploads\/2020\/11\/interieure_cueva_de_los_tayos-270x180.jpg 270w, https:\/\/www.incatrek-ecuador.com\/blog\/wp-content\/uploads\/2020\/11\/interieure_cueva_de_los_tayos-570x381.jpg 570w, https:\/\/www.incatrek-ecuador.com\/blog\/wp-content\/uploads\/2020\/11\/interieure_cueva_de_los_tayos.jpg 610w\" sizes=\"(max-width: 300px) 100vw, 300px\" \/><\/a>\n\t\t\t<\/div>\n\t\t\t\t<figcaption class='wp-caption-text gallery-caption' id='gallery-1-970'>\n\t\t\t\tInt\u00e9rieur de la Cueva de los Tayos (cr\u00e9dit photo: EL UNIVERSO)\n\t\t\t\t<\/figcaption><\/figure><figure class='gallery-item'>\n\t\t\t<div class='gallery-icon landscape'>\n\t\t\t\t<a href=\"https:\/\/www.incatrek-ecuador.com\/blog\/wp-content\/uploads\/2020\/11\/interieur_Cueva_de_los_tayos3.jpg\"><img loading=\"lazy\" decoding=\"async\" width=\"300\" height=\"199\" src=\"https:\/\/www.incatrek-ecuador.com\/blog\/wp-content\/uploads\/2020\/11\/interieur_Cueva_de_los_tayos3-300x199.jpg\" class=\"attachment-medium size-medium\" alt=\"Int\u00e9rieur de la Cueva de los Tayos (cr\u00e9dit photo: vepaya)\" aria-describedby=\"gallery-1-982\" srcset=\"https:\/\/www.incatrek-ecuador.com\/blog\/wp-content\/uploads\/2020\/11\/interieur_Cueva_de_los_tayos3-300x199.jpg 300w, https:\/\/www.incatrek-ecuador.com\/blog\/wp-content\/uploads\/2020\/11\/interieur_Cueva_de_los_tayos3-768x510.jpg 768w, https:\/\/www.incatrek-ecuador.com\/blog\/wp-content\/uploads\/2020\/11\/interieur_Cueva_de_los_tayos3.jpg 1024w, https:\/\/www.incatrek-ecuador.com\/blog\/wp-content\/uploads\/2020\/11\/interieur_Cueva_de_los_tayos3-370x246.jpg 370w, https:\/\/www.incatrek-ecuador.com\/blog\/wp-content\/uploads\/2020\/11\/interieur_Cueva_de_los_tayos3-270x180.jpg 270w, https:\/\/www.incatrek-ecuador.com\/blog\/wp-content\/uploads\/2020\/11\/interieur_Cueva_de_los_tayos3-570x379.jpg 570w, https:\/\/www.incatrek-ecuador.com\/blog\/wp-content\/uploads\/2020\/11\/interieur_Cueva_de_los_tayos3-770x511.jpg 770w, https:\/\/www.incatrek-ecuador.com\/blog\/wp-content\/uploads\/2020\/11\/interieur_Cueva_de_los_tayos3-873x580.jpg 873w\" sizes=\"(max-width: 300px) 100vw, 300px\" \/><\/a>\n\t\t\t<\/div>\n\t\t\t\t<figcaption class='wp-caption-text gallery-caption' id='gallery-1-982'>\n\t\t\t\tInt\u00e9rieur de la Cueva de los Tayos (cr\u00e9dit photo: vepaya)\n\t\t\t\t<\/figcaption><\/figure><figure class='gallery-item'>\n\t\t\t<div class='gallery-icon landscape'>\n\t\t\t\t<a href=\"https:\/\/www.incatrek-ecuador.com\/blog\/wp-content\/uploads\/2020\/11\/interieur_Cueva_de_los_tayos2.jpg\"><img loading=\"lazy\" decoding=\"async\" width=\"300\" height=\"225\" src=\"https:\/\/www.incatrek-ecuador.com\/blog\/wp-content\/uploads\/2020\/11\/interieur_Cueva_de_los_tayos2-300x225.jpg\" class=\"attachment-medium size-medium\" alt=\"Int\u00e9rieur de la Cueva de los Tayos (cr\u00e9dit photo: vepaya)\" aria-describedby=\"gallery-1-983\" srcset=\"https:\/\/www.incatrek-ecuador.com\/blog\/wp-content\/uploads\/2020\/11\/interieur_Cueva_de_los_tayos2-300x225.jpg 300w, https:\/\/www.incatrek-ecuador.com\/blog\/wp-content\/uploads\/2020\/11\/interieur_Cueva_de_los_tayos2-370x277.jpg 370w, https:\/\/www.incatrek-ecuador.com\/blog\/wp-content\/uploads\/2020\/11\/interieur_Cueva_de_los_tayos2.jpg 467w\" sizes=\"(max-width: 300px) 100vw, 300px\" \/><\/a>\n\t\t\t<\/div>\n\t\t\t\t<figcaption class='wp-caption-text gallery-caption' id='gallery-1-983'>\n\t\t\t\tInt\u00e9rieur de la Cueva de los Tayos (cr\u00e9dit photo: vepaya)\n\t\t\t\t<\/figcaption><\/figure><figure class='gallery-item'>\n\t\t\t<div class='gallery-icon landscape'>\n\t\t\t\t<a href=\"https:\/\/www.incatrek-ecuador.com\/blog\/wp-content\/uploads\/2020\/11\/interieur_Cueva_de_los_tayos.jpg\"><img loading=\"lazy\" decoding=\"async\" width=\"300\" height=\"240\" src=\"https:\/\/www.incatrek-ecuador.com\/blog\/wp-content\/uploads\/2020\/11\/interieur_Cueva_de_los_tayos-300x240.jpg\" class=\"attachment-medium size-medium\" alt=\"Int\u00e9rieur de la Cueva de los Tayos (cr\u00e9dit photo: vepaya)\" aria-describedby=\"gallery-1-984\" srcset=\"https:\/\/www.incatrek-ecuador.com\/blog\/wp-content\/uploads\/2020\/11\/interieur_Cueva_de_los_tayos-300x240.jpg 300w, https:\/\/www.incatrek-ecuador.com\/blog\/wp-content\/uploads\/2020\/11\/interieur_Cueva_de_los_tayos-768x614.jpg 768w, https:\/\/www.incatrek-ecuador.com\/blog\/wp-content\/uploads\/2020\/11\/interieur_Cueva_de_los_tayos-370x296.jpg 370w, https:\/\/www.incatrek-ecuador.com\/blog\/wp-content\/uploads\/2020\/11\/interieur_Cueva_de_los_tayos-570x456.jpg 570w, https:\/\/www.incatrek-ecuador.com\/blog\/wp-content\/uploads\/2020\/11\/interieur_Cueva_de_los_tayos-770x616.jpg 770w, https:\/\/www.incatrek-ecuador.com\/blog\/wp-content\/uploads\/2020\/11\/interieur_Cueva_de_los_tayos-725x580.jpg 725w, https:\/\/www.incatrek-ecuador.com\/blog\/wp-content\/uploads\/2020\/11\/interieur_Cueva_de_los_tayos.jpg 889w\" sizes=\"(max-width: 300px) 100vw, 300px\" \/><\/a>\n\t\t\t<\/div>\n\t\t\t\t<figcaption class='wp-caption-text gallery-caption' id='gallery-1-984'>\n\t\t\t\tInt\u00e9rieur de la Cueva de los Tayos (cr\u00e9dit photo: vepaya)\n\t\t\t\t<\/figcaption><\/figure>\n\t\t<\/div>\n\n<p>Les\u00a0indiens de la <strong>communaut\u00e9 Shuar\u00a0<\/strong>traitent cette grotte avec un immense respect, consid\u00e9rant que leurs anc\u00eatres en sont originaires. Ils continuaient, jusqu&#8217;au d\u00e9but du si\u00e8cle dernier,\u00a0\u00e0 chasser les fameux oiseaux nocturnes \u00e0 l&#8217;int\u00e9rieur de la grotte. Bien qu&#8217;aucune \u00e9tude d\u00e9finitive n&#8217;ait pu dater l&#8217;occupation la plus lointaine de la cave par l&#8217;Homme,\u00a0les r\u00e9cits des locaux et \u00e9tudes de pi\u00e8ces pr\u00e9lev\u00e9es par les exp\u00e9ditions sur le site estiment qu&#8217;elle fut bien habit\u00e9e par des civilisations pr\u00e9-shuar.<\/p>\n<p>Du mysticisme et des l\u00e9gendes d&#8217;<strong>anciennes civilisations intra-terrestres<\/strong> datant de l&#8217;\u00e9poque o\u00f9 les continents \u00e9taient encore rattach\u00e9s, jusqu&#8217;aux <strong>th\u00e9ories\u00a0surnaturelles les plus folles<\/strong>, la Cueva de los Tayos d\u00e9chaine les passions. Nous vous proposons d&#8217;explorer ce site g\u00e9ologique exceptionnel et son Histoire, en lien avec toutes les rumeurs qui l&#8217;ont rendu si c\u00e9l\u00e8bre.<\/p>\n<h2>L&#8217;origine de l&#8217;engouement autour de la Cueva de los Tayos<\/h2>\n<p>L&#8217;histoire moderne de la Cueva de los Tayos d\u00e9bute avec le <strong>p\u00e8re sal\u00e9sien italien Carlos Crespi<\/strong>, dans les <strong>ann\u00e9es 1940<\/strong>. Ce dernier, r\u00e9sidant \u00e0 Cuenca, s&#8217;aventura durant cette p\u00e9riode au coeur de la communaut\u00e9 Shuar, rendant de nombreux services \u00e0 la communaut\u00e9 locale. En remerciement, il re\u00e7ut de ses derniers de nombreux artefacts, dont certaines pi\u00e8ces en c\u00e9ramiques, qu&#8217;ils lui indiqu\u00e8rent avoir retir\u00e9 de la grotte. Ce dernier d\u00e9cida d&#8217;exposer lesdites pi\u00e8ces dans son mus\u00e9e priv\u00e9, le <strong>mus\u00e9e\u00a0 Carlos Crespi Croci<\/strong> \u00e0 Cuenca (Equateur). Malheureusement, ces pi\u00e8ces, dont plusieurs morceaux de c\u00e9ramique intrigants,\u00a0furent vendues, vol\u00e9es ou perdues apr\u00e8s un fort incendie qui ravagea le mus\u00e9e en 1962. Apr\u00e8s cet incendie,\u00a0m\u00eame les morceaux de c\u00e9ramiques ancestraux disparurent, bien qu&#8217;ils auraient normalement d\u00fb y resister. De ces vestiges ne restent aujourd&#8217;hui que des vid\u00e9os et photos qu&#8217;il est difficile d&#8217;authentifier, mais qui contribuent grandement \u00e0 la l\u00e9gende de la Cueva de los Tayos.<\/p>\n<p>Des r\u00e9cits d&#8217;explorations post\u00e9rieures font \u00e9tat de vestiges mill\u00e9naires\u00a0dont une <strong>biblioth\u00e8que aux \u00e9tag\u00e8res m\u00e9talliques<\/strong> au sein de la grotte, et de myst\u00e9rieuses<strong> tablette grav\u00e9es d&#8217;\u00e9critures anciennes<\/strong> (certaines rumeurs assez folles pointent vers la langue sum\u00e9rienne). Aujourd&#8217;hui, ces photos restent les seules &#8220;preuves&#8221; permettant de confirmer ces t\u00e9moignages. D\u00e9c\u00e9d\u00e9 en 1982, le p\u00e8re Crespi n&#8217;a malheureusement laiss\u00e9 aucun autre t\u00e9moignage sur ses d\u00e9couvertes! Le mus\u00e9e reste malgr\u00e9 tout toujours visitable \u00e0 Cuenca, il s&#8217;agit du remarquable mus\u00e9e de Pumapungo!<\/p>\n<p>Selon l&#8217;investigateur guayaquile\u00f1o Manuel Palacios, la relation des pi\u00e8ces expos\u00e9es par le p\u00e8re Crespi avec la Cueva de los Tayos se base sur des faits mal relat\u00e9s dans le livre \u00e0 succ\u00e8s &#8220;<strong>El oro de los Dioses&#8221; de l&#8217;\u00e9crivain suisse Erich von D\u00e4niken.\u00a0<\/strong>\u00a0Palacios indique dans son ouvrage<strong> &#8220;Am\u00e9rika prohibida: la colecci\u00f3n Crespi&#8221;<\/strong>, qu&#8217;il n&#8217;existe aucune preuve formelle de l&#8217;origine des pi\u00e8ces les plus int\u00e9ressantes de la fameuse collection, et inclut d&#8217;ailleurs un inventaire photographique partiel de cette derni\u00e8re. Cela n&#8217;enl\u00e8ve cependant rien \u00e0 l&#8217;int\u00e9r\u00eat de ces pi\u00e8ces.<\/p>\n<div id='gallery-2' class='gallery galleryid-951 gallery-columns-4 gallery-size-medium'><figure class='gallery-item'>\n\t\t\t<div class='gallery-icon landscape'>\n\t\t\t\t<a href=\"https:\/\/www.incatrek-ecuador.com\/blog\/wp-content\/uploads\/2020\/11\/pere_crespi_vestiges_cueva_de_los_tayos.jpg\"><img loading=\"lazy\" decoding=\"async\" width=\"300\" height=\"225\" src=\"https:\/\/www.incatrek-ecuador.com\/blog\/wp-content\/uploads\/2020\/11\/pere_crespi_vestiges_cueva_de_los_tayos-300x225.jpg\" class=\"attachment-medium size-medium\" alt=\"Anciennes photos des vestiges mill\u00e9naires de la Cueva de los Tayos\" aria-describedby=\"gallery-2-959\" srcset=\"https:\/\/www.incatrek-ecuador.com\/blog\/wp-content\/uploads\/2020\/11\/pere_crespi_vestiges_cueva_de_los_tayos-300x225.jpg 300w, https:\/\/www.incatrek-ecuador.com\/blog\/wp-content\/uploads\/2020\/11\/pere_crespi_vestiges_cueva_de_los_tayos-370x278.jpg 370w, https:\/\/www.incatrek-ecuador.com\/blog\/wp-content\/uploads\/2020\/11\/pere_crespi_vestiges_cueva_de_los_tayos.jpg 500w\" sizes=\"(max-width: 300px) 100vw, 300px\" \/><\/a>\n\t\t\t<\/div>\n\t\t\t\t<figcaption class='wp-caption-text gallery-caption' id='gallery-2-959'>\n\t\t\t\tAnciennes photos des vestiges mill\u00e9naires de la Cueva de los Tayos\n\t\t\t\t<\/figcaption><\/figure><figure class='gallery-item'>\n\t\t\t<div class='gallery-icon landscape'>\n\t\t\t\t<a href=\"https:\/\/www.incatrek-ecuador.com\/blog\/wp-content\/uploads\/2020\/11\/pere_crespi_vestiges_cueva_de_los_tayos2.jpg\"><img loading=\"lazy\" decoding=\"async\" width=\"300\" height=\"225\" src=\"https:\/\/www.incatrek-ecuador.com\/blog\/wp-content\/uploads\/2020\/11\/pere_crespi_vestiges_cueva_de_los_tayos2-300x225.jpg\" class=\"attachment-medium size-medium\" alt=\"Anciennes photos des vestiges mill\u00e9naires de la Cueva de los Tayos\" aria-describedby=\"gallery-2-958\" srcset=\"https:\/\/www.incatrek-ecuador.com\/blog\/wp-content\/uploads\/2020\/11\/pere_crespi_vestiges_cueva_de_los_tayos2-300x225.jpg 300w, https:\/\/www.incatrek-ecuador.com\/blog\/wp-content\/uploads\/2020\/11\/pere_crespi_vestiges_cueva_de_los_tayos2-370x278.jpg 370w, https:\/\/www.incatrek-ecuador.com\/blog\/wp-content\/uploads\/2020\/11\/pere_crespi_vestiges_cueva_de_los_tayos2.jpg 500w\" sizes=\"(max-width: 300px) 100vw, 300px\" \/><\/a>\n\t\t\t<\/div>\n\t\t\t\t<figcaption class='wp-caption-text gallery-caption' id='gallery-2-958'>\n\t\t\t\tAnciennes photos des vestiges mill\u00e9naires de la Cueva de los Tayos\n\t\t\t\t<\/figcaption><\/figure><figure class='gallery-item'>\n\t\t\t<div class='gallery-icon landscape'>\n\t\t\t\t<a href=\"https:\/\/www.incatrek-ecuador.com\/blog\/wp-content\/uploads\/2020\/11\/pere_crespi_vestiges_cueva_de_los_tayos3.jpg\"><img loading=\"lazy\" decoding=\"async\" width=\"300\" height=\"225\" src=\"https:\/\/www.incatrek-ecuador.com\/blog\/wp-content\/uploads\/2020\/11\/pere_crespi_vestiges_cueva_de_los_tayos3-300x225.jpg\" class=\"attachment-medium size-medium\" alt=\"Anciennes photos des vestiges mill\u00e9naires de la Cueva de los Tayos\" aria-describedby=\"gallery-2-960\" srcset=\"https:\/\/www.incatrek-ecuador.com\/blog\/wp-content\/uploads\/2020\/11\/pere_crespi_vestiges_cueva_de_los_tayos3-300x225.jpg 300w, https:\/\/www.incatrek-ecuador.com\/blog\/wp-content\/uploads\/2020\/11\/pere_crespi_vestiges_cueva_de_los_tayos3-370x278.jpg 370w, https:\/\/www.incatrek-ecuador.com\/blog\/wp-content\/uploads\/2020\/11\/pere_crespi_vestiges_cueva_de_los_tayos3.jpg 500w\" sizes=\"(max-width: 300px) 100vw, 300px\" \/><\/a>\n\t\t\t<\/div>\n\t\t\t\t<figcaption class='wp-caption-text gallery-caption' id='gallery-2-960'>\n\t\t\t\tAnciennes photos des vestiges mill\u00e9naires de la Cueva de los Tayos\n\t\t\t\t<\/figcaption><\/figure><figure class='gallery-item'>\n\t\t\t<div class='gallery-icon landscape'>\n\t\t\t\t<a href=\"https:\/\/www.incatrek-ecuador.com\/blog\/wp-content\/uploads\/2020\/11\/pere_crespi_vestiges_cueva_de_los_tayos4.jpg\"><img loading=\"lazy\" decoding=\"async\" width=\"300\" height=\"225\" src=\"https:\/\/www.incatrek-ecuador.com\/blog\/wp-content\/uploads\/2020\/11\/pere_crespi_vestiges_cueva_de_los_tayos4-300x225.jpg\" class=\"attachment-medium size-medium\" alt=\"\" aria-describedby=\"gallery-2-969\" srcset=\"https:\/\/www.incatrek-ecuador.com\/blog\/wp-content\/uploads\/2020\/11\/pere_crespi_vestiges_cueva_de_los_tayos4-300x225.jpg 300w, https:\/\/www.incatrek-ecuador.com\/blog\/wp-content\/uploads\/2020\/11\/pere_crespi_vestiges_cueva_de_los_tayos4-370x278.jpg 370w, https:\/\/www.incatrek-ecuador.com\/blog\/wp-content\/uploads\/2020\/11\/pere_crespi_vestiges_cueva_de_los_tayos4.jpg 500w\" sizes=\"(max-width: 300px) 100vw, 300px\" \/><\/a>\n\t\t\t<\/div>\n\t\t\t\t<figcaption class='wp-caption-text gallery-caption' id='gallery-2-969'>\n\t\t\t\tAnciennes photos des vestiges mill\u00e9naires de la Cueva de los Tayos\n\t\t\t\t<\/figcaption><\/figure>\n\t\t<\/div>\n\n<h2>Les exp\u00e9ditions Moricz de 1969 et la d\u00e9couverte de la Cueva de los Tayos<\/h2>\n<p>La grotte restait encore inconnue\u00a0du grand public et des \u00e9quatoriens il y&#8217;a 50 ans, bien qu&#8217;une lettre dat\u00e9e de 1976, \u00e9mise par le Minist\u00e8re de la D\u00e9fense \u00e9quatorien, indiquait que ses &#8220;particularit\u00e9s visibles \u00e9taient\u00a0 connues&#8221; depuis au moins 1915.<\/p>\n<p>Ce sont justement ces particularit\u00e9s intrigantes qui attir\u00e8rent l&#8217;attention de <strong>Juan Moricz,<\/strong> un<strong> passionn\u00e9 d&#8217;anthropologie et de langues anciennes,<\/strong> originaire d&#8217;Hongrie et r\u00e9sidant en Argentine apr\u00e8s avoir \u00e9t\u00e9 accept\u00e9 et naturalis\u00e9 comme r\u00e9fugi\u00e9 politique durant la seconde guerre mondiale (il fut fait prisonnier par les communistes\u00a0dans son pays natal). Engag\u00e9 dans le domaine des concessions mini\u00e8res, il <strong>arriva en \u00c9quateur en 1964<\/strong> et eut l&#8217;opportunit\u00e9 d&#8217;explorer amplement la r\u00e9gion d&#8217;Amazonie.\u00a0 C&#8217;est dans cette partie de l&#8217;\u00c9quateur qu&#8217;il entra en relation avec la tribu des <strong>Jibaros<\/strong> (appel\u00e9s actuellement <strong>Shuars<\/strong>), dont il acquit la confiance et put ainsi entrer dans la partie vierge de leur territoire. Sans que l&#8217;on ait jamais su \u00e0 quelle date, il fut autoris\u00e9 par la population native \u00e0 p\u00e9n\u00e9trer dans la grotte. C&#8217;est durant cette premi\u00e8re exp\u00e9dition que Moricz indiqua avoir d\u00e9couvert une mill\u00e9naire <strong>biblioth\u00e8que faite d&#8217;\u00e9tag\u00e8res m\u00e9talliques<\/strong>, ainsi que de nombreux objets de grande valeur, dont certains en or.<\/p>\n<p>Fort de cette premi\u00e8re excursion \u00e0 l&#8217;int\u00e9rieur du syst\u00e8me souterrain, Moricz se rendit \u00e0 <strong>Guayaquil<\/strong> pour rendre compte et <strong>officialiser sa d\u00e9couverte de la Cueva de los Tayos<\/strong>, aupr\u00e8s du Pr\u00e9sident Jos\u00e9 Maria Velasco Ibarra, le 24 juin 1969 (officialis\u00e9e devant notaire \u00e0 Guayaquil le 21 juillet). Il d\u00e9clara alors &#8220;avoir r\u00e9alis\u00e9 cette d\u00e9couverte par hasard&#8221;, et bien que les shuars aient explor\u00e9 auparavant la grotte, il\u00a0s&#8217;attribua\u00a0la primeur de cette\u00a0celle-ci.<\/p>\n<p><strong>Le 26 juillet 1969<\/strong>, Moricz partit pour une<strong> seconde exp\u00e9dition<\/strong>, appuy\u00e9e par le Gouvernement au travers de sa structure Ceturis (Corporation \u00e9quatorienne de Tourisme), avec cette fois un groupe d&#8217;explorateurs guayaquile\u00f1os, dont le g\u00e9rant de Ceturis, un journaliste, un photographe, deux aides, une coordinatrice et plusieurs policiers. Cette exp\u00e9dition avait deux objectifs:<\/p>\n<ol>\n<li>R\u00e9aliser une reconnaissance de la grotte<\/li>\n<li>Se rendre dans la pi\u00e8ce o\u00f9 Moricz avait indiqu\u00e9 avoir d\u00e9couvert la myst\u00e9rieuse biblioth\u00e8que m\u00e9talliques<\/li>\n<\/ol>\n<p>Malheureusement, seul le premier objectif fut atteint, mais les d\u00e9couvertes r\u00e9alis\u00e9es furent suffisantes pour attirer l&#8217;attention de la communaut\u00e9 internationale. Ses immenses tunnels et <strong>spacieuses galeries de roche comme taill\u00e9es au laser<\/strong>\u00a0et couronn\u00e9es par ce qui semblait \u00eatre des linteaux parfaitement rectilignes (que Moricz pensait d\u00fbs \u00e0 une intervention humaine) et\u00a0ses endroits remplis de vie, o\u00f9 l&#8217;on trouve une faune compos\u00e9e de nombreux<strong> insectes, araign\u00e9es, tarentules, serpents et tayos,\u00a0<\/strong>ont imm\u00e9diatement suscit\u00e9 l&#8217;int\u00e9r\u00eat de nouveaux explorateurs.<\/p>\n<p>C&#8217;est apr\u00e8s cette seconde exp\u00e9dition que Moricz rencontra alors l&#8217;<strong>\u00e9crivain suisse Erich von D\u00e4niken<\/strong>, \u00e0 Guayaquil, et que ce dernier put se procurer des copies des photos de la grotte ainsi que des documents notariaux qui lui servirent de base pour \u00e9crire son <strong>livre \u00e0 succ\u00e8s &#8220;El oro de los dioses&#8221;<\/strong>, qui d\u00e9clencha une grande ferveur en Europe.\u00a0 Moricz emmena notamment l&#8217;\u00e9crivain jusqu&#8217;\u00e0 une entr\u00e9e lat\u00e9rale secr\u00e8te par laquelle il \u00e9tait selon lui possible de rejoindre une imposante salle de la labyrinthique caverne. Selon ses dires, <strong>von D\u00e4niken<\/strong>\u00a0ne put observer que le syst\u00e8me de tunnels, mais pas la biblioth\u00e8que \u00e0 laquelle Moricz faisait r\u00e9f\u00e9rence.<\/p>\n<h2>L&#8217;exp\u00e9dition scientifique britannique de 1976, accompagn\u00e9e par Neil Arsmstrong<\/h2>\n<p>Quelques ann\u00e9es apr\u00e8s les deux premi\u00e8res exp\u00e9ditions et la publication du livre de\u00a0von D\u00e4nike<strong>n<\/strong> , le gouvernement britannique annon\u00e7a la cr\u00e9ation d&#8217;une exp\u00e9dition scientifique d&#8217;envergure, dont l&#8217;objectif fut, selon le major \u00e9cossais\u00a0Christopher Brownie &#8220;prouver ou d\u00e9mentir les diff\u00e9rentes versions \u00e9mises par la presse internationale sur ce qui se trouve \u00e0 l&#8217;int\u00e9rieur des cavernes souterraines&#8221;.<\/p>\n<p>Si l&#8217;exp\u00e9dition men\u00e9e par Moricz \u00e9tait cons\u00e9quente (16 personnes au total), l&#8217;envergue de cette aventure britannique \u00e9tait toute autre. Gr\u00e2ce \u00e0 un budget d&#8217;un million de livres sterling furent en effet regroup\u00e9es <strong>102 personnes, 62 britanniques et 40 \u00e9quatoriens,\u00a0dont 5 scientifiques britanniques et une \u00e9quatorienn<\/strong>e, la biologiste Laura Arcos. L&#8217;arm\u00e9e \u00e9quatorienne offrit quant \u00e0 elle sa totale coop\u00e9ration, et permit de pr\u00e9parer une zone d&#8217;atterrissage situ\u00e9e proche du site, en g\u00e9rant \u00e9galement le transport et la logistique de plus de <strong>45 tonnes d&#8217;\u00e9quipement<\/strong>, provisions et personnel au travers de la jungle vierge d&#8217;Amazonie.<\/p>\n<p><strong>43 voyages au total, mobilisant 4 avions et deux h\u00e9licopt\u00e8res<\/strong> furent n\u00e9cessaires pour cette op\u00e9ration, \u00e0 comparer avec les 43 mules qu&#8217;utilisa Moricz \u00e0 l&#8217;\u00e9poque.<\/p>\n<div id='gallery-3' class='gallery galleryid-951 gallery-columns-4 gallery-size-medium'><figure class='gallery-item'>\n\t\t\t<div class='gallery-icon landscape'>\n\t\t\t\t<a href=\"https:\/\/www.incatrek-ecuador.com\/blog\/wp-content\/uploads\/2020\/11\/expedition_neil_armstrong_1976_cueva_de_los_tayos3.jpg\"><img loading=\"lazy\" decoding=\"async\" width=\"300\" height=\"259\" src=\"https:\/\/www.incatrek-ecuador.com\/blog\/wp-content\/uploads\/2020\/11\/expedition_neil_armstrong_1976_cueva_de_los_tayos3-300x259.jpg\" class=\"attachment-medium size-medium\" alt=\"L&#039;expedition britannique \u00e0 la Cueva de los Tayos, accompagn\u00e9e par Neil Armstrong, en 1976 (cr\u00e9dit photo: EL UNIVERSO)\" aria-describedby=\"gallery-3-961\" srcset=\"https:\/\/www.incatrek-ecuador.com\/blog\/wp-content\/uploads\/2020\/11\/expedition_neil_armstrong_1976_cueva_de_los_tayos3-300x259.jpg 300w, https:\/\/www.incatrek-ecuador.com\/blog\/wp-content\/uploads\/2020\/11\/expedition_neil_armstrong_1976_cueva_de_los_tayos3-370x319.jpg 370w, https:\/\/www.incatrek-ecuador.com\/blog\/wp-content\/uploads\/2020\/11\/expedition_neil_armstrong_1976_cueva_de_los_tayos3-570x491.jpg 570w, https:\/\/www.incatrek-ecuador.com\/blog\/wp-content\/uploads\/2020\/11\/expedition_neil_armstrong_1976_cueva_de_los_tayos3.jpg 600w\" sizes=\"(max-width: 300px) 100vw, 300px\" \/><\/a>\n\t\t\t<\/div>\n\t\t\t\t<figcaption class='wp-caption-text gallery-caption' id='gallery-3-961'>\n\t\t\t\tL&#8217;expedition britannique \u00e0 la Cueva de los Tayos, accompagn\u00e9e par Neil Armstrong, en 1976 (cr\u00e9dit photo: EL UNIVERSO)\n\t\t\t\t<\/figcaption><\/figure><figure class='gallery-item'>\n\t\t\t<div class='gallery-icon landscape'>\n\t\t\t\t<a href=\"https:\/\/www.incatrek-ecuador.com\/blog\/wp-content\/uploads\/2020\/11\/expedition_neil_armstrong_1976_cueva_de_los_tayos2.jpg\"><img loading=\"lazy\" decoding=\"async\" width=\"300\" height=\"227\" src=\"https:\/\/www.incatrek-ecuador.com\/blog\/wp-content\/uploads\/2020\/11\/expedition_neil_armstrong_1976_cueva_de_los_tayos2-300x227.jpg\" class=\"attachment-medium size-medium\" alt=\"L&#039;expedition britannique \u00e0 la Cueva de los Tayos, accompagn\u00e9e par Neil Armstrong, en 1976 (cr\u00e9dit photo: EL UNIVERSO)\" aria-describedby=\"gallery-3-962\" srcset=\"https:\/\/www.incatrek-ecuador.com\/blog\/wp-content\/uploads\/2020\/11\/expedition_neil_armstrong_1976_cueva_de_los_tayos2-300x227.jpg 300w, https:\/\/www.incatrek-ecuador.com\/blog\/wp-content\/uploads\/2020\/11\/expedition_neil_armstrong_1976_cueva_de_los_tayos2-370x279.jpg 370w, https:\/\/www.incatrek-ecuador.com\/blog\/wp-content\/uploads\/2020\/11\/expedition_neil_armstrong_1976_cueva_de_los_tayos2-570x430.jpg 570w, https:\/\/www.incatrek-ecuador.com\/blog\/wp-content\/uploads\/2020\/11\/expedition_neil_armstrong_1976_cueva_de_los_tayos2.jpg 600w\" sizes=\"(max-width: 300px) 100vw, 300px\" \/><\/a>\n\t\t\t<\/div>\n\t\t\t\t<figcaption class='wp-caption-text gallery-caption' id='gallery-3-962'>\n\t\t\t\tL&#8217;expedition britannique \u00e0 la Cueva de los Tayos, accompagn\u00e9e par Neil Armstrong, en 1976 (cr\u00e9dit photo: EL UNIVERSO)\n\t\t\t\t<\/figcaption><\/figure><figure class='gallery-item'>\n\t\t\t<div class='gallery-icon landscape'>\n\t\t\t\t<a href=\"https:\/\/www.incatrek-ecuador.com\/blog\/wp-content\/uploads\/2020\/11\/expedition_neil_armstrong_1976_cueva_de_los_tayos.jpg\"><img loading=\"lazy\" decoding=\"async\" width=\"300\" height=\"249\" src=\"https:\/\/www.incatrek-ecuador.com\/blog\/wp-content\/uploads\/2020\/11\/expedition_neil_armstrong_1976_cueva_de_los_tayos-300x249.jpg\" class=\"attachment-medium size-medium\" alt=\"L&#039;expedition britannique \u00e0 la Cueva de los Tayos, accompagn\u00e9e par Neil Armstrong, en 1976 (cr\u00e9dit photo: EL UNIVERSO)\" aria-describedby=\"gallery-3-963\" srcset=\"https:\/\/www.incatrek-ecuador.com\/blog\/wp-content\/uploads\/2020\/11\/expedition_neil_armstrong_1976_cueva_de_los_tayos-300x249.jpg 300w, https:\/\/www.incatrek-ecuador.com\/blog\/wp-content\/uploads\/2020\/11\/expedition_neil_armstrong_1976_cueva_de_los_tayos-370x307.jpg 370w, https:\/\/www.incatrek-ecuador.com\/blog\/wp-content\/uploads\/2020\/11\/expedition_neil_armstrong_1976_cueva_de_los_tayos.jpg 567w\" sizes=\"(max-width: 300px) 100vw, 300px\" \/><\/a>\n\t\t\t<\/div>\n\t\t\t\t<figcaption class='wp-caption-text gallery-caption' id='gallery-3-963'>\n\t\t\t\tL&#8217;expedition britannique \u00e0 la Cueva de los Tayos, accompagn\u00e9e par Neil Armstrong, en 1976 (cr\u00e9dit photo: EL UNIVERSO)\n\t\t\t\t<\/figcaption><\/figure><figure class='gallery-item'>\n\t\t\t<div class='gallery-icon landscape'>\n\t\t\t\t<a href=\"https:\/\/www.incatrek-ecuador.com\/blog\/wp-content\/uploads\/2020\/11\/expedition_neil_armstrong_1976_cueva_de_los_tayos4.jpg\"><img loading=\"lazy\" decoding=\"async\" width=\"300\" height=\"169\" src=\"https:\/\/www.incatrek-ecuador.com\/blog\/wp-content\/uploads\/2020\/11\/expedition_neil_armstrong_1976_cueva_de_los_tayos4-300x169.jpg\" class=\"attachment-medium size-medium\" alt=\"\" aria-describedby=\"gallery-3-964\" srcset=\"https:\/\/www.incatrek-ecuador.com\/blog\/wp-content\/uploads\/2020\/11\/expedition_neil_armstrong_1976_cueva_de_los_tayos4-300x169.jpg 300w, https:\/\/www.incatrek-ecuador.com\/blog\/wp-content\/uploads\/2020\/11\/expedition_neil_armstrong_1976_cueva_de_los_tayos4-768x432.jpg 768w, https:\/\/www.incatrek-ecuador.com\/blog\/wp-content\/uploads\/2020\/11\/expedition_neil_armstrong_1976_cueva_de_los_tayos4-370x208.jpg 370w, https:\/\/www.incatrek-ecuador.com\/blog\/wp-content\/uploads\/2020\/11\/expedition_neil_armstrong_1976_cueva_de_los_tayos4-570x321.jpg 570w, https:\/\/www.incatrek-ecuador.com\/blog\/wp-content\/uploads\/2020\/11\/expedition_neil_armstrong_1976_cueva_de_los_tayos4-770x433.jpg 770w, https:\/\/www.incatrek-ecuador.com\/blog\/wp-content\/uploads\/2020\/11\/expedition_neil_armstrong_1976_cueva_de_los_tayos4.jpg 800w\" sizes=\"(max-width: 300px) 100vw, 300px\" \/><\/a>\n\t\t\t<\/div>\n\t\t\t\t<figcaption class='wp-caption-text gallery-caption' id='gallery-3-964'>\n\t\t\t\tL&#8217;expedition britannique \u00e0 la Cueva de los Tayos, accompagn\u00e9e par Neil Armstrong, en 1976 (cr\u00e9dit photo: Tayos Gold Library)\n\t\t\t\t<\/figcaption><\/figure>\n\t\t<\/div>\n\n<p>Le hongrois fut d&#8217;ailleurs invit\u00e9 \u00e0 participer par le responsable de l&#8217;exp\u00e9dition, l&#8217;ing\u00e9nieur \u00e9cossais\u00a0Stanley Hall. Les deux parties ne purent s&#8217;accorder sur les conditions exig\u00e9es par Moricz, qui demandait notamment \u00e0 ce que toute d\u00e9couverte r\u00e9alis\u00e9e soit laiss\u00e9e in situ, ainsi qu&#8217;\u00e0 \u00eatre nomm\u00e9 seul et unique leader de l&#8217;exp\u00e9dition. Une grande personnalit\u00e9 rejoint cependant l&#8217;aventure sur une invitation de Hall, <strong>l&#8217;astronaute Neil Armstrong<\/strong>, qui participa \u00e0 l&#8217;exp\u00e9dition de 1976 avec le groupe.<\/p>\n<p>Ce dernier\u00a0fut interrog\u00e9 \u00e0 son retour \u00e0 Quito par la presse. On lui demanda notamment <strong>&#8220;Qu&#8217;est-ce qui fut le plus \u00e9mouvant pour vous? Explorer la lune ou la Cueva de los Tayos?<\/strong>&#8220;, ce \u00e0 qui il r\u00e9pondit<strong> &#8220;La comparaison est difficile, mais dans les deux cas, l&#8217;on sent que l&#8217;on se rend dans des zones encore inconnues, et l&#8217;on apprend de nouvelles de nouvelles choses. Sur ce plan, les exp\u00e9riences sont similaires&#8221;.\u00a0<\/strong><\/p>\n<p>Les sp\u00e9l\u00e9ologues qui composaient l&#8217;\u00e9quipe purent explorer les profondeurs de la grotte et la <strong>cartographier en partie<\/strong>. Bien que leur description de la structure de celle-ci corresponde aux r\u00e9cits de Von\u00a0D\u00e4niken, rien ne corrobora ses affirmations les plus exotiques, bien que certaines d\u00e9couvertes d&#8217;int\u00e9r\u00eat arch\u00e9ologique, zoologique et botanique aient \u00e9t\u00e9 r\u00e9alis\u00e9es.<\/p>\n<p>Un chercheur espagnol raconte d&#8217;ailleurs que les caisses extraites par l&#8217;exp\u00e9dition ne furent pas pr\u00e9sent\u00e9es aux shuars, ce qui provoqua un conflit entre les deux communaut\u00e9s, qui se r\u00e9gla selon ses dires par des coups de feu!<\/p>\n<h2>Myst\u00e8res et controverses<\/h2>\n<p>Malheureusement,\u00a0l&#8217;exp\u00e9dition britannique n&#8217;atteint jamais le site de la biblioth\u00e8que et des vestiges historiques, dont la rumeur dit qu&#8217;ils furent &#8220;vol\u00e9s&#8221; par un guide local durant la premi\u00e8re visite de Moricz \u00e0 l&#8217;int\u00e9rieur des caves, et le myst\u00e8re reste entier sur la v\u00e9racit\u00e9 de cette d\u00e9couverte. Ce dernier avait d&#8217;ailleurs anticiper cette situation, en d\u00e9clarant &#8220;<strong>&#8220;Je crois que les scientifiques de l&#8217;exp\u00e9dition, anglais comme \u00e9quatoriens, atteindront des conclusions int\u00e9ressantes, et avec un peu de chance, d\u00e9couvriront des pi\u00e8ces de valeur. Mais quant au principal, la biblioth\u00e8que m\u00e9tallique, je doute beaucoup qu&#8217;ils la trouvent&#8221;.\u00a0<\/strong>Moricz insista depuis lors sur l&#8217;existence, selon lui, d&#8217;une civilisation intra-terrestre sous les Andes, datant de l&#8217;\u00e9poque o\u00f9 les continents \u00e9taient encore reli\u00e9s., indiquant dans une interview &#8220;Il est possible de marcher \u00e0 travers toute l&#8217;Am\u00e9rique du Sud sous la terre&#8221; et que des tunnels connectaient\u00a0Cusco, le Machu Picchu, avec m\u00eame une sortie sur la mer.<\/p>\n<p>Cette version reste contredite par l&#8217;exp\u00e9dition britannique, qui conclut sur le fait que les tunnels ne s&#8217;\u00e9tendaient pas sur plus de 5 km, et que leur <strong>origine \u00e9tait purement g\u00e9ologique,<\/strong> et non arch\u00e9ologique .<\/p>\n<p>De nombreux sp\u00e9cialistes ont \u00e9galement d\u00e9menti la v\u00e9racit\u00e9 des suppos\u00e9s vestiges extraits de la Cueva de los Tayos, que l&#8217;on disait appartenir \u00e0 des civilisations datant 500 \u00e0 1500 ans av, JC, indiquant qu&#8217;il s&#8217;agissait de faux r\u00e9alis\u00e9s en \u00e9tain et laiton, ou de cuivre.<\/p>\n<p>Malgr\u00e9 tout, la Cueva de los Tayos reste une attraction touristique importante pour la r\u00e9gion, et le gouvernement local n&#8217;a de cesse de faire la promotion, et ce \u00e0 juste titre, sur son caract\u00e8re exceptionnel, magique et unique au monde.<\/p>\n<p>La derni\u00e8re exp\u00e9dition men\u00e9e par le gouvernement \u00e9quatorien fut r\u00e9alis\u00e9e en 2016, durant lequel fut enregistr\u00e9 par le cin\u00e9aste Miguel Garz\u00f3n, un <strong>documentaire intitul\u00e9<\/strong> <strong>Tayos<\/strong> sur l&#8217;exploration de la grotte. Garz\u00f3n indique n&#8217;avoir trouv\u00e9 aucune relique durant cette exp\u00e9dition, mais s&#8217;est confront\u00e9 \u00e0 certaines situations qu&#8217;il ne\u00a0put\u00a0s&#8217;expliquer avec ses connaissances. De nombreux autres documentaires sont trouvables sur Youtube, pour certains \u00e0 prendre avec des pincettes!<\/p>\n<div id='gallery-4' class='gallery galleryid-951 gallery-columns-4 gallery-size-medium'><figure class='gallery-item'>\n\t\t\t<div class='gallery-icon landscape'>\n\t\t\t\t<a href=\"https:\/\/www.incatrek-ecuador.com\/blog\/wp-content\/uploads\/2020\/11\/expedition_2016_cueva_de_los_tayos2.jpg\"><img loading=\"lazy\" decoding=\"async\" width=\"300\" height=\"169\" src=\"https:\/\/www.incatrek-ecuador.com\/blog\/wp-content\/uploads\/2020\/11\/expedition_2016_cueva_de_los_tayos2-300x169.jpg\" class=\"attachment-medium size-medium\" alt=\"Expedition du Minist\u00e8re du Tourisme \u00e9quatorien \u00e0 la Cueva de los Tayos - 2016 (cr\u00e9dit photo: Miguel Garz\u00f3n)\" aria-describedby=\"gallery-4-965\" srcset=\"https:\/\/www.incatrek-ecuador.com\/blog\/wp-content\/uploads\/2020\/11\/expedition_2016_cueva_de_los_tayos2-300x169.jpg 300w, https:\/\/www.incatrek-ecuador.com\/blog\/wp-content\/uploads\/2020\/11\/expedition_2016_cueva_de_los_tayos2-768x432.jpg 768w, https:\/\/www.incatrek-ecuador.com\/blog\/wp-content\/uploads\/2020\/11\/expedition_2016_cueva_de_los_tayos2-370x208.jpg 370w, https:\/\/www.incatrek-ecuador.com\/blog\/wp-content\/uploads\/2020\/11\/expedition_2016_cueva_de_los_tayos2-570x321.jpg 570w, https:\/\/www.incatrek-ecuador.com\/blog\/wp-content\/uploads\/2020\/11\/expedition_2016_cueva_de_los_tayos2-770x433.jpg 770w, https:\/\/www.incatrek-ecuador.com\/blog\/wp-content\/uploads\/2020\/11\/expedition_2016_cueva_de_los_tayos2.jpg 800w\" sizes=\"(max-width: 300px) 100vw, 300px\" \/><\/a>\n\t\t\t<\/div>\n\t\t\t\t<figcaption class='wp-caption-text gallery-caption' id='gallery-4-965'>\n\t\t\t\tExpedition du Minist\u00e8re du Tourisme \u00e9quatorien \u00e0 la Cueva de los Tayos &#8211; 2016 (cr\u00e9dit photo: Miguel Garz\u00f3n)\n\t\t\t\t<\/figcaption><\/figure><figure class='gallery-item'>\n\t\t\t<div class='gallery-icon landscape'>\n\t\t\t\t<a href=\"https:\/\/www.incatrek-ecuador.com\/blog\/wp-content\/uploads\/2020\/11\/expedition_2016_cueva_de_los_tayos5.jpg\"><img loading=\"lazy\" decoding=\"async\" width=\"300\" height=\"169\" src=\"https:\/\/www.incatrek-ecuador.com\/blog\/wp-content\/uploads\/2020\/11\/expedition_2016_cueva_de_los_tayos5-300x169.jpg\" class=\"attachment-medium size-medium\" alt=\"Expedition du Minist\u00e8re du Tourisme \u00e9quatorien \u00e0 la Cueva de los Tayos - 2016 (cr\u00e9dit photo: Miguel Garz\u00f3n)\" aria-describedby=\"gallery-4-966\" srcset=\"https:\/\/www.incatrek-ecuador.com\/blog\/wp-content\/uploads\/2020\/11\/expedition_2016_cueva_de_los_tayos5-300x169.jpg 300w, https:\/\/www.incatrek-ecuador.com\/blog\/wp-content\/uploads\/2020\/11\/expedition_2016_cueva_de_los_tayos5-768x432.jpg 768w, https:\/\/www.incatrek-ecuador.com\/blog\/wp-content\/uploads\/2020\/11\/expedition_2016_cueva_de_los_tayos5-370x208.jpg 370w, https:\/\/www.incatrek-ecuador.com\/blog\/wp-content\/uploads\/2020\/11\/expedition_2016_cueva_de_los_tayos5-570x321.jpg 570w, https:\/\/www.incatrek-ecuador.com\/blog\/wp-content\/uploads\/2020\/11\/expedition_2016_cueva_de_los_tayos5-770x433.jpg 770w, https:\/\/www.incatrek-ecuador.com\/blog\/wp-content\/uploads\/2020\/11\/expedition_2016_cueva_de_los_tayos5.jpg 800w\" sizes=\"(max-width: 300px) 100vw, 300px\" \/><\/a>\n\t\t\t<\/div>\n\t\t\t\t<figcaption class='wp-caption-text gallery-caption' id='gallery-4-966'>\n\t\t\t\tExpedition du Minist\u00e8re du Tourisme \u00e9quatorien \u00e0 la Cueva de los Tayos &#8211; 2016 (cr\u00e9dit photo: Miguel Garz\u00f3n)\n\t\t\t\t<\/figcaption><\/figure><figure class='gallery-item'>\n\t\t\t<div class='gallery-icon landscape'>\n\t\t\t\t<a href=\"https:\/\/www.incatrek-ecuador.com\/blog\/wp-content\/uploads\/2020\/11\/expedition_2016_cueva_de_los_tayos4.jpg\"><img loading=\"lazy\" decoding=\"async\" width=\"300\" height=\"169\" src=\"https:\/\/www.incatrek-ecuador.com\/blog\/wp-content\/uploads\/2020\/11\/expedition_2016_cueva_de_los_tayos4-300x169.jpg\" class=\"attachment-medium size-medium\" alt=\"Expedition du Minist\u00e8re du Tourisme \u00e9quatorien \u00e0 la Cueva de los Tayos - 2016 (cr\u00e9dit photo: Miguel Garz\u00f3n)\" aria-describedby=\"gallery-4-967\" srcset=\"https:\/\/www.incatrek-ecuador.com\/blog\/wp-content\/uploads\/2020\/11\/expedition_2016_cueva_de_los_tayos4-300x169.jpg 300w, https:\/\/www.incatrek-ecuador.com\/blog\/wp-content\/uploads\/2020\/11\/expedition_2016_cueva_de_los_tayos4-768x432.jpg 768w, https:\/\/www.incatrek-ecuador.com\/blog\/wp-content\/uploads\/2020\/11\/expedition_2016_cueva_de_los_tayos4-370x208.jpg 370w, https:\/\/www.incatrek-ecuador.com\/blog\/wp-content\/uploads\/2020\/11\/expedition_2016_cueva_de_los_tayos4-570x321.jpg 570w, https:\/\/www.incatrek-ecuador.com\/blog\/wp-content\/uploads\/2020\/11\/expedition_2016_cueva_de_los_tayos4-770x433.jpg 770w, https:\/\/www.incatrek-ecuador.com\/blog\/wp-content\/uploads\/2020\/11\/expedition_2016_cueva_de_los_tayos4.jpg 800w\" sizes=\"(max-width: 300px) 100vw, 300px\" \/><\/a>\n\t\t\t<\/div>\n\t\t\t\t<figcaption class='wp-caption-text gallery-caption' id='gallery-4-967'>\n\t\t\t\tExpedition du Minist\u00e8re du Tourisme \u00e9quatorien \u00e0 la Cueva de los Tayos &#8211; 2016 (cr\u00e9dit photo: Miguel Garz\u00f3n)\n\t\t\t\t<\/figcaption><\/figure><figure class='gallery-item'>\n\t\t\t<div class='gallery-icon landscape'>\n\t\t\t\t<a href=\"https:\/\/www.incatrek-ecuador.com\/blog\/wp-content\/uploads\/2020\/11\/expedition_2016_cueva_de_los_tayos3.jpg\"><img loading=\"lazy\" decoding=\"async\" width=\"300\" height=\"169\" src=\"https:\/\/www.incatrek-ecuador.com\/blog\/wp-content\/uploads\/2020\/11\/expedition_2016_cueva_de_los_tayos3-300x169.jpg\" class=\"attachment-medium size-medium\" alt=\"Expedition du Minist\u00e8re du Tourisme \u00e9quatorien \u00e0 la Cueva de los Tayos - 2016 (cr\u00e9dit photo: Miguel Garz\u00f3n)\" aria-describedby=\"gallery-4-968\" srcset=\"https:\/\/www.incatrek-ecuador.com\/blog\/wp-content\/uploads\/2020\/11\/expedition_2016_cueva_de_los_tayos3-300x169.jpg 300w, https:\/\/www.incatrek-ecuador.com\/blog\/wp-content\/uploads\/2020\/11\/expedition_2016_cueva_de_los_tayos3-768x432.jpg 768w, https:\/\/www.incatrek-ecuador.com\/blog\/wp-content\/uploads\/2020\/11\/expedition_2016_cueva_de_los_tayos3-370x208.jpg 370w, https:\/\/www.incatrek-ecuador.com\/blog\/wp-content\/uploads\/2020\/11\/expedition_2016_cueva_de_los_tayos3-570x321.jpg 570w, https:\/\/www.incatrek-ecuador.com\/blog\/wp-content\/uploads\/2020\/11\/expedition_2016_cueva_de_los_tayos3-770x433.jpg 770w, https:\/\/www.incatrek-ecuador.com\/blog\/wp-content\/uploads\/2020\/11\/expedition_2016_cueva_de_los_tayos3.jpg 800w\" sizes=\"(max-width: 300px) 100vw, 300px\" \/><\/a>\n\t\t\t<\/div>\n\t\t\t\t<figcaption class='wp-caption-text gallery-caption' id='gallery-4-968'>\n\t\t\t\tExpedition du Minist\u00e8re du Tourisme \u00e9quatorien \u00e0 la Cueva de los Tayos &#8211; 2016 (cr\u00e9dit photo: Miguel Garz\u00f3n)\n\t\t\t\t<\/figcaption><\/figure>\n\t\t<\/div>\n\n<div class=\"ast-oembed-container \" style=\"height: 100%;\"><iframe title=\"Trailer Cueva de los Tayos\" width=\"500\" height=\"281\" src=\"https:\/\/www.youtube.com\/embed\/vcOWeSVWPIw?feature=oembed\" frameborder=\"0\" allow=\"accelerometer; autoplay; clipboard-write; encrypted-media; gyroscope; picture-in-picture; web-share\" referrerpolicy=\"strict-origin-when-cross-origin\" allowfullscreen><\/iframe><\/div>\n<h2>L&#8217;histoire de l&#8217;occupation de la Cueva de los Tayos<\/h2>\n<p>L&#8217;on sait \u00e0 ce jour que les plus anciennes traces d&#8217;habitat dans la Cueva de los Tayos datent de la p\u00e9riode du <strong>Pal\u00e9olithique sup\u00e9rieur (de 48 000 \u00e0 12 000 av. J.-C.)\u00a0<\/strong>et que la grotte assurait une protection \u00e0 la fin de la p\u00e9riode de glaciation. C&#8217;est aux alentours de \u00a0<strong>9000 av. J.-C que l&#8217;on estime que la civilisation quitte la grotte<\/strong>\u00a0en profitant du meilleur climat de la Terre et se d\u00e9place vers\u00a0le P\u00e9rou et\u00a0au nord du Chili.<\/p>\n<p>Durant la <strong>p\u00e9riode\u00a0du N\u00e9olithique<\/strong>, la grotte aurait \u00e9t\u00e9 habit\u00e9e\u00a0aux alentours de\u00a0<strong>3000 av. JC<\/strong> par une civilisation qui pr\u00e9c\u00e9da les indig\u00e8nes shuars,\u00a0et utilisait d\u00e9j\u00e0 des objets faits en c\u00e9ramique, que l&#8217;on peut retrouver \u00e0 <strong>l&#8217;Universit\u00e9 de Munich, <\/strong>\u00e0 l&#8217;initiative d&#8217;une datation au radiocarbone de ces vestiges.\u00a0C&#8217;est aux environs de <strong>1500\u00a0av.\u00a0JC <\/strong>que<b> <\/b>les premiers indig\u00e8nes Shuar s&#8217;installent dans la r\u00e9gion et se m\u00e9langent aux indig\u00e8nes qui peuplaient\u00a0alors\u00a0la grotte. Les Shuar consid\u00e8rent qu&#8217;y reposent les esprits de leurs anc\u00eatres et le\u00a0Dieu appel\u00e9 <strong>Nankupa<\/strong><\/p>\n<p>Certaines pi\u00e8ces arch\u00e9ologiques se trouvent encore \u00e0 l&#8217;<strong>Universit\u00e9 catholique de Quito<\/strong>, ainsi qu&#8217;une coquille suppos\u00e9e de <strong>spondyle<\/strong>, que l&#8217;on sait de grandes valeurs pour les cultures primitive d&#8217;\u00c9quateur.<\/p>\n<p>Laissant planer le myst\u00e8re sur l&#8217;origine de la groette, l&#8217;architecte et historien <strong>Melvin Hoyos<\/strong>, ex-directeur de la culture et du d\u00e9veloppement de la municipalit\u00e9 de Guayaquil, d\u00e9clara au sujet de la grotte:<\/p>\n<p><em>&#8220;Pour commencer, je pense que la grotte des Tayos n&#8217;est pas une grotte, mais une \u0153uvre de la main de l&#8217;homme, il n&#8217;y a rien dans la nature qui puisse ressembler \u00e0 la grotte des Tayos. Il a le plafond compl\u00e8tement coup\u00e9 \u00e0 plat avec un angle de 90 degr\u00e9s par rapport au mur. Il est tr\u00e8s similaire \u00e0 d&#8217;autres tunnels de caract\u00e9ristiques et d&#8217;\u00e2ge similaires dans d&#8217;autres parties du monde, ce qui nous am\u00e8ne \u00e0 penser qu&#8217;avant la glaciation du Wisconsin, il y avait un r\u00e9seau de tunnels sur la plan\u00e8te, mais pour l&#8217;accepter, nous devons accepter l&#8217;existence &#8211; avant la Glaciation &#8211; d&#8217;une civilisation tr\u00e8s d\u00e9velopp\u00e9e. &#8220;<\/em><\/p>\n<p><strong>Sources:<\/strong><\/p>\n<p>El Universo:\u00a0<a href=\"https:\/\/www.eluniverso.com\/noticias\/2019\/07\/21\/nota\/7434213\/cuevas-tayos-50-anos-controversias-misterios\" target=\"_blank\" rel=\"noopener\">https:\/\/www.eluniverso.com\/noticias\/2019\/07\/21\/nota\/7434213\/cuevas-tayos-50-anos-controversias-misterios\u00a0<\/a><\/p>\n<p>El Diario:<a href=\"https:\/\/www.eldiario.ec\/noticias-manabi-ecuador\/463603-hablan-sobre-la-cueva-de-los-tayos\/\" target=\"_blank\" rel=\"noopener\">\u00a0https:\/\/www.eldiario.ec\/noticias-manabi-ecuador\/463603-hablan-sobre-la-cueva-de-los-tayos\/<\/a><\/p>\n<p>Suchipakari:<\/p>\n<p>Minist\u00e8re du Tourisme \u00e9quatorien:\u00a0<a href=\"https:\/\/www.turismo.gob.ec\/descubre-las-entranas-de-la-tierra-ingresando-a-la-cueva-de-los-tayos\/\" target=\"_blank\" rel=\"noopener\">https:\/\/www.turismo.gob.ec\/descubre-las-entranas-de-la-tierra-ingresando-a-la-cueva-de-los-tayos\/<\/a><\/p>\n<p>BBC:\u00a0<a href=\"https:\/\/www.bbc.com\/mundo\/noticias-42104844#:~:text=BBC%20Extra-,La%20Cueva%20de%20los%20Tayos%2C%20la%20legendaria%20y%20misteriosa%20formaci%C3%B3n,fascinaci%C3%B3n%20del%20astronauta%20Neil%20Armstrong&amp;text=Luego%20de%20pisar%20la%20Luna,las%20profundidades%20de%20la%20Tierra.\" target=\"_blank\" rel=\"noopener\">https:\/\/www.bbc.com\/mundo\/noticias-42104844#:~:text=BBC%20Extra-,La%20Cueva%20de%20los%20Tayos%2C%20la%20legendaria%20y%20misteriosa%20formaci%C3%B3n,fascinaci%C3%B3n%20del%20astronauta%20Neil%20Armstrong&amp;text=Luego%20de%20pisar%20la%20Luna,las%20profundidades%20de%20la%20Tierra.<\/a><\/p>\n<p>Wikipedia:\u00a0<a href=\"https:\/\/fr.wikipedia.org\/wiki\/Cueva_de_los_Tayos\" target=\"_blank\" rel=\"noopener\">https:\/\/fr.wikipedia.org\/wiki\/Cueva_de_los_Tayos<\/a><\/p>\n<p>Vepaya:\u00a0<a href=\"http:\/\/www.vepaya.com\/ecuador\/puyo\/atractivos\/lostayoscueva\" target=\"_blank\" rel=\"noopener\">http:\/\/www.vepaya.com\/ecuador\/puyo\/atractivos\/lostayoscueva<\/a><\/p>\n","protected":false},"excerpt":{"rendered":"<p>L&#8217;histoire de la Cueva de los Tayos Si l&#8217;\u00c9quateur regorge de lieux myst\u00e9rieux et charg\u00e9s d&#8217;histoire, il est un endroit [&hellip;]<\/p>\n","protected":false},"author":8,"featured_media":984,"comment_status":"open","ping_status":"open","sticky":true,"template":"","format":"standard","meta":{"_eb_attr":"","_exactmetrics_skip_tracking":false,"_exactmetrics_sitenote_active":false,"_exactmetrics_sitenote_note":"","_exactmetrics_sitenote_category":0,"_monsterinsights_skip_tracking":false,"_monsterinsights_sitenote_active":false,"_monsterinsights_sitenote_note":"","_monsterinsights_sitenote_category":0,"site-sidebar-layout":"default","site-content-layout":"","ast-site-content-layout":"","site-content-style":"default","site-sidebar-style":"default","ast-global-header-display":"","ast-banner-title-visibility":"","ast-main-header-display":"","ast-hfb-above-header-display":"","ast-hfb-below-header-display":"","ast-hfb-mobile-header-display":"","site-post-title":"","ast-breadcrumbs-content":"","ast-featured-img":"","footer-sml-layout":"","theme-transparent-header-meta":"","adv-header-id-meta":"","stick-header-meta":"","header-above-stick-meta":"","header-main-stick-meta":"","header-below-stick-meta":"","astra-migrate-meta-layouts":"default","ast-page-background-enabled":"default","ast-page-background-meta":{"desktop":{"background-color":"var(--ast-global-color-4)","background-image":"","background-repeat":"repeat","background-position":"center center","background-size":"auto","background-attachment":"scroll","background-type":"","background-media":"","overlay-type":"","overlay-color":"","overlay-opacity":"","overlay-gradient":""},"tablet":{"background-color":"","background-image":"","background-repeat":"repeat","background-position":"center center","background-size":"auto","background-attachment":"scroll","background-type":"","background-media":"","overlay-type":"","overlay-color":"","overlay-opacity":"","overlay-gradient":""},"mobile":{"background-color":"","background-image":"","background-repeat":"repeat","background-position":"center center","background-size":"auto","background-attachment":"scroll","background-type":"","background-media":"","overlay-type":"","overlay-color":"","overlay-opacity":"","overlay-gradient":""}},"ast-content-background-meta":{"desktop":{"background-color":"var(--ast-global-color-5)","background-image":"","background-repeat":"repeat","background-position":"center center","background-size":"auto","background-attachment":"scroll","background-type":"","background-media":"","overlay-type":"","overlay-color":"","overlay-opacity":"","overlay-gradient":""},"tablet":{"background-color":"var(--ast-global-color-5)","background-image":"","background-repeat":"repeat","background-position":"center center","background-size":"auto","background-attachment":"scroll","background-type":"","background-media":"","overlay-type":"","overlay-color":"","overlay-opacity":"","overlay-gradient":""},"mobile":{"background-color":"var(--ast-global-color-5)","background-image":"","background-repeat":"repeat","background-position":"center center","background-size":"auto","background-attachment":"scroll","background-type":"","background-media":"","overlay-type":"","overlay-color":"","overlay-opacity":"","overlay-gradient":""}},"_joinchat":[],"footnotes":""},"categories":[6,57,54,53,55,72],"tags":[],"class_list":["post-951","post","type-post","status-publish","format-standard","has-post-thumbnail","hentry","category-nos-decouvertes","category-amazonie","category-amerique-du-sud","category-destination","category-equateur","category-morona-santiago-amazonie"],"_links":{"self":[{"href":"https:\/\/www.incatrek-ecuador.com\/blog\/wp-json\/wp\/v2\/posts\/951","targetHints":{"allow":["GET"]}}],"collection":[{"href":"https:\/\/www.incatrek-ecuador.com\/blog\/wp-json\/wp\/v2\/posts"}],"about":[{"href":"https:\/\/www.incatrek-ecuador.com\/blog\/wp-json\/wp\/v2\/types\/post"}],"author":[{"embeddable":true,"href":"https:\/\/www.incatrek-ecuador.com\/blog\/wp-json\/wp\/v2\/users\/8"}],"replies":[{"embeddable":true,"href":"https:\/\/www.incatrek-ecuador.com\/blog\/wp-json\/wp\/v2\/comments?post=951"}],"version-history":[{"count":0,"href":"https:\/\/www.incatrek-ecuador.com\/blog\/wp-json\/wp\/v2\/posts\/951\/revisions"}],"wp:featuredmedia":[{"embeddable":true,"href":"https:\/\/www.incatrek-ecuador.com\/blog\/wp-json\/wp\/v2\/media\/984"}],"wp:attachment":[{"href":"https:\/\/www.incatrek-ecuador.com\/blog\/wp-json\/wp\/v2\/media?parent=951"}],"wp:term":[{"taxonomy":"category","embeddable":true,"href":"https:\/\/www.incatrek-ecuador.com\/blog\/wp-json\/wp\/v2\/categories?post=951"},{"taxonomy":"post_tag","embeddable":true,"href":"https:\/\/www.incatrek-ecuador.com\/blog\/wp-json\/wp\/v2\/tags?post=951"}],"curies":[{"name":"wp","href":"https:\/\/api.w.org\/{rel}","templated":true}]}}